{"id":42258,"date":"2011-11-10T16:18:38","date_gmt":"2011-11-10T14:18:38","guid":{"rendered":"http:\/\/www.korhanyilmaz.com\/?p=42258"},"modified":"2011-11-10T21:37:03","modified_gmt":"2011-11-10T19:37:03","slug":"kamer-genci-firlatti","status":"publish","type":"post","link":"http:\/\/www.korhanyilmaz.com\/?p=42258","title":{"rendered":"Kamer Gen\u00e7&#8217;i f\u0131rlatt\u0131"},"content":{"rendered":"<p>&nbsp;<\/p>\n<p style=\"text-align: center;\"><a href=\"http:\/\/www.korhanyilmaz.com\/wp-content\/uploads\/2011\/11\/7046.jpg\"  class=\"lightview\"><img loading=\"lazy\" decoding=\"async\" class=\"aligncenter  wp-image-42259\" src=\"http:\/\/www.korhanyilmaz.com\/wp-content\/uploads\/2011\/11\/7046.jpg\" alt=\"\" width=\"408\" height=\"272\" \/><\/a><\/p>\n<p style=\"text-align: justify;\">Meclis \u0130dare Amiri Salim Uslu&#8217;nun, CHP Tunceli Milletvekili Kamer Gen\u00e7&#8217;i itmesi \u00fczerine gerginlik ya\u015fand\u0131.<\/p>\n<p style=\"text-align: justify;\">TBMM &#8211; TBMM Genel Kurulunda, Meclis \u0130dare Amiri Salim Uslu&#8217;nun, TBMM Ba\u015fkanvekili Sad\u0131k Yakut&#8217;un uyar\u0131s\u0131na ra\u011fmen k\u00fcrs\u00fcy\u00fc terk etmeyen CHP Tunceli Milletvekili Kamer Gen\u00e7&#8217;i itmesi \u00fczerine gerginlik ya\u015fand\u0131. Genel Kurulda, CHP&#8217;li Gen\u00e7, Dan\u0131\u015fma Kurulu \u00f6nerisi okunduktan sonra, \u00f6nerinin aleyhine s\u00f6z ald\u0131. Elinde fener ile k\u00fcrs\u00fcye gelen Gen\u00e7, Ba\u015fkanvekili Yakut&#8217;un uyar\u0131s\u0131 \u00fczerine, feneri kavasa verdi.\u00a0<!--more--><\/p>\n<p style=\"text-align: justify;\">Yakut, &#8221;Buras\u0131 TBMM. K\u00fcrs\u00fcye \u00e7\u0131kan her milletvekili dikkatli olmal\u0131&#8221; dedi. Gen\u00e7&#8217;in, &#8221;Sizin oturdu\u011funuz k\u00fcrs\u00fcde ben 7 sene oturdum. Ne yap\u0131lmas\u0131 gerekti\u011fini biliyorum&#8221; demesi \u00fczerine Yakut, &#8221;Yedi sene oturmu\u015fsunuz ama \u00f6\u011frenememi\u015fsiniz. \u0130sterseniz bir 7 sene daha oturun&#8221; kar\u015f\u0131l\u0131\u011f\u0131n\u0131 verdi.<\/p>\n<p style=\"text-align: justify;\">Konu\u015fmas\u0131nda T\u00fcrkiye&#8217;de yolsuzluk olurken Meclisin bu konuda hi\u00e7bir \u015fey yapmad\u0131\u011f\u0131n\u0131 savunan Gen\u00e7, &#8221;H\u00fck\u00fcmet memleketin \u00fczerinde kara bir tablo estirdi&#8221; dedi. Gen\u00e7, konu\u015fmas\u0131na devam ederken, Yakut, Gen\u00e7&#8217;i, s\u00f6z ald\u0131\u011f\u0131 konuya ili\u015fkin konu\u015fma yapmas\u0131 y\u00f6n\u00fcnde iki kez uyard\u0131. Gen\u00e7&#8217;in konu\u015fmas\u0131n\u0131 s\u00fcrd\u00fcrmesi \u00fczerine Yakut, mikrofonu kapatarak \u0130\u00e7t\u00fcz\u00fc\u011fe g\u00f6re &#8221;hatibi konu\u015fmaktan men etme&#8221; karar\u0131n\u0131 oylamaya sundu. Oy \u00e7o\u011funlu\u011fu sa\u011flanmas\u0131 \u00fczerine Yakut, Gen\u00e7&#8217;i yerine ge\u00e7mesi i\u00e7in uyard\u0131. Gen\u00e7&#8217;in k\u00fcrs\u00fcy\u00fc terk etmemesi \u00fczerine Yakut, idare amirlerini g\u00f6reve \u00e7a\u011f\u0131rd\u0131.<\/p>\n<p style=\"text-align: justify;\">Bunun \u00fczerine Gen\u00e7&#8217;in yan\u0131na gelen TBMM \u0130dare Amiri Salim Uslu, Gen\u00e7&#8217;i yerine ge\u00e7mesi i\u00e7in uyard\u0131. Uslu daha sonra Gen\u00e7&#8217;i iterek k\u00fcrs\u00fcden uzakla\u015ft\u0131rmaya \u00e7al\u0131\u015ft\u0131. Gen\u00e7, bu s\u0131rada stenograflar\u0131n oturdu\u011fu b\u00f6l\u00fcme \u00e7arpt\u0131. Bu arada araya giren baz\u0131 AK Parti ve CHP&#8217;li milletvekilleri aras\u0131nda da tart\u0131\u015fma \u00e7\u0131kt\u0131. Bunun \u00fczerine Yakut, birle\u015fime ara verdi. Tart\u0131\u015fma verilen arada da bir s\u00fcre devam etti.<\/p>\n\n\t\t\t\t\t\t\t<style type='text\/css'>\n\t\t\t\t\t\t\t\t#gallery-1 {\n\t\t\t\t\t\t\t\t\tmargin: auto;\n\t\t\t\t\t\t\t\t}\n\t\t\t\t\t\t\t\t#gallery-1 .gallery-item {\n\t\t\t\t\t\t\t\t\tfloat: left;\n\t\t\t\t\t\t\t\t\tmargin-top: 10px;\n\t\t\t\t\t\t\t\t\ttext-align: center;\n\t\t\t\t\t\t\t\t\twidth: 33%;\t\t\t}\n\t\t\t\t\t\t\t\t#gallery-1 img {\n\t\t\t\t\t\t\t\t\tborder: 2px solid #cfcfcf;\n\t\t\t\t\t\t\t\t}\n\t\t\t\t\t\t\t\t#gallery-1 .gallery-caption {\n\t\t\t\t\t\t\t\t\tmargin-left: 0;\n\t\t\t\t\t\t\t\t}\n\t\t\t\t\t\t\t<\/style>\n\t\t\t\t\t\t\t<!-- z-Lightview gallery shortcode, see http:\/\/www.zaikos.com\/wp-plugins\/z-lightview\/ -->\n\t\t\t\t\t\t\t<div id='gallery-1' class='gallery galleryid-42258'><dl class='gallery-item'>\n\t\t\t\t\t<dt class='gallery-icon'>\n\t\t\t\t\t\t<a href='http:\/\/www.korhanyilmaz.com\/wp-content\/uploads\/2011\/11\/7046.jpg'>7046<\/a>\n\t\t\t\t\t<\/dt><\/dl><dl class='gallery-item'>\n\t\t\t\t\t<dt class='gallery-icon'>\n\t\t\t\t\t\t<a href='http:\/\/www.korhanyilmaz.com\/wp-content\/uploads\/2011\/11\/7047.jpg'>7047<\/a>\n\t\t\t\t\t<\/dt><\/dl>\n\t\t\t\t\t<br style='clear: both;' \/>\n\t\t\t\t<\/div>\n\n<p style=\"text-align: justify;\"><a href=\"http:\/\/www.gazeteport.com.tr\/haber\/62243\/kamer_genci_firlatti\" target=\"_blank\">Kaynak : GAZETEPORT<\/a><\/p>\n","protected":false},"excerpt":{"rendered":"<p>&nbsp;<\/p>\n<p style=\"text-align: center;\">\n<p style=\"text-align: justify;\">Meclis \u0130dare Amiri Salim Uslu&#8217;nun, CHP Tunceli Milletvekili Kamer Gen\u00e7&#8217;i itmesi \u00fczerine gerginlik ya\u015fand\u0131.<\/p>\n<p style=\"text-align: justify;\">TBMM &#8211; TBMM Genel Kurulunda, Meclis \u0130dare Amiri Salim Uslu&#8217;nun, TBMM Ba\u015fkanvekili Sad\u0131k Yakut&#8217;un uyar\u0131s\u0131na ra\u011fmen k\u00fcrs\u00fcy\u00fc terk etmeyen CHP Tunceli Milletvekili Kamer Gen\u00e7&#8217;i itmesi \u00fczerine gerginlik ya\u015fand\u0131. Genel Kurulda, CHP&#8217;li Gen\u00e7, Dan\u0131\u015fma <\/p>\n","protected":false},"author":1,"featured_media":0,"comment_status":"open","ping_status":"open","sticky":false,"template":"","format":"standard","meta":{"footnotes":""},"categories":[105],"tags":[],"class_list":["post-42258","post","type-post","status-publish","format-standard","hentry","category-gundem","odd"],"_links":{"self":[{"href":"http:\/\/www.korhanyilmaz.com\/index.php?rest_route=\/wp\/v2\/posts\/42258","targetHints":{"allow":["GET"]}}],"collection":[{"href":"http:\/\/www.korhanyilmaz.com\/index.php?rest_route=\/wp\/v2\/posts"}],"about":[{"href":"http:\/\/www.korhanyilmaz.com\/index.php?rest_route=\/wp\/v2\/types\/post"}],"author":[{"embeddable":true,"href":"http:\/\/www.korhanyilmaz.com\/index.php?rest_route=\/wp\/v2\/users\/1"}],"replies":[{"embeddable":true,"href":"http:\/\/www.korhanyilmaz.com\/index.php?rest_route=%2Fwp%2Fv2%2Fcomments&post=42258"}],"version-history":[{"count":0,"href":"http:\/\/www.korhanyilmaz.com\/index.php?rest_route=\/wp\/v2\/posts\/42258\/revisions"}],"wp:attachment":[{"href":"http:\/\/www.korhanyilmaz.com\/index.php?rest_route=%2Fwp%2Fv2%2Fmedia&parent=42258"}],"wp:term":[{"taxonomy":"category","embeddable":true,"href":"http:\/\/www.korhanyilmaz.com\/index.php?rest_route=%2Fwp%2Fv2%2Fcategories&post=42258"},{"taxonomy":"post_tag","embeddable":true,"href":"http:\/\/www.korhanyilmaz.com\/index.php?rest_route=%2Fwp%2Fv2%2Ftags&post=42258"}],"curies":[{"name":"wp","href":"https:\/\/api.w.org\/{rel}","templated":true}]}}