{"id":42254,"date":"2011-11-10T20:23:17","date_gmt":"2011-11-10T18:23:17","guid":{"rendered":"http:\/\/www.korhanyilmaz.com\/?p=42254"},"modified":"2011-11-10T21:27:55","modified_gmt":"2011-11-10T19:27:55","slug":"adalet-bakanligi-sahte-belgeleri-aciklayin-inceleyelim","status":"publish","type":"post","link":"http:\/\/www.korhanyilmaz.com\/?p=42254","title":{"rendered":"Adalet Bakanl\u0131\u011f\u0131: Sahte belgeleri a\u00e7\u0131klay\u0131n inceleyelim"},"content":{"rendered":"<p style=\"text-align: center;\"><a href=\"http:\/\/www.korhanyilmaz.com\/wp-content\/uploads\/2011\/11\/7045.jpg\"  class=\"lightview\"><img loading=\"lazy\" decoding=\"async\" class=\"aligncenter  wp-image-42255\" src=\"http:\/\/www.korhanyilmaz.com\/wp-content\/uploads\/2011\/11\/7045.jpg\" alt=\"\" width=\"219\" height=\"212\" \/><\/a><\/p>\n<p style=\"text-align: justify;\">Adalet Bakanl\u0131\u011f\u0131, CHP Genel Ba\u015fkan\u0131 Kemal K\u0131l\u0131\u00e7daro\u011flu&#8217;nun, &#8220;Mehmet Haberal A\u0130HM&#8217;deki davaya g\u00f6nderilen belgelerin sahte oldu\u011funu s\u00f6yledi&#8221; y\u00f6n\u00fcndeki a\u00e7\u0131klamas\u0131 konusunda &#8221; Bu kadar \u00f6nemli bir iddian\u0131n mesnetleriyle birlikte dile getirilmesi gerekirken, bu konuda hi\u00e7 bir a\u00e7\u0131klama yap\u0131lmam\u0131\u015ft\u0131r! A\u00e7\u0131kland\u0131\u011f\u0131 takdirde gerekli incelemeler yap\u0131lacakt\u0131r&#8221; diye tepki g\u00f6sterdi.<!--more--><\/p>\n<p style=\"text-align: justify;\">Ankara- Adalet Bakanl\u0131\u011f\u0131, CHP Genel Ba\u015fkan\u0131 Kemal K\u0131l\u0131\u00e7daro\u011flu&#8217;nun, &#8220;Mehmet Haberal A\u0130HM&#8217;deki davaya g\u00f6nderilen belgelerin sahte oldu\u011funu s\u00f6yledi&#8221; y\u00f6n\u00fcndeki a\u00e7\u0131klamas\u0131 konusunda &#8220;Bu kadar \u00f6nemli bir iddian\u0131n mesnetleriyle birlikte dile getirilmesi gerekirken, bu konuda hi\u00e7 bir a\u00e7\u0131klama yap\u0131lmam\u0131\u015ft\u0131r! Hangi bilgi ve belgelerin &#8216;sahte&#8217; oldu\u011funun belirtilmesi halinde iddia ile ilgili gerekli incelemeler yap\u0131lacakt\u0131r&#8221; diye tepki g\u00f6sterdi.<\/p>\n<p style=\"text-align: justify;\">Adalet Bakanl\u0131\u011f\u0131 Bas\u0131n ve Halkla \u0130li\u015fkiler M\u00fc\u015favirli\u011fi&#8217;nden yap\u0131lan a\u00e7\u0131klamada, CHP Genel Ba\u015fkan\u0131 Kemal K\u0131l\u0131\u00e7daro\u011flu&#8217;nun 9 Kas\u0131m 2011 g\u00fcn\u00fc Silivri Cezaevini ziyareti s\u0131ras\u0131nda, &#8220;A\u0130HM&#8217;ne sahte rapor g\u00f6nderilmesi&#8221; ne ili\u015fkin ifadelerine yer verildi\u011fi hat\u0131rlat\u0131ld\u0131. Adalet Bakanl\u0131\u011f\u0131, benzer davalara yap\u0131lan savunma prosed\u00fcr\u00fcn\u00fc \u015f\u00f6yle anlatt\u0131:<\/p>\n<p style=\"text-align: justify;\">&#8220;A\u0130HM nezdinde yap\u0131lan savunmalar; D\u0131\u015fi\u015fleri Bakanl\u0131\u011f\u0131&#8217;n\u0131n koordinasyonunda, ilgili Bakanl\u0131k ve kurumlar\u0131n haz\u0131rlad\u0131\u011f\u0131 bilgi ve belgeler \u00fczerinden yap\u0131lmaktad\u0131r. D\u0131\u015fi\u015fleri Bakanl\u0131\u011f\u0131 H\u00fck\u00fcmet savunmas\u0131n\u0131 haz\u0131rlamadan \u00f6nce Adalet Bakanl\u0131\u011f\u0131 ve ba\u011fl\u0131 birimler ile Sa\u011fl\u0131k Bakanl\u0131\u011f\u0131 ve ba\u011fl\u0131 birimlerden bilgi, belge ve g\u00f6r\u00fc\u015f istemi\u015ftir Bakanl\u0131\u011f\u0131m\u0131z; Ceza ve Tevkifevleri Genel M\u00fcd\u00fcrl\u00fc\u011f\u00fc, Adli T\u0131p Kurumu Ba\u015fkanl\u0131\u011f\u0131, HSYK ve Bakanl\u0131k Tefti\u015f Kurulu Ba\u015fkanl\u0131\u011f\u0131ndan elde edilen bilgi ve belgeler ile g\u00f6r\u00fc\u015f yaz\u0131s\u0131n\u0131 D\u0131\u015fi\u015fleri Bakanl\u0131\u011f\u0131na g\u00f6ndermi\u015f, D\u0131\u015fi\u015fleri Bakanl\u0131\u011f\u0131 do\u011frudan Sa\u011fl\u0131k Bakanl\u0131\u011f\u0131 ve ilgili birimlerden ald\u0131\u011f\u0131 g\u00f6r\u00fc\u015fler ile Bakanl\u0131\u011f\u0131m\u0131z\u0131n g\u00f6r\u00fc\u015flerinden yararlanarak \u00fclke savunmas\u0131n\u0131n son halini haz\u0131rlayarak AH\u0130M&#8217;e sunmu\u015ftur.&#8221;<\/p>\n<p style=\"text-align: justify;\">Adalet Bakanl\u0131\u011f\u0131 ayr\u0131ca bu kadar \u00f6nemli bir iddian\u0131n mesnetleriyle birlikte dile getirmesi gerekti\u011fini belirtirken, &#8220;Bu konuda hi\u00e7 bir a\u00e7\u0131klama yap\u0131lmam\u0131\u015ft\u0131r! Hangi bilgi ve belgelerin &#8216;sahte&#8217; oldu\u011funun belirtilmesi halinde iddia ile ilgili gerekli incelemeler yap\u0131lacakt\u0131r&#8221; \u00e7a\u011fr\u0131s\u0131nda bulundu.<\/p>\n<p style=\"text-align: justify;\"><a href=\"http:\/\/www.cumhuriyet.com.tr\/?hn=292044\" target=\"_blank\">Kaynak : Cumhuriyet Haber Portal\u0131<\/a><\/p>\n","protected":false},"excerpt":{"rendered":"<p style=\"text-align: center;\">\n<p style=\"text-align: justify;\">Adalet Bakanl\u0131\u011f\u0131, CHP Genel Ba\u015fkan\u0131 Kemal K\u0131l\u0131\u00e7daro\u011flu&#8217;nun, &#8220;Mehmet Haberal A\u0130HM&#8217;deki davaya g\u00f6nderilen belgelerin sahte oldu\u011funu s\u00f6yledi&#8221; y\u00f6n\u00fcndeki a\u00e7\u0131klamas\u0131 konusunda &#8221; Bu kadar \u00f6nemli bir iddian\u0131n mesnetleriyle birlikte dile getirilmesi gerekirken, bu konuda hi\u00e7 bir a\u00e7\u0131klama yap\u0131lmam\u0131\u015ft\u0131r! A\u00e7\u0131kland\u0131\u011f\u0131 takdirde gerekli incelemeler yap\u0131lacakt\u0131r&#8221; diye tepki g\u00f6sterdi.<\/p>\n","protected":false},"author":1,"featured_media":0,"comment_status":"open","ping_status":"open","sticky":false,"template":"","format":"standard","meta":{"footnotes":""},"categories":[105],"tags":[],"class_list":["post-42254","post","type-post","status-publish","format-standard","hentry","category-gundem","odd"],"_links":{"self":[{"href":"http:\/\/www.korhanyilmaz.com\/index.php?rest_route=\/wp\/v2\/posts\/42254","targetHints":{"allow":["GET"]}}],"collection":[{"href":"http:\/\/www.korhanyilmaz.com\/index.php?rest_route=\/wp\/v2\/posts"}],"about":[{"href":"http:\/\/www.korhanyilmaz.com\/index.php?rest_route=\/wp\/v2\/types\/post"}],"author":[{"embeddable":true,"href":"http:\/\/www.korhanyilmaz.com\/index.php?rest_route=\/wp\/v2\/users\/1"}],"replies":[{"embeddable":true,"href":"http:\/\/www.korhanyilmaz.com\/index.php?rest_route=%2Fwp%2Fv2%2Fcomments&post=42254"}],"version-history":[{"count":0,"href":"http:\/\/www.korhanyilmaz.com\/index.php?rest_route=\/wp\/v2\/posts\/42254\/revisions"}],"wp:attachment":[{"href":"http:\/\/www.korhanyilmaz.com\/index.php?rest_route=%2Fwp%2Fv2%2Fmedia&parent=42254"}],"wp:term":[{"taxonomy":"category","embeddable":true,"href":"http:\/\/www.korhanyilmaz.com\/index.php?rest_route=%2Fwp%2Fv2%2Fcategories&post=42254"},{"taxonomy":"post_tag","embeddable":true,"href":"http:\/\/www.korhanyilmaz.com\/index.php?rest_route=%2Fwp%2Fv2%2Ftags&post=42254"}],"curies":[{"name":"wp","href":"https:\/\/api.w.org\/{rel}","templated":true}]}}