{"id":42250,"date":"2011-11-10T20:38:56","date_gmt":"2011-11-10T18:38:56","guid":{"rendered":"http:\/\/www.korhanyilmaz.com\/?p=42250"},"modified":"2011-11-10T21:22:38","modified_gmt":"2011-11-10T19:22:38","slug":"hukumetin-aihme-gonderdigi-imza-taklit","status":"publish","type":"post","link":"http:\/\/www.korhanyilmaz.com\/?p=42250","title":{"rendered":"H\u00fck\u00fcmetin, A\u0130HM&#8217;e g\u00f6nderdi\u011fi imza taklit!"},"content":{"rendered":"<p style=\"text-align: center;\"><a href=\"http:\/\/www.korhanyilmaz.com\/wp-content\/uploads\/2011\/11\/7044.jpg\"  class=\"lightview\"><img loading=\"lazy\" decoding=\"async\" class=\"aligncenter  wp-image-42251\" src=\"http:\/\/www.korhanyilmaz.com\/wp-content\/uploads\/2011\/11\/7044.jpg\" alt=\"\" width=\"290\" height=\"217\" \/><\/a><\/p>\n<p style=\"text-align: justify;\">Tutuklu CHP Zonguldak Milletvekili Mehmet Haberal&#8217;\u0131n avukatlar\u0131, Haberal ile ilgili A\u0130HM&#8217;e yap\u0131lan ba\u015fvuruya, H\u00fck\u00fcmet taraf\u0131ndan verilen yan\u0131tlar\u0131n ekinde yer alan bir belgede, Haberal&#8217;\u0131n ba\u015fka bir yerdeki imzas\u0131n\u0131n al\u0131narak monte edildi\u011fi veya taklit edildi\u011fini a\u00e7\u0131klad\u0131.<!--more--><\/p>\n<p style=\"text-align: justify;\">Ankara- Haberal&#8217;\u0131n avukatlar\u0131 taraf\u0131ndan yap\u0131lan a\u00e7\u0131klamada, Haberal ile ilgili olarak A\u0130HM&#8217;e yap\u0131lan ba\u015fvuruya, H\u00fck\u00fcmet taraf\u0131ndan verilen yan\u0131tlar\u0131n ekinde yer alan bir belgede, Haberal&#8217;\u0131n ba\u015fka bir yerdeki imzas\u0131n\u0131n al\u0131narak monte edildi\u011fi veya taklit edildi\u011fi; buna ilaveten maddi ger\u00e7e\u011fe ayk\u0131r\u0131 ya da gizlilik karar\u0131 bulunan soru\u015fturma dosyalar\u0131yla ilgili birtak\u0131m yasad\u0131\u015f\u0131 bilgi ve belgelerin sunuldu\u011funun m\u00fc\u015fahede edildi\u011fi belirtildi.<\/p>\n<p style=\"text-align: justify;\">A\u00e7\u0131klamada, bu durumun A\u0130HM&#8217;e sunulan ayr\u0131nt\u0131l\u0131 dilek\u00e7elerde somut delilleri ile ortaya konuldu\u011funu ve sorumlular hakk\u0131nda resmi evrakta sahtecilik su\u00e7undan yasal i\u015flem ba\u015flat\u0131lmas\u0131 i\u00e7in 27 Eyl\u00fcl 2011 tarihinde Silivri Cumhuriyet Ba\u015fsavc\u0131l\u0131\u011f\u0131&#8217;na su\u00e7 duyurusunda bulunuldu\u011funu belirten Haberal&#8217;\u0131n avukatlar\u0131, bu \u00e7er\u00e7evede konuyla ilgili halen yarg\u0131lama ve soru\u015fturma s\u00fcreci devam etti\u011fi i\u00e7in adil yarg\u0131lama hakk\u0131na olan sayg\u0131lar\u0131 nedeniyle, bu a\u015famada daha fazla a\u00e7\u0131klamada bulunmayacaklar\u0131n\u0131 bildirdi.<\/p>\n<p style=\"text-align: justify;\"><a href=\"http:\/\/www.cumhuriyet.com.tr\/?hn=292106\" target=\"_blank\">Kaynak : Cumhuriyet Haber Portal\u0131<\/a><\/p>\n","protected":false},"excerpt":{"rendered":"<p style=\"text-align: center;\">\n<p style=\"text-align: justify;\">Tutuklu CHP Zonguldak Milletvekili Mehmet Haberal&#8217;\u0131n avukatlar\u0131, Haberal ile ilgili A\u0130HM&#8217;e yap\u0131lan ba\u015fvuruya, H\u00fck\u00fcmet taraf\u0131ndan verilen yan\u0131tlar\u0131n ekinde yer alan bir belgede, Haberal&#8217;\u0131n ba\u015fka bir yerdeki imzas\u0131n\u0131n al\u0131narak monte edildi\u011fi veya taklit edildi\u011fini a\u00e7\u0131klad\u0131.<\/p>\n","protected":false},"author":1,"featured_media":0,"comment_status":"open","ping_status":"open","sticky":false,"template":"","format":"standard","meta":{"footnotes":""},"categories":[105],"tags":[],"class_list":["post-42250","post","type-post","status-publish","format-standard","hentry","category-gundem","odd"],"_links":{"self":[{"href":"http:\/\/www.korhanyilmaz.com\/index.php?rest_route=\/wp\/v2\/posts\/42250","targetHints":{"allow":["GET"]}}],"collection":[{"href":"http:\/\/www.korhanyilmaz.com\/index.php?rest_route=\/wp\/v2\/posts"}],"about":[{"href":"http:\/\/www.korhanyilmaz.com\/index.php?rest_route=\/wp\/v2\/types\/post"}],"author":[{"embeddable":true,"href":"http:\/\/www.korhanyilmaz.com\/index.php?rest_route=\/wp\/v2\/users\/1"}],"replies":[{"embeddable":true,"href":"http:\/\/www.korhanyilmaz.com\/index.php?rest_route=%2Fwp%2Fv2%2Fcomments&post=42250"}],"version-history":[{"count":0,"href":"http:\/\/www.korhanyilmaz.com\/index.php?rest_route=\/wp\/v2\/posts\/42250\/revisions"}],"wp:attachment":[{"href":"http:\/\/www.korhanyilmaz.com\/index.php?rest_route=%2Fwp%2Fv2%2Fmedia&parent=42250"}],"wp:term":[{"taxonomy":"category","embeddable":true,"href":"http:\/\/www.korhanyilmaz.com\/index.php?rest_route=%2Fwp%2Fv2%2Fcategories&post=42250"},{"taxonomy":"post_tag","embeddable":true,"href":"http:\/\/www.korhanyilmaz.com\/index.php?rest_route=%2Fwp%2Fv2%2Ftags&post=42250"}],"curies":[{"name":"wp","href":"https:\/\/api.w.org\/{rel}","templated":true}]}}