{"id":42245,"date":"2011-11-10T13:04:45","date_gmt":"2011-11-10T11:04:45","guid":{"rendered":"http:\/\/www.korhanyilmaz.com\/?p=42245"},"modified":"2011-11-10T15:13:07","modified_gmt":"2011-11-10T13:13:07","slug":"soguk-ve-yagisli-hava-geliyor","status":"publish","type":"post","link":"http:\/\/www.korhanyilmaz.com\/?p=42245","title":{"rendered":"So\u011fuk ve ya\u011f\u0131\u015fl\u0131 hava geliyor!"},"content":{"rendered":"<p style=\"text-align: center;\"><a href=\"http:\/\/www.korhanyilmaz.com\/wp-content\/uploads\/2011\/11\/7043.jpg\"  class=\"lightview\"><img loading=\"lazy\" decoding=\"async\" class=\"aligncenter  wp-image-42246\" src=\"http:\/\/www.korhanyilmaz.com\/wp-content\/uploads\/2011\/11\/7043.jpg\" alt=\"\" width=\"270\" height=\"201\" \/><\/a><\/p>\n<p style=\"text-align: justify;\">T\u00fcrkiye, Karadeniz \u00fczerinden gelecek yeni bir so\u011fuk ve ya\u011f\u0131\u015fl\u0131 havan\u0131n etkisine girecek. Hava s\u0131cakl\u0131\u011f\u0131, bug\u00fcnden itibaren kuzey kesimlerde 3 &#8211; 5, yar\u0131n ve cumartesi g\u00fcn\u00fc de \u00fclke genelinde 4 ila 6 derece azalacak.<\/p>\n<p style=\"text-align: justify;\">Devlet Meteoroloji \u0130\u015fleri Genel M\u00fcd\u00fcrl\u00fc\u011f\u00fc yetkililerinden al\u0131nan bilgiye g\u00f6re, yurdun Karadeniz \u00fczerinden gelen yeni bir so\u011fuk ve ya\u011f\u0131\u015fl\u0131 havan\u0131n etkisine girece\u011fi tahmin ediliyor.\u00a0<!--more--><\/p>\n<p style=\"text-align: justify;\">Karadeniz k\u0131y\u0131lar\u0131nda ya\u011fmur \u015feklinde ba\u015flayacak ya\u011f\u0131\u015flar\u0131n, zamanla Karadeniz&#8217;in i\u00e7 kesimleri, \u0130\u00e7 Anadolu&#8217;nun kuzeydo\u011fusuyla Do\u011fu Anadolu&#8217;da karla kar\u0131\u015f\u0131k ya\u011fmur ve kar \u015feklinde olmas\u0131 bekleniyor.<\/p>\n<p style=\"text-align: justify;\">Hava s\u0131cakl\u0131\u011f\u0131n\u0131n bug\u00fcn kuzey kesimlerde 3 ila 5 derece, yar\u0131n ve 12 Kas\u0131m Cumartesi g\u00fcn\u00fc \u00fclke genelinde 4 ila 6 derece azalaca\u011f\u0131 \u00f6ng\u00f6r\u00fcl\u00fcyor.<\/p>\n<p style=\"text-align: justify;\">Tahminlere g\u00f6re, bug\u00fcn Karadeniz, Marmara&#8217;n\u0131n kuzey ve do\u011fusu, Do\u011fu Anadolu&#8217;nun kuzeyi, Sivas, Yozgat, \u00c7ank\u0131r\u0131 \u00e7evreleriyle Ankara&#8217;n\u0131n kuzey il\u00e7elerinde ya\u011f\u0131\u015f bekleniyor.<\/p>\n<p style=\"text-align: justify;\">Ya\u011f\u0131\u015flar Trabzon, Rize ve Hopa \u00e7evrelerinde kuvvetli olmak \u00fczere genellikle ya\u011fmur ve sa\u011fanak, Do\u011fu Karadeniz&#8217;in i\u00e7 kesimleri, Do\u011fu Anadolu&#8217;nun kuzeyiyle Bolu, Kastamonu ve Sivas \u00e7evrelerinde karla kar\u0131\u015f\u0131k ya\u011fmur ve kar \u015feklinde olacak. \u0130\u00e7 ve Do\u011fu b\u00f6lgelerde buzlanma ve don olay\u0131 bekleniyor.<\/p>\n<p style=\"text-align: justify;\">R\u00fczgar Marmara&#8217;da kuzey ve kuzeydo\u011fu, Orta ve Do\u011fu Karadeniz k\u0131y\u0131lar\u0131nda bat\u0131 ve kuzeybat\u0131 y\u00f6nlerden kuvvetli esecek.<\/p>\n<p style=\"text-align: justify;\">Yar\u0131n Marmara&#8217;n\u0131n kuzey ve do\u011fusu, Karadeniz, \u0130\u00e7 Anadolu&#8217;nun g\u00fcney ve do\u011fusu, Akdeniz ile Do\u011fu ve G\u00fcneydo\u011fu Anadolu b\u00f6lgelerinde ya\u011f\u0131\u015f bekleniyor.<\/p>\n<p style=\"text-align: justify;\">Ya\u011f\u0131\u015flar Do\u011fu Karadeniz&#8217;de kuvvetli olmak \u00fczere ya\u011fmur ve sa\u011fanak, Karadeniz&#8217;in i\u00e7 kesimleri, \u0130\u00e7 Anadolu&#8217;nun kuzeydo\u011fusuyla Do\u011fu Anadolu&#8217;da karla kar\u0131\u015f\u0131k ya\u011fmur ve kar \u015feklinde olacak. \u0130\u00e7 ve Do\u011fu b\u00f6lgelerde buzlanma ve don olay\u0131 bekleniyor.<\/p>\n<p style=\"text-align: justify;\">R\u00fczgar Marmara ve K\u0131y\u0131 Ege&#8217;de kuzey ve kuzeydo\u011fu, Orta Karadeniz k\u0131y\u0131lar\u0131nda kuzeybat\u0131 y\u00f6nlerden kuvvetli esecek.<\/p>\n<p style=\"text-align: justify;\">12 Kas\u0131m Cumartesi g\u00fcn\u00fc de Orta Karadeniz k\u0131y\u0131lar\u0131, Do\u011fu Karadeniz, Do\u011fu Anadolu&#8217;nun kuzey ve do\u011fusu, G\u00fcneydo\u011fu Anadolu&#8217;nun g\u00fcney ve do\u011fusu ile Amasya, Tokat, Sivas ve Hatay \u00e7evrelerinde ya\u011f\u0131\u015f bekleniyor. Ya\u011f\u0131\u015flar ya\u011fmur ve sa\u011fanak, Orta ve Do\u011fu Karadeniz&#8217;in i\u00e7 kesimleri, Do\u011fu Anadolu&#8217;nun kuzey ve do\u011fusu ile Sivas \u00e7evrelerinde karla kar\u0131\u015f\u0131k ya\u011fmur ve kar \u015feklinde olacak.<\/p>\n<p style=\"text-align: justify;\">\u0130\u00e7 ve Do\u011fu b\u00f6lgelerde buzlanma ve don olay\u0131 bekleniyor. R\u00fczgar\u0131n Marmara, K\u0131y\u0131 Ege ile Antalya K\u00f6rfezi&#8217;nde kuzey ve kuzeydo\u011fu, Orta ve Do\u011fu Karadeniz k\u0131y\u0131lar\u0131nda bat\u0131 ve kuzeybat\u0131 y\u00f6nlerden kuvvetli olarak esece\u011fi tahmin ediliyor.<\/p>\n<p style=\"text-align: justify;\">13 Kas\u0131m Pazar g\u00fcn\u00fc ise Marmara&#8217;n\u0131n kuzeyi, Karadeniz&#8217;in k\u0131y\u0131lar\u0131 ile \u00c7anakkale, Artvin ve Ardahan \u00e7evrelerinde ya\u011f\u0131\u015f bekleniyor. Ya\u011f\u0131\u015flar ya\u011fmur ve sa\u011fanak, Artvin ve Ardahan \u00e7evrelerinde karla kar\u0131\u015f\u0131k ya\u011fmur ve kar \u015feklinde olaca\u011f\u0131 tahmin ediliyor.<\/p>\n<p style=\"text-align: justify;\">\u0130\u00e7 ve Do\u011fu b\u00f6lgelerde buzlanma ve don olay\u0131 bekleniyor. R\u00fczgar\u0131n Marmara ve K\u0131y\u0131 Ege&#8217;de kuzey ve kuzeydo\u011fu y\u00f6nlerden kuvvetli, Marmara&#8217;da yer yer k\u0131sa s\u00fcreli f\u0131rt\u0131na \u015feklinde olacak. Yetkililer, kuvvetli ya\u011f\u0131\u015f, f\u0131rt\u0131na ve so\u011fuk havan\u0131n olu\u015fturabilece\u011fi olumsuzluklara kar\u015f\u0131 vatanda\u015flar\u0131n dikkatli ve tedbirli olmalar\u0131 gerekti\u011fini bildirdi.<\/p>\n<p style=\"text-align: justify;\"><a href=\"http:\/\/www.t24.com.tr\/soguk-ve-yagisli-hava-geliyor\/haber\/180620.aspx\" target=\"_blank\">Kaynak : T24<\/a><\/p>\n","protected":false},"excerpt":{"rendered":"<p style=\"text-align: center;\">\n<p style=\"text-align: justify;\">T\u00fcrkiye, Karadeniz \u00fczerinden gelecek yeni bir so\u011fuk ve ya\u011f\u0131\u015fl\u0131 havan\u0131n etkisine girecek. Hava s\u0131cakl\u0131\u011f\u0131, bug\u00fcnden itibaren kuzey kesimlerde 3 &#8211; 5, yar\u0131n ve cumartesi g\u00fcn\u00fc de \u00fclke genelinde 4 ila 6 derece azalacak.<\/p>\n<p style=\"text-align: justify;\">Devlet Meteoroloji \u0130\u015fleri Genel M\u00fcd\u00fcrl\u00fc\u011f\u00fc yetkililerinden al\u0131nan bilgiye g\u00f6re, yurdun Karadeniz \u00fczerinden gelen yeni bir <\/p>\n","protected":false},"author":1,"featured_media":0,"comment_status":"open","ping_status":"open","sticky":false,"template":"","format":"standard","meta":{"footnotes":""},"categories":[105],"tags":[],"class_list":["post-42245","post","type-post","status-publish","format-standard","hentry","category-gundem","odd"],"_links":{"self":[{"href":"http:\/\/www.korhanyilmaz.com\/index.php?rest_route=\/wp\/v2\/posts\/42245","targetHints":{"allow":["GET"]}}],"collection":[{"href":"http:\/\/www.korhanyilmaz.com\/index.php?rest_route=\/wp\/v2\/posts"}],"about":[{"href":"http:\/\/www.korhanyilmaz.com\/index.php?rest_route=\/wp\/v2\/types\/post"}],"author":[{"embeddable":true,"href":"http:\/\/www.korhanyilmaz.com\/index.php?rest_route=\/wp\/v2\/users\/1"}],"replies":[{"embeddable":true,"href":"http:\/\/www.korhanyilmaz.com\/index.php?rest_route=%2Fwp%2Fv2%2Fcomments&post=42245"}],"version-history":[{"count":0,"href":"http:\/\/www.korhanyilmaz.com\/index.php?rest_route=\/wp\/v2\/posts\/42245\/revisions"}],"wp:attachment":[{"href":"http:\/\/www.korhanyilmaz.com\/index.php?rest_route=%2Fwp%2Fv2%2Fmedia&parent=42245"}],"wp:term":[{"taxonomy":"category","embeddable":true,"href":"http:\/\/www.korhanyilmaz.com\/index.php?rest_route=%2Fwp%2Fv2%2Fcategories&post=42245"},{"taxonomy":"post_tag","embeddable":true,"href":"http:\/\/www.korhanyilmaz.com\/index.php?rest_route=%2Fwp%2Fv2%2Ftags&post=42245"}],"curies":[{"name":"wp","href":"https:\/\/api.w.org\/{rel}","templated":true}]}}