{"id":42235,"date":"2011-11-10T10:59:23","date_gmt":"2011-11-10T08:59:23","guid":{"rendered":"http:\/\/www.korhanyilmaz.com\/?p=42235"},"modified":"2011-11-10T14:00:23","modified_gmt":"2011-11-10T12:00:23","slug":"905te-hayat-durdu","status":"publish","type":"post","link":"http:\/\/www.korhanyilmaz.com\/?p=42235","title":{"rendered":"9:05&#8217;te hayat durdu"},"content":{"rendered":"<p style=\"text-align: center;\"><a href=\"http:\/\/www.korhanyilmaz.com\/wp-content\/uploads\/2011\/11\/7041.jpg\"  class=\"lightview\"><img loading=\"lazy\" decoding=\"async\" class=\"aligncenter  wp-image-42236\" src=\"http:\/\/www.korhanyilmaz.com\/wp-content\/uploads\/2011\/11\/7041.jpg\" alt=\"\" width=\"350\" height=\"232\" \/><\/a><\/p>\n<p style=\"text-align: justify;\">B\u00fcy\u00fck \u00d6nder Mustafa Kemal Atat\u00fcrk, \u00f6l\u00fcm\u00fcn\u00fcn 73. y\u0131l\u0131nda an\u0131ld\u0131. T\u00fcrkiye&#8217;nin yan\u0131 s\u0131ra Letonya&#8217;daki Riga \u00dcniversitesi&#8217;nde de y\u00fczlerce \u00f6\u011frenci saat tam dokuzu be\u015f ge\u00e7e aya\u011fa kalkarak Atat\u00fcrk i\u00e7in sayg\u0131 duru\u015funda bulundu<\/p>\n<p style=\"text-align: justify;\">T\u00fcrkiye Cumhuriyeti\u2019nin kurucusu B\u00fcy\u00fck \u00d6nder\u00a0Mustafa Kemal Atat\u00fcrk, ebediyete intikalinin 73. y\u0131l\u0131nda An\u0131tkabir\u2019de d\u00fczenlenen\u00a0devlet t\u00f6reni ile an\u0131ld\u0131.\u00a0<!--more--><\/p>\n<p style=\"text-align: justify;\">Cumhurba\u015fkan\u0131 Abdullah G\u00fcl ba\u015fkanl\u0131\u011f\u0131ndaki devlet erkan\u0131, mozoleye \u00e7elenk koyarak, Atat\u00fcrk\u2019\u00fcn manevi huzurunda 2 dakika sayg\u0131 duru\u015funda bulundu.<\/p>\n<p style=\"text-align: justify;\">An\u0131tkabir\u2019deki t\u00f6ren, saat 08.55\u2019de devlet erkan\u0131n\u0131n Aslanl\u0131 Yol\u2019da y\u00fcr\u00fcy\u00fc\u015f\u00fc ile ba\u015flad\u0131.<\/p>\n<p style=\"text-align: justify;\">Cumhurba\u015fkan\u0131 G\u00fcl ba\u015fkanl\u0131\u011f\u0131ndaki kortejde, TBMM Ba\u015fkan\u0131 Cemil \u00c7i\u00e7ek, Ba\u015fbakan Recep Tayyip Erdo\u011fan, Genelkurmay Ba\u015fkan\u0131 Orgeneral Necdet \u00d6zel, CHP Genel Ba\u015fkan\u0131 Kemal K\u0131l\u0131\u00e7daro\u011flu, Anayasa Mahkemesi Ba\u015fkan\u0131 Ha\u015fim K\u0131l\u0131\u00e7, Yarg\u0131tay Ba\u015fkan\u0131 Naz\u0131m Kaynak, Dan\u0131\u015ftay Ba\u015fkan\u0131 H\u00fcseyin Karakulluk\u00e7u, Bakanlar Kurulu \u00fcyeleri, kuvvet komutanlar\u0131, MHP Genel Ba\u015fkan\u0131 Devlet Bah\u00e7eli, Ankara Valisi Alaaddin Y\u00fcksel, siyasi partilerin temsilcileri, b\u00fcrokratlar ve di\u011fer devlet erkan\u0131 yer ald\u0131.<\/p>\n<p style=\"text-align: justify;\">Abdullah G\u00fcl, \u00fczerinde &#8220;Cumhurba\u015fkan\u0131&#8221; yazan k\u0131rm\u0131z\u0131-beyaz karanfillerden olu\u015fan \u00e7elengi mozoleye koydu. Atat\u00fcrk\u2019\u00fcn 73 y\u0131l \u00f6nce ebediyete intikal etti\u011fi saat olan 09.05\u2019de &#8220;ti&#8221; sesi ve sirenler e\u015fli\u011finde 2 dakikal\u0131k sayg\u0131 duru\u015funda bulunuldu ve \u0130stiklal Mar\u015f\u0131 s\u00f6ylendi. Bu s\u0131rada g\u00f6nderdeki T\u00fcrk bayra\u011f\u0131 da yar\u0131ya indirildi.<\/p>\n<p style=\"text-align: justify;\">Cumhurba\u015fkan\u0131 G\u00fcl ve protokolde yer alan devlet erkan\u0131 daha sonra Misak-\u0131 Milli Kulesi\u2019ne ge\u00e7ti.<\/p>\n<p style=\"text-align: justify;\"><span style=\"text-decoration: underline;\">G\u00fcl, burada An\u0131tkabir \u00d6zel Defteri\u2019ne \u015funlar\u0131 yazd\u0131:\u00a0<\/span><\/p>\n<p style=\"text-align: justify;\">&#8220;B\u00fcy\u00fck Atat\u00fcrk,<\/p>\n<p style=\"text-align: justify;\">\u0130dealleriniz ve \u00fclkeniz i\u00e7in yapt\u0131klar\u0131n\u0131zla milletimizin g\u00f6nl\u00fcnde m\u00fcstesna bir yerde ya\u015f\u0131yorsunuz. Bug\u00fcn demokrasisini geli\u015ftiren, hak ve \u00f6zg\u00fcrl\u00fckleri geni\u015fleten, ekonomisini sa\u011flam temeller \u00fczerine oturtan g\u00fc\u00e7l\u00fc ve h\u0131zla ilerleyen bir \u00fclkenin fertleri olarak huzurunuza \u00e7\u0131kman\u0131n k\u0131vanc\u0131n\u0131 duyuyoruz. T\u00fcrkiye\u2019yi, hedefiniz olan muas\u0131r medeniyetler seviyesinin \u00fczerine \u00e7\u0131karmak i\u00e7in var g\u00fcc\u00fcm\u00fczle \u00e7al\u0131\u015fmaya devam edece\u011fiz. Ebediyete intikalinizin 73. y\u0131l d\u00f6n\u00fcm\u00fcnde sizi sevgi, sayg\u0131 ve rahmetle an\u0131yoruz, ruhunuz \u015fad olsun.&#8221;<\/p>\n<p style=\"text-align: justify;\"><strong>-Bayraklar yar\u0131ya indirildi-\u00a0<\/strong><\/p>\n<p style=\"text-align: justify;\">Devlet t\u00f6reninin hemen ard\u0131ndan An\u0131tkabir\u2019in avlusunda Atat\u00fcrk\u2019\u00fcn 10. Y\u0131l\u00a0Nutku kendi sesinden yay\u0131nland\u0131. Askeri ve sivil erkan ile \u00f6\u011frenciler Atat\u00fcrk\u2019\u00fcn\u00a0mozolesinin \u00f6n\u00fcnden sayg\u0131 ge\u00e7i\u015fi yaparak, \u00e7i\u00e7ekler b\u0131rakt\u0131.<\/p>\n<p style=\"text-align: justify;\">Vatanda\u015flar, t\u00f6rene kat\u0131lan askerleri, alk\u0131\u015flayarak sevgi g\u00f6sterilerinde\u00a0bulundu. Kalabal\u0131k nedeniyle An\u0131tkabir\u2019e girmek isteyen vatanda\u015flar uzun\u00a0kuyruklar olu\u015fturdu.<\/p>\n<p style=\"text-align: justify;\">Bayraklar, B\u00fcy\u00fck \u00d6nder Atat\u00fcrk\u2019\u00fcn 73 y\u0131l \u00f6nce ebediyete intikal etti\u011fi\u00a0saat 09.05\u2019den itibaren g\u00fcne\u015fin bat\u0131\u015f\u0131na kadar yar\u0131ya indirildi. Sivil Savunma\u00a0M\u00fcd\u00fcrl\u00fc\u011f\u00fcne ait sirenler saat 09.05\u2019de 2 dakika s\u00fcreyle \u00e7ald\u0131.<\/p>\n<p style=\"text-align: justify;\">Bu s\u0131rada trafikteki ara\u00e7lar durarak kornalar\u0131n\u0131 \u00e7alarken vatanda\u015flar da\u00a0sayg\u0131 duru\u015funda bulundu. T\u00fcm resmi ve \u00f6zel okullarda da anma programlar\u0131\u00a0ger\u00e7ekle\u015ftirildi.<\/p>\n<p style=\"text-align: justify;\"><strong>10 KASIM&#8217;DA B\u0130R \u0130LK<\/strong><\/p>\n<p style=\"text-align: justify;\">T\u00fcrkiye&#8217;nin yan\u0131 s\u0131ra Letonya&#8217;daki Riga \u00dcniversitesi&#8217;nde de y\u00fczlerce \u00f6\u011frenci saat tam dokuzu be\u015f ge\u00e7e aya\u011fa kalkarak Atat\u00fcrk i\u00e7in sayg\u0131 duru\u015funda bulundu.<\/p>\n<p style=\"text-align: justify;\">Binlerce kilometre uzakta, Letonya\u2019n\u0131n ba\u015fkenti Riga\u2019daki Riga \u00dcniversitesi\u2019nde b\u00fct\u00fcn bir amfi dokuzu be\u015f ge\u00e7e aya\u011fa kalkt\u0131.<\/p>\n<p style=\"text-align: justify;\">\u00dcniversiteliler belki de ad\u0131n\u0131 ilk kez duyduklar\u0131 Mustafa Kemal Atat\u00fcrk i\u00e7in sayg\u0131 duru\u015funda bulundular.<\/p>\n<p style=\"text-align: justify;\">Devlet Bakan\u0131 Egemen Ba\u011f\u0131\u015f\u2019\u0131n konferans verdi\u011fi salonda \u00f6\u011frencilerin Atat\u00fcrk i\u00e7in sayg\u0131 duru\u015funda bulunmas\u0131 duygusal anlar yaratt\u0131.<\/p>\n<p style=\"text-align: justify;\">\u00dcniversitede bulunan bir diplomat ise aynen \u015f\u00f6yle dedi: \u201cBu, belki de ilk kez oluyor. T\u00fcrkiye\u2019den binlerce kilometre uzakta gen\u00e7ler Mustafa Kemal i\u00e7in sayg\u0131 duru\u015funda bulunuyorlar. Diplomasinin bir g\u00fczel taraf\u0131 da i\u015fte budur. De\u011ferlerini s\u0131n\u0131rlar\u0131n \u00f6tesine ta\u015f\u0131mak.\u201d<\/p>\n<p style=\"text-align: justify;\"><strong>DOLMABAH\u00c7E&#8217;DE ANILDI\u00a0<\/strong><\/p>\n<p style=\"text-align: justify;\">T\u00fcrkiye Cumhuriyeti&#8217;nin kurucusu Gazi Mustafa Kemal Atat\u00fcrk, \u00f6l\u00fcm\u00fcn\u00fcn 73. y\u0131l\u0131nda, hayata g\u00f6zlerini yumdu\u011fu Dolmabah\u00e7e Saray\u0131&#8217;nda da an\u0131ld\u0131.<\/p>\n<p style=\"text-align: justify;\">Dolmabah\u00e7e Saray\u0131&#8217;nda d\u00fczenlenen programda, Atat\u00fcrk&#8217;\u00fcn hayata g\u00f6zlerini yumdu\u011fu odada bulunan yata\u011f\u0131na \u00e7i\u00e7ekler konuldu. Sayg\u0131 duru\u015fu ve \u0130staklal Mar\u015f\u0131&#8217;n\u0131n ard\u0131ndan Atat\u00fcrk&#8217;\u00fcn hayata g\u00f6zlerini yumdu\u011fu odaya ziyaret\u00e7iler al\u0131nmaya ba\u015fland\u0131.<\/p>\n<p style=\"text-align: justify;\"><strong>S\u00dcR\u00dcC\u00dcLER DE SAYGIYLA ANDI\u00a0<\/strong><\/p>\n<p style=\"text-align: justify;\">T\u00fcrkiye Cumhuriyeti\u2019nin kurucusu b\u00fcy\u00fck \u00f6nder Mustafa Kemal Atat\u00fcrk, ebediyete intikalinin 73. y\u0131l d\u00f6n\u00fcm\u00fcnde \u00e7e\u015fitli etkinliklerle an\u0131l\u0131rken, saat 09.05\u2019te Bo\u011fazi\u00e7i K\u00f6pr\u00fcs\u00fc\u2019nde hayat durdu.<\/p>\n<p style=\"text-align: justify;\">Atat\u00fcrk\u2019\u00fcn hayata g\u00f6zlerini yumdu\u011fu saat olan 09.05\u2019te k\u00f6pr\u00fc \u00fczerindeki ara\u00e7lar durdu ve s\u00fcr\u00fcc\u00fcler, siren sesine ara\u00e7 kornalar\u0131yla kat\u0131larak Atat\u00fcrk\u2019\u00fc and\u0131.\u00a0S\u00fcr\u00fcc\u00fcler, ayn\u0131 anda ara\u00e7lar\u0131ndan inerek sayg\u0131 duru\u015funda bulundu.<\/p>\n<p style=\"text-align: justify;\"><strong>ATA\u2019YA SAYGI DURU\u015eUNDA BULUNDULAR\u00a0<\/strong><\/p>\n<p style=\"text-align: justify;\">BOLU\u2019da, Ulu \u00d6nder Atat\u00fcrk\u2019\u00fcn hayat\u0131n\u0131 kaybetti\u011fi saat 09.05\u2019te sirenlerin \u00e7ald\u0131\u011f\u0131 anda belediyenin temizlik i\u015f\u00e7isi 47 ya\u015f\u0131ndaki Erkan Y\u00fcksel elindeki s\u00fcp\u00fcrgesi ve k\u00fcre\u011fiyle sayg\u0131 duru\u015funda bulundu.<\/p>\n<p style=\"text-align: justify;\">Ulu \u00d6nder Atat\u00fcrk \u00f6l\u00fcm\u00fcn\u00fcn 73\u2019\u00fcnc\u00fc y\u0131l\u0131nda An\u0131tpark\u2019ta t\u00f6renle an\u0131ld\u0131. Bolu Valisi \u0130brahim \u00d6z\u00e7imen, daire m\u00fcd\u00fcrleri, askeri erkan ve \u00f6\u011frencilerin kat\u0131ld\u0131\u011f\u0131 t\u00f6rende sayg\u0131 duru\u015funda bulunularak, an\u0131ta \u00e7elenkler b\u0131rak\u0131ld\u0131. Saatler 09.05\u2019i g\u00f6sterdi\u011finde sirenlerin \u00e7almaya ba\u015flamas\u0131yla trafikte ilerleyen s\u00fcr\u00fcc\u00fcler durdurduklar\u0131 ara\u00e7lar\u0131ndan inerek sayg\u0131 duru\u015funda bulundu. An\u0131tpark\u2019\u0131n arka taraf\u0131nda kald\u0131r\u0131mlar\u0131 s\u00fcp\u00fcren Bolu Belediyesi temizlik i\u015f\u00e7isi Erkan Y\u00fcksel de sirenlerin \u00e7almaya ba\u015flad\u0131\u011f\u0131 s\u0131rada i\u015fini b\u0131rakarak elindeki s\u00fcp\u00fcrgesi ve k\u00fcre\u011fiyle sayg\u0131 duru\u015funda bulundu.<\/p>\n<p style=\"text-align: justify;\"><strong>GOOGLE DA ATA&#8217;YI UNUTMADI\u00a0<\/strong><\/p>\n<p style=\"text-align: justify;\">T\u00fcrkiye\u2019nin ana sayfas\u0131, T\u00fcrkiye Cumhuriyeti\u2019nin kurucusu Mustafa Kemal Atat\u00fcrk\u2019\u00fcn ebediyete intikalinin 73. y\u0131l\u0131 dolay\u0131s\u0131yla k\u0131rm\u0131z\u0131 karanfille a\u00e7\u0131l\u0131yor.<\/p>\n<p style=\"text-align: justify;\">B\u00fcy\u00fck \u00d6nder Mustafa Kemal Atat\u00fcrk, ebediyete intikalinin 73. y\u0131l\u0131nda yurt genelinde etkinliklerle an\u0131l\u0131yor.<\/p>\n<p style=\"text-align: justify;\">Google T\u00fcrkiye de bu g\u00fcn\u00fcn \u00f6nemine ili\u015fkin, a\u00e7\u0131l\u0131\u015f sayfas\u0131nda k\u0131rm\u0131z\u0131 karanfile yer verdi.<\/p>\n<p style=\"text-align: justify;\">Sitenin ana sayfas\u0131ndaki k\u0131rm\u0131z\u0131 karanfilin \u00fczerine imle\u00e7 g\u00f6t\u00fcr\u00fcld\u00fc\u011f\u00fcnde\u00a0&#8220;Atat\u00fcrk\u2019\u00fc Anma G\u00fcn\u00fc&#8221; yaz\u0131s\u0131 beliriyor.<\/p>\n<p style=\"text-align: justify;\"><a href=\"http:\/\/haber.gazetevatan.com\/905te-hayat-durdu\/410008\/1\/Gundem\" target=\"_blank\">Kaynak : Vatan Gazetesi<\/a><\/p>\n","protected":false},"excerpt":{"rendered":"<p style=\"text-align: center;\">\n<p style=\"text-align: justify;\">B\u00fcy\u00fck \u00d6nder Mustafa Kemal Atat\u00fcrk, \u00f6l\u00fcm\u00fcn\u00fcn 73. y\u0131l\u0131nda an\u0131ld\u0131. T\u00fcrkiye&#8217;nin yan\u0131 s\u0131ra Letonya&#8217;daki Riga \u00dcniversitesi&#8217;nde de y\u00fczlerce \u00f6\u011frenci saat tam dokuzu be\u015f ge\u00e7e aya\u011fa kalkarak Atat\u00fcrk i\u00e7in sayg\u0131 duru\u015funda bulundu<\/p>\n<p style=\"text-align: justify;\">T\u00fcrkiye Cumhuriyeti\u2019nin kurucusu B\u00fcy\u00fck \u00d6nder Mustafa Kemal Atat\u00fcrk, ebediyete intikalinin 73. y\u0131l\u0131nda An\u0131tkabir\u2019de d\u00fczenlenen devlet t\u00f6reni ile an\u0131ld\u0131. <\/p>\n","protected":false},"author":1,"featured_media":0,"comment_status":"open","ping_status":"open","sticky":false,"template":"","format":"standard","meta":{"footnotes":""},"categories":[105],"tags":[],"class_list":["post-42235","post","type-post","status-publish","format-standard","hentry","category-gundem","odd"],"_links":{"self":[{"href":"http:\/\/www.korhanyilmaz.com\/index.php?rest_route=\/wp\/v2\/posts\/42235","targetHints":{"allow":["GET"]}}],"collection":[{"href":"http:\/\/www.korhanyilmaz.com\/index.php?rest_route=\/wp\/v2\/posts"}],"about":[{"href":"http:\/\/www.korhanyilmaz.com\/index.php?rest_route=\/wp\/v2\/types\/post"}],"author":[{"embeddable":true,"href":"http:\/\/www.korhanyilmaz.com\/index.php?rest_route=\/wp\/v2\/users\/1"}],"replies":[{"embeddable":true,"href":"http:\/\/www.korhanyilmaz.com\/index.php?rest_route=%2Fwp%2Fv2%2Fcomments&post=42235"}],"version-history":[{"count":0,"href":"http:\/\/www.korhanyilmaz.com\/index.php?rest_route=\/wp\/v2\/posts\/42235\/revisions"}],"wp:attachment":[{"href":"http:\/\/www.korhanyilmaz.com\/index.php?rest_route=%2Fwp%2Fv2%2Fmedia&parent=42235"}],"wp:term":[{"taxonomy":"category","embeddable":true,"href":"http:\/\/www.korhanyilmaz.com\/index.php?rest_route=%2Fwp%2Fv2%2Fcategories&post=42235"},{"taxonomy":"post_tag","embeddable":true,"href":"http:\/\/www.korhanyilmaz.com\/index.php?rest_route=%2Fwp%2Fv2%2Ftags&post=42235"}],"curies":[{"name":"wp","href":"https:\/\/api.w.org\/{rel}","templated":true}]}}