{"id":42226,"date":"2011-11-10T09:42:24","date_gmt":"2011-11-10T07:42:24","guid":{"rendered":"http:\/\/www.korhanyilmaz.com\/?p=42226"},"modified":"2011-11-10T13:14:45","modified_gmt":"2011-11-10T11:14:45","slug":"25-kisi-kurtarildi-7-kisi-hayatini-kaybetti","status":"publish","type":"post","link":"http:\/\/www.korhanyilmaz.com\/?p=42226","title":{"rendered":"25 ki\u015fi kurtar\u0131ld\u0131, 7 ki\u015fi hayat\u0131n\u0131 kaybetti"},"content":{"rendered":"<p style=\"text-align: center;\"><a href=\"http:\/\/www.korhanyilmaz.com\/wp-content\/uploads\/2011\/11\/7039.jpg\"  class=\"lightview\"><img loading=\"lazy\" decoding=\"async\" class=\"aligncenter  wp-image-42227\" src=\"http:\/\/www.korhanyilmaz.com\/wp-content\/uploads\/2011\/11\/7039.jpg\" alt=\"\" width=\"435\" height=\"190\" \/><\/a><\/p>\n<p style=\"text-align: justify;\">Van&#8217;da meydana gelen 5,6&#8217;l\u0131k depremin ard\u0131ndan 25 ki\u015fi enkazdan kurtar\u0131ld\u0131, 7 ki\u015fi hayat\u0131n\u0131 kaybetti.<\/p>\n<p style=\"text-align: justify;\">VAN &#8211; Van&#8217;da d\u00fcn gece saat 21.23&#8217;te, merkez \u00fcss\u00fc Edremit il\u00e7esi olan 5,6 b\u00fcy\u00fckl\u00fc\u011f\u00fcnde bir deprem meydana geldi.<\/p>\n<p style=\"text-align: justify;\">Edremit&#8217;te y\u0131k\u0131ma neden olmayan deprem, Van merkezde 25 binay\u0131 y\u0131kt\u0131. Bu binalardan 22&#8217;sinin bo\u015f oldu\u011fu a\u00e7\u0131klan\u0131rken, ikisi otel olan 3 enkazda arama kurtarma \u00e7al\u0131\u015fmalar\u0131 devam ediyor.\u00a0<!--more--><\/p>\n<p style=\"text-align: justify;\">Ba\u015fbakanl\u0131k Afet ve Acil Durum Y\u00f6netimi Ba\u015fkanl\u0131\u011f\u0131 (AFAD), son a\u00e7\u0131klamas\u0131nda enkazdan 25 ki\u015finin yaral\u0131 kurtar\u0131ld\u0131\u011f\u0131n\u0131, 7 ki\u015finin ise \u00f6ld\u00fc\u011f\u00fcn\u00fc bildirdi.<\/p>\n<p style=\"text-align: justify;\">AFAD&#8217;dan yap\u0131lan yaz\u0131l\u0131 a\u00e7\u0131klamada, b\u00f6lgeye 16 askeri, 3 THY kargo ve 3 yolcu u\u00e7a\u011f\u0131 olmak \u00fczere toplam 22 u\u00e7ak ile arama-kurtarma ve sa\u011fl\u0131k personeli sevk\u0131yat\u0131na ba\u015fland\u0131\u011f\u0131 kaydedildi.<\/p>\n<p style=\"text-align: justify;\">\u0130lk belirlemelere g\u00f6re 25 binada hasar meydana geldi\u011fi belirtilen a\u00e7\u0131klamada, 104&#8217;\u00fc sivil toplum kurulu\u015f mensubu olmak \u00fczerek toplam 783 arama- kurtarma personeli, 38 UMKE ekibi, 8 arama k\u00f6pe\u011fi, 54 i\u015f makinesi ve ara\u00e7, 11 ambulans, 986 \u00e7ad\u0131r ve 5 bin 280 battaniyenin b\u00f6lgeye g\u00f6nderildi\u011fi ifade edildi.<\/p>\n<p style=\"text-align: justify;\">A\u00e7\u0131klamada, arama-kurtarma ekiplerince enkazdan 7 ki\u015finin hayat\u0131n\u0131 kaybetti\u011fi belirtildi. Havayolu ve karayoluyla arama-kurtarma, sa\u011fl\u0131k personeli ile insani yard\u0131m malzemesi sevk\u0131yat\u0131n\u0131n devam etti\u011fi bildirildi.<\/p>\n<p style=\"text-align: justify;\"><strong>ATALAY DEPREM B\u00d6LGES\u0130NDE<\/strong><\/p>\n<p style=\"text-align: justify;\">\u00d6te yandan Ba\u015fbakan Yard\u0131mc\u0131s\u0131 Be\u015fir Atalay, D\u0131\u015fi\u015fleri Bakan\u0131 Ahmet Davuto\u011flu ile birlikte, depremde \u00e7\u00f6ken Bayram Otel&#8217;in enkaz\u0131na gelerek, kurtarma \u00e7al\u0131\u015fmalar\u0131n\u0131 bir s\u00fcre izledi.<\/p>\n<p style=\"text-align: justify;\">Be\u015fir Atalay, burada yapt\u0131\u011f\u0131 a\u00e7\u0131klamada, 5.6 b\u00fcy\u00fckl\u00fc\u011f\u00fcndeki depremin daha \u00f6nceki depremden ba\u011f\u0131ms\u0131z bir deprem oldu\u011fu y\u00f6n\u00fcnde uzman g\u00f6r\u00fc\u015fleri bulundu\u011funu an\u0131msatarak, Kandilli Rasathanesinin de bu g\u00f6r\u00fc\u015fte oldu\u011funu belirtti.<\/p>\n<p style=\"text-align: justify;\">Son depremin y\u00fczeye yak\u0131n ger\u00e7ekle\u015fmesi nedeniyle daha \u00f6nceki depreme oranla Van merkezinde daha fazla hissedildi\u011fini ifade eden Atalay, Van merkez ve iki k\u00f6yde hasar oldu\u011fu s\u00f6yledi.<\/p>\n<p style=\"text-align: justify;\">&#8221;T\u00fcm ekiplerimizi seferber ettik, ekip say\u0131s\u0131 artacak&#8221; diyen Atalay, Genelkurmay Ba\u015fkanl\u0131\u011f\u0131 ve Jandarma Genel Komutanl\u0131\u011f\u0131 ekiplerinin de b\u00f6lgeye geldi\u011fini kaydetti.<\/p>\n<p style=\"text-align: justify;\"><strong>BAKANLAR VAN&#8217;DA<\/strong><\/p>\n<p style=\"text-align: justify;\">Sa\u011fl\u0131k Bakan\u0131 Recep Akda\u011f, Enerji ve Tabi Kaynaklar Bakan\u0131 Taner Y\u0131ld\u0131z&#8217;\u0131n Van&#8217;da bulundu\u011funu belirten Atalay, Akda\u011f&#8217;\u0131n Van B\u00f6lge E\u011fitim ve Ara\u015ft\u0131rma Hastanesinde \u00e7al\u0131\u015fmalar\u0131n ba\u015f\u0131nda bulundu\u011funu, Y\u0131ld\u0131z&#8217;\u0131n da elektrik ve do\u011falgaz konusunda \u00e7al\u0131\u015fmalar\u0131n\u0131 s\u00fcrd\u00fcrd\u00fc\u011f\u00fcn\u00fc anlatt\u0131.<\/p>\n<p style=\"text-align: justify;\">D\u0131\u015fi\u015fleri Bakan\u0131 Ahmet Davuto\u011flu&#8217;nun da d\u00fcn Van ve Erci\u015f&#8217;te depremzedeleri ziyaret etti\u011fini, bu s\u0131rada depremin ya\u015fand\u0131\u011f\u0131n\u0131 hat\u0131rlatan Atalay, Davuto\u011flu&#8217;nun b\u00f6lgeden ayr\u0131lmad\u0131\u011f\u0131n\u0131 s\u00f6yledi.<\/p>\n<p style=\"text-align: justify;\">Ba\u015fbakan Recep Tayyip Erdo\u011fan&#8217;\u0131n da Ankara&#8217;dan depremle ilgili \u00e7al\u0131\u015fmalar\u0131 takip etti\u011fini ifade eden Atalay, &#8221;Hepimizin kalbi burada, hepimizin odakland\u0131\u011f\u0131 yer Van. Maalesef \u00f6nceki depremin yaralar\u0131n\u0131 sarmaya \u00e7al\u0131\u015f\u0131rken ikinci bir deprem ya\u015fam\u0131\u015f olduk, ge\u00e7mi\u015f olsun&#8221; diye konu\u015ftu.<\/p>\n<p style=\"text-align: justify;\"><strong>HASTALAR \u00c7ADIRLARA TA\u015eINDI<\/strong><\/p>\n<p style=\"text-align: justify;\">\u00c7ocuk hastanesinde hastalar\u0131n d\u0131\u015far\u0131ya \u00e7\u0131kar\u0131ld\u0131\u011f\u0131n\u0131, hastanede tavan ve duvarlarda s\u0131va d\u00f6k\u00fclmesi oldu\u011funu dile getiren Atalay, hastalar\u0131n tedavilerinin \u00e7ad\u0131rlarda devam etti\u011fini kaydetti.<\/p>\n<p style=\"text-align: justify;\">Atalay, bir soru \u00fczerine de kuv\u00f6zde bulunan baz\u0131 bebeklerin ailelerinin talepleri do\u011frultusunda \u00e7ad\u0131rlarda ta\u015f\u0131nd\u0131\u011f\u0131n\u0131, k\u0131sa bir s\u00fcre sonra yap\u0131lacak \u00e7al\u0131\u015fmalarla hastalar\u0131n tekrar bina i\u00e7erisine al\u0131nabilece\u011fini s\u00f6yledi.<\/p>\n<p style=\"text-align: justify;\">Be\u015fir Atalay, sa\u011fl\u0131k durumu a\u011f\u0131r olan 15 hastan\u0131n da ambulans helikopterlerle Ankara ve \u00e7evre illere sevk edildi\u011fini belirterek, hasta ve yaral\u0131larla ilgili bir sorunun olmayaca\u011f\u0131n\u0131 ifade etti.<\/p>\n<p style=\"text-align: justify;\"><a href=\"http:\/\/www.ntvmsnbc.com\/id\/25296122\" target=\"_blank\">Kaynak : NTVMSNBC<\/a><\/p>\n","protected":false},"excerpt":{"rendered":"<p style=\"text-align: center;\">\n<p style=\"text-align: justify;\">Van&#8217;da meydana gelen 5,6&#8217;l\u0131k depremin ard\u0131ndan 25 ki\u015fi enkazdan kurtar\u0131ld\u0131, 7 ki\u015fi hayat\u0131n\u0131 kaybetti.<\/p>\n<p style=\"text-align: justify;\">VAN &#8211; Van&#8217;da d\u00fcn gece saat 21.23&#8217;te, merkez \u00fcss\u00fc Edremit il\u00e7esi olan 5,6 b\u00fcy\u00fckl\u00fc\u011f\u00fcnde bir deprem meydana geldi.<\/p>\n<p style=\"text-align: justify;\">Edremit&#8217;te y\u0131k\u0131ma neden olmayan deprem, Van merkezde 25 binay\u0131 y\u0131kt\u0131. Bu binalardan 22&#8217;sinin bo\u015f <\/p>\n","protected":false},"author":1,"featured_media":0,"comment_status":"open","ping_status":"open","sticky":false,"template":"","format":"standard","meta":{"footnotes":""},"categories":[105],"tags":[],"class_list":["post-42226","post","type-post","status-publish","format-standard","hentry","category-gundem","odd"],"_links":{"self":[{"href":"http:\/\/www.korhanyilmaz.com\/index.php?rest_route=\/wp\/v2\/posts\/42226","targetHints":{"allow":["GET"]}}],"collection":[{"href":"http:\/\/www.korhanyilmaz.com\/index.php?rest_route=\/wp\/v2\/posts"}],"about":[{"href":"http:\/\/www.korhanyilmaz.com\/index.php?rest_route=\/wp\/v2\/types\/post"}],"author":[{"embeddable":true,"href":"http:\/\/www.korhanyilmaz.com\/index.php?rest_route=\/wp\/v2\/users\/1"}],"replies":[{"embeddable":true,"href":"http:\/\/www.korhanyilmaz.com\/index.php?rest_route=%2Fwp%2Fv2%2Fcomments&post=42226"}],"version-history":[{"count":0,"href":"http:\/\/www.korhanyilmaz.com\/index.php?rest_route=\/wp\/v2\/posts\/42226\/revisions"}],"wp:attachment":[{"href":"http:\/\/www.korhanyilmaz.com\/index.php?rest_route=%2Fwp%2Fv2%2Fmedia&parent=42226"}],"wp:term":[{"taxonomy":"category","embeddable":true,"href":"http:\/\/www.korhanyilmaz.com\/index.php?rest_route=%2Fwp%2Fv2%2Fcategories&post=42226"},{"taxonomy":"post_tag","embeddable":true,"href":"http:\/\/www.korhanyilmaz.com\/index.php?rest_route=%2Fwp%2Fv2%2Ftags&post=42226"}],"curies":[{"name":"wp","href":"https:\/\/api.w.org\/{rel}","templated":true}]}}