{"id":42223,"date":"2011-11-10T12:07:34","date_gmt":"2011-11-10T10:07:34","guid":{"rendered":"http:\/\/www.korhanyilmaz.com\/?p=42223"},"modified":"2011-11-10T13:10:23","modified_gmt":"2011-11-10T11:10:23","slug":"vani-hayalet-faylar-vurdu","status":"publish","type":"post","link":"http:\/\/www.korhanyilmaz.com\/?p=42223","title":{"rendered":"Van&#8217;\u0131 &#8216;hayalet fay&#8217;lar vurdu"},"content":{"rendered":"<p style=\"text-align: center;\"><a href=\"http:\/\/www.korhanyilmaz.com\/wp-content\/uploads\/2011\/11\/7038.jpg\"  class=\"lightview\"><img loading=\"lazy\" decoding=\"async\" class=\"aligncenter  wp-image-42224\" src=\"http:\/\/www.korhanyilmaz.com\/wp-content\/uploads\/2011\/11\/7038.jpg\" alt=\"\" width=\"403\" height=\"232\" \/><\/a><\/p>\n<p style=\"text-align: justify;\">Van 7,2&#8217;lik depremden 17 g\u00fcn sonra 5,6&#8217;yla salland\u0131. \u0130ki depremin ortak \u00f6zelli\u011fi daha \u00f6nce g\u00f6r\u00fclmemi\u015f faylarda olmas\u0131.<\/p>\n<p style=\"text-align: justify;\">\u0130STANBUL &#8211; Van \u00f6nce 23 Ekim&#8217;de 7,2, d\u00fcn de 5,6&#8217;yla salland\u0131. \u0130ki deprem 600&#8217;\u00fc a\u015fk\u0131n ki\u015finin hayat\u0131n\u0131 kaybetmesine neden olurken, &#8216;hayalet fay&#8217; tart\u0131\u015fmas\u0131n\u0131 da ba\u015flatt\u0131.\u00a0<!--more--><\/p>\n<p style=\"text-align: justify;\">7,2&#8217;lik deprem daha \u00f6nce g\u00f6r\u00fclmemi\u015f bir fayda oldu. Bo\u011fazi\u00e7i \u00dcniversitesi Kandilli Rasathanesi ve Deprem Ara\u015ft\u0131rma Enstit\u00fcs\u00fc M\u00fcd\u00fcr\u00fc Prof. Dr. Mustafa Erdik ba\u015fkanl\u0131\u011f\u0131ndaki bir ekip 7,2&#8217;nin vurdu\u011fu Van&#8217;da incelemelerde bulunmu\u015f ve bir ilke tan\u0131k olmu\u015ftu. T\u00fcrkiye&#8217;de son y\u00fczy\u0131lda, kay\u0131tlara g\u00f6re ilk kez ters faylanma sonucu bir deprem meydana gelmi\u015fti.<\/p>\n<p style=\"text-align: justify;\">Depremin vurdu\u011fu yerlerde yapt\u0131klar\u0131 incelemede y\u00fczeyde herhangi bir faya rastlamad\u0131klar\u0131n\u0131 belirten Erdik, &#8220;\u0130lk kez b\u00f6yle bir \u015feyle kar\u015f\u0131la\u015f\u0131yoruz. Ancak bunun d\u00fcnyada \u00f6rnekleri var&#8221; demi\u015fti. Bir ba\u015fka deyi\u015fle deprem \u00f6nceden bilinmeyen bir fayda meydana gelmi\u015fti.<\/p>\n<p style=\"text-align: justify;\">O depremden 17 g\u00fcn sonra Van bu kez 5,6&#8217;yla salland\u0131. Deprem sonras\u0131nda ikisi otel 20&#8217;yi a\u015fk\u0131n bina y\u0131k\u0131ld\u0131. Bu depremin 7,2&#8217;nin art\u00e7\u0131s\u0131 oldu\u011fu san\u0131ld\u0131 ancak yine daha \u00f6nce g\u00f6r\u00fclmemi\u015f bir fay hareket etti.<\/p>\n<p style=\"text-align: justify;\"><strong>G\u00d6M\u00dcL\u00dc B\u0130R FAY<\/strong><\/p>\n<p style=\"text-align: justify;\">Bas\u0131n\u0131n kar\u015f\u0131s\u0131na ge\u00e7en Ulusal Deprem \u0130zleme Merkezi M\u00fcd\u00fcr\u00fc Do\u011fan Kalafat son depremle ilgili \u015funlar\u0131 s\u00f6yledi: &#8220;Bu b\u00f6lgede haritalanm\u0131\u015f faylar yok. Baz\u0131 faylar uydu foto\u011fraflar\u0131nda g\u00f6r\u00fclmeyebiliyor. Y\u00fczeyde herhangi bir \u015fekilde hat g\u00f6r\u00fclmeyebilir. Son deprem de bunun gibi g\u00f6m\u00fcl\u00fc bir fay. Son y\u00fczy\u0131lda \u00e7al\u0131\u015fmad\u0131\u011f\u0131 i\u00e7in bu faya ili\u015fkin haritalanma yap\u0131lmam\u0131\u015f. Bunlar risk ta\u015f\u0131yabilir ama bir \u015fey s\u00f6ylemek m\u00fcmk\u00fcn de\u011fil.&#8221;<\/p>\n<p style=\"text-align: justify;\">Van&#8217;\u0131 17 g\u00fcnde ayn\u0131 kabusu ya\u015famaya iten iki deprem de daha \u00f6nce g\u00f6r\u00fclmemi\u015f faylardan meydana geldi.<\/p>\n<p style=\"text-align: justify;\"><strong>Y\u0130NE 5&#8217;LE SALLANAB\u0130L\u0130R<\/strong><\/p>\n<p style=\"text-align: justify;\">Kalafat, b\u00f6lgede 5&#8217;lik depremlerin olma olas\u0131l\u0131\u011f\u0131 bulundu\u011funu ve hasarl\u0131 binalardan uzak durulmas\u0131 gerekti\u011fini kaydetti.<\/p>\n<p style=\"text-align: justify;\"><strong>ART\u00c7ILAR S\u00dcRECEK<\/strong><\/p>\n<p style=\"text-align: justify;\">B\u00f6lgede 7,2&#8217;lik depremin ard\u0131ndan 5&#8217;in \u00fczerinde 9 deprem meydana geldi. Art\u00e7\u0131 sars\u0131nt\u0131lar\u0131n devam edece\u011fi belirtiliyor.<\/p>\n<p style=\"text-align: justify;\"><a href=\"http:\/\/www.ntvmsnbc.com\/id\/25296202\" target=\"_blank\">Kaynak : NTVMSNBC<\/a><\/p>\n","protected":false},"excerpt":{"rendered":"<p style=\"text-align: center;\">\n<p style=\"text-align: justify;\">Van 7,2&#8217;lik depremden 17 g\u00fcn sonra 5,6&#8217;yla salland\u0131. \u0130ki depremin ortak \u00f6zelli\u011fi daha \u00f6nce g\u00f6r\u00fclmemi\u015f faylarda olmas\u0131.<\/p>\n<p style=\"text-align: justify;\">\u0130STANBUL &#8211; Van \u00f6nce 23 Ekim&#8217;de 7,2, d\u00fcn de 5,6&#8217;yla salland\u0131. \u0130ki deprem 600&#8217;\u00fc a\u015fk\u0131n ki\u015finin hayat\u0131n\u0131 kaybetmesine neden olurken, &#8216;hayalet fay&#8217; tart\u0131\u015fmas\u0131n\u0131 da ba\u015flatt\u0131. <\/p>\n","protected":false},"author":1,"featured_media":0,"comment_status":"open","ping_status":"open","sticky":false,"template":"","format":"standard","meta":{"footnotes":""},"categories":[105],"tags":[],"class_list":["post-42223","post","type-post","status-publish","format-standard","hentry","category-gundem","odd"],"_links":{"self":[{"href":"http:\/\/www.korhanyilmaz.com\/index.php?rest_route=\/wp\/v2\/posts\/42223","targetHints":{"allow":["GET"]}}],"collection":[{"href":"http:\/\/www.korhanyilmaz.com\/index.php?rest_route=\/wp\/v2\/posts"}],"about":[{"href":"http:\/\/www.korhanyilmaz.com\/index.php?rest_route=\/wp\/v2\/types\/post"}],"author":[{"embeddable":true,"href":"http:\/\/www.korhanyilmaz.com\/index.php?rest_route=\/wp\/v2\/users\/1"}],"replies":[{"embeddable":true,"href":"http:\/\/www.korhanyilmaz.com\/index.php?rest_route=%2Fwp%2Fv2%2Fcomments&post=42223"}],"version-history":[{"count":0,"href":"http:\/\/www.korhanyilmaz.com\/index.php?rest_route=\/wp\/v2\/posts\/42223\/revisions"}],"wp:attachment":[{"href":"http:\/\/www.korhanyilmaz.com\/index.php?rest_route=%2Fwp%2Fv2%2Fmedia&parent=42223"}],"wp:term":[{"taxonomy":"category","embeddable":true,"href":"http:\/\/www.korhanyilmaz.com\/index.php?rest_route=%2Fwp%2Fv2%2Fcategories&post=42223"},{"taxonomy":"post_tag","embeddable":true,"href":"http:\/\/www.korhanyilmaz.com\/index.php?rest_route=%2Fwp%2Fv2%2Ftags&post=42223"}],"curies":[{"name":"wp","href":"https:\/\/api.w.org\/{rel}","templated":true}]}}