{"id":42218,"date":"2011-11-10T12:21:32","date_gmt":"2011-11-10T10:21:32","guid":{"rendered":"http:\/\/www.korhanyilmaz.com\/?p=42218"},"modified":"2011-11-10T13:00:27","modified_gmt":"2011-11-10T11:00:27","slug":"chp-erdogan-ile-ilgili-gensoruyu-geri-cekti","status":"publish","type":"post","link":"http:\/\/www.korhanyilmaz.com\/?p=42218","title":{"rendered":"CHP Erdo\u011fan ile ilgili gensoruyu geri \u00e7ekti"},"content":{"rendered":"<p style=\"text-align: justify;\"><a href=\"http:\/\/www.korhanyilmaz.com\/wp-content\/uploads\/2011\/11\/7037.jpg\"  class=\"lightview\"><img loading=\"lazy\" decoding=\"async\" class=\"aligncenter size-full wp-image-42219\" title=\"\" src=\"http:\/\/www.korhanyilmaz.com\/wp-content\/uploads\/2011\/11\/7037.jpg\" alt=\"\" width=\"292\" height=\"219\" \/><\/a><\/p>\n<p style=\"text-align: justify;\">CHP, Ba\u015fbakan Recep Tayyip Erdo\u011fan hakk\u0131nda verdi\u011fi gensoru \u00f6nergesini geri \u00e7ekti.<\/p>\n<p style=\"text-align: justify;\">CHP Grubu&#8217;ndan, TBMM Kanun ve Kararlar Daire Ba\u015fkanl\u0131\u011f\u0131&#8217;na g\u00f6nderilen yaz\u0131da, Ba\u015fbakan Erdo\u011fan hakk\u0131nda verilen gensoru \u00f6nergesinin geri \u00e7ekildi\u011fi bildirildi.\u00a0<!--more--><\/p>\n<p style=\"text-align: justify;\">CHP, Ba\u015fbakan Recep Tayyip Erdo\u011fan hakk\u0131nda, &#8220;CHP&#8217;li belediyelerin, Alman vak\u0131flar\u0131ndan kredi alarak ter\u00f6r \u00f6rg\u00fct\u00fc PKK&#8217;ya yard\u0131m etti\u011fi&#8230;&#8221; y\u00f6n\u00fcndeki a\u00e7\u0131klamalar\u0131 gerek\u00e7esiyle gensoru a\u00e7\u0131lmas\u0131n\u0131 istemi\u015fti.<\/p>\n<p style=\"text-align: justify;\">Bu durumda, 15 Kas\u0131m Sal\u0131 g\u00fcn\u00fc TBMM Genel Kurulu&#8217;nda, BDP&#8217;nin, \u0130\u00e7i\u015fleri Bakan\u0131 \u0130dris Naim \u015eahin hakk\u0131nda verdi\u011fi gensoru \u00f6nergesi g\u00f6r\u00fc\u015f\u00fclecek.<\/p>\n<p style=\"text-align: justify;\"><a href=\"http:\/\/www.cnnturk.com\/2011\/turkiye\/11\/10\/chp.erdogan.ile.ilgili.gensoruyu.geri.cekti\/636219.0\/index.html\" target=\"_blank\">Kaynak : CNN T\u00dcRK<\/a><\/p>\n","protected":false},"excerpt":{"rendered":"<p style=\"text-align: justify;\">\n<p style=\"text-align: justify;\">CHP, Ba\u015fbakan Recep Tayyip Erdo\u011fan hakk\u0131nda verdi\u011fi gensoru \u00f6nergesini geri \u00e7ekti.<\/p>\n<p style=\"text-align: justify;\">CHP Grubu&#8217;ndan, TBMM Kanun ve Kararlar Daire Ba\u015fkanl\u0131\u011f\u0131&#8217;na g\u00f6nderilen yaz\u0131da, Ba\u015fbakan Erdo\u011fan hakk\u0131nda verilen gensoru \u00f6nergesinin geri \u00e7ekildi\u011fi bildirildi. <\/p>\n","protected":false},"author":1,"featured_media":0,"comment_status":"open","ping_status":"open","sticky":false,"template":"","format":"standard","meta":{"footnotes":""},"categories":[105],"tags":[],"class_list":["post-42218","post","type-post","status-publish","format-standard","hentry","category-gundem","odd"],"_links":{"self":[{"href":"http:\/\/www.korhanyilmaz.com\/index.php?rest_route=\/wp\/v2\/posts\/42218","targetHints":{"allow":["GET"]}}],"collection":[{"href":"http:\/\/www.korhanyilmaz.com\/index.php?rest_route=\/wp\/v2\/posts"}],"about":[{"href":"http:\/\/www.korhanyilmaz.com\/index.php?rest_route=\/wp\/v2\/types\/post"}],"author":[{"embeddable":true,"href":"http:\/\/www.korhanyilmaz.com\/index.php?rest_route=\/wp\/v2\/users\/1"}],"replies":[{"embeddable":true,"href":"http:\/\/www.korhanyilmaz.com\/index.php?rest_route=%2Fwp%2Fv2%2Fcomments&post=42218"}],"version-history":[{"count":0,"href":"http:\/\/www.korhanyilmaz.com\/index.php?rest_route=\/wp\/v2\/posts\/42218\/revisions"}],"wp:attachment":[{"href":"http:\/\/www.korhanyilmaz.com\/index.php?rest_route=%2Fwp%2Fv2%2Fmedia&parent=42218"}],"wp:term":[{"taxonomy":"category","embeddable":true,"href":"http:\/\/www.korhanyilmaz.com\/index.php?rest_route=%2Fwp%2Fv2%2Fcategories&post=42218"},{"taxonomy":"post_tag","embeddable":true,"href":"http:\/\/www.korhanyilmaz.com\/index.php?rest_route=%2Fwp%2Fv2%2Ftags&post=42218"}],"curies":[{"name":"wp","href":"https:\/\/api.w.org\/{rel}","templated":true}]}}