{"id":42200,"date":"2011-11-10T08:32:30","date_gmt":"2011-11-10T06:32:30","guid":{"rendered":"http:\/\/www.korhanyilmaz.com\/?p=42200"},"modified":"2011-11-10T08:32:30","modified_gmt":"2011-11-10T06:32:30","slug":"ha-bu-benum-usagun-kulagini-cek","status":"publish","type":"post","link":"http:\/\/www.korhanyilmaz.com\/?p=42200","title":{"rendered":"Ha bu benum u\u015fa\u011fun kula\u011fini \u00e7ek"},"content":{"rendered":"<p style=\"text-align: center;\"><a href=\"http:\/\/www.korhanyilmaz.com\/wp-content\/uploads\/2011\/11\/7031.jpg\"  class=\"lightview\"><img loading=\"lazy\" decoding=\"async\" class=\"aligncenter  wp-image-42201\" title=\"7031\" src=\"http:\/\/www.korhanyilmaz.com\/wp-content\/uploads\/2011\/11\/7031.jpg\" alt=\"\" width=\"311\" height=\"253\" \/><\/a><\/p>\n<p style=\"text-align: justify;\">Ba\u015fbakan Recep Tayyip Erdo\u011fan, tatilin son g\u00fcn\u00fcn\u00fc hem\u015ferileriyle ge\u00e7irdi.<\/p>\n<p style=\"text-align: justify;\">D\u00fcn 11.00 s\u0131ralar\u0131nda G\u00fcneysu\u2019daki evinden \u00e7\u0131kan Erdo\u011fan, babas\u0131n\u0131n k\u00f6y\u00fc olan Dumankaya\u2019ya gitti. Dumankaya Merkez Camisi\u2019nde \u00f6\u011fle namaz\u0131n\u0131 k\u0131lan Erdo\u011fan, daha sonra cami \u00f6n\u00fcnde vatanda\u015flarla sohbet etti. Ba\u015fbakan, vatanda\u015flar\u0131n isteklerini k\u0131rmayarak herkesle tek tek hat\u0131ra foto\u011fraf\u0131 \u00e7ektirdi. Erdo\u011fan\u2019\u0131n korumalar\u0131 da \u00e7ocuklara oyuncak da\u011f\u0131tt\u0131.<!--more--><\/p>\n<p style=\"text-align: justify;\"><a href=\"http:\/\/www.korhanyilmaz.com\/wp-content\/uploads\/2011\/11\/7032.jpg\"  class=\"lightview\"><img loading=\"lazy\" decoding=\"async\" class=\"alignleft  wp-image-42202\" style=\"margin-left: 10px; margin-right: 10px;\" src=\"http:\/\/www.korhanyilmaz.com\/wp-content\/uploads\/2011\/11\/7032.jpg\" alt=\"\" width=\"250\" height=\"150\" \/><\/a>Babaevine ge\u00e7erek bir s\u00fcre oturan ve amcas\u0131n\u0131n o\u011flu \u0130smet Erdo\u011fan\u2019la sohbet eden Ba\u015fbakan, daha sonra a\u011fabeyi Hasan Erdo\u011fan\u2019\u0131n mezar\u0131n\u0131 da ziyaret ederek dua okudu. Dumankaya K\u00f6y\u00fc\u2019nde yol kenar\u0131nda aral\u0131klarla bekleyen hem\u015fehrilerinin isteklerini de k\u0131rmayan ve hemen her grubun yan\u0131nda durarak arac\u0131ndan inen Ba\u015fbakan Erdo\u011fan, yine foto\u011fraf \u00e7ektirme tekliflerini geri \u00e7evirmedi. Vatanda\u015flarla sohbeti s\u0131ras\u0131nda ya\u015fl\u0131 bir adam\u0131n Erdo\u011fan\u2019a, \u201cHa bu benum u\u015fa\u011fun kula\u011fini bir \u00e7ek\u201d demesi de kameralara yans\u0131d\u0131. Erdo\u011fan\u2019la sohbet eden hem\u015fehrileri, \u201c\u2018Ho\u015fgeldinuz\u2019 deduk, ba\u015fsa\u011fl\u0131\u011f\u0131 dileduk. \u2018Ba\u015fumuzdan eksuk olmayasun\u2019 deduk. Havadan sudan konu\u015ftuk. Ba\u015fbakanumuz bir tanedur\u201d dediler.<\/p>\n<p style=\"text-align: justify;\"><a href=\"http:\/\/www.hurriyet.com.tr\/gundem\/19204340.asp\" target=\"_blank\">Kaynak : H\u00fcrriyet.com.tr<\/a><\/p>\n","protected":false},"excerpt":{"rendered":"<p style=\"text-align: center;\">\n<p style=\"text-align: justify;\">Ba\u015fbakan Recep Tayyip Erdo\u011fan, tatilin son g\u00fcn\u00fcn\u00fc hem\u015ferileriyle ge\u00e7irdi.<\/p>\n<p style=\"text-align: justify;\">D\u00fcn 11.00 s\u0131ralar\u0131nda G\u00fcneysu\u2019daki evinden \u00e7\u0131kan Erdo\u011fan, babas\u0131n\u0131n k\u00f6y\u00fc olan Dumankaya\u2019ya gitti. Dumankaya Merkez Camisi\u2019nde \u00f6\u011fle namaz\u0131n\u0131 k\u0131lan Erdo\u011fan, daha sonra cami \u00f6n\u00fcnde vatanda\u015flarla sohbet etti. Ba\u015fbakan, vatanda\u015flar\u0131n isteklerini k\u0131rmayarak herkesle tek tek hat\u0131ra foto\u011fraf\u0131 \u00e7ektirdi. Erdo\u011fan\u2019\u0131n korumalar\u0131 da <\/p>\n","protected":false},"author":1,"featured_media":0,"comment_status":"open","ping_status":"open","sticky":false,"template":"","format":"standard","meta":{"footnotes":""},"categories":[105],"tags":[],"class_list":["post-42200","post","type-post","status-publish","format-standard","hentry","category-gundem","odd"],"_links":{"self":[{"href":"http:\/\/www.korhanyilmaz.com\/index.php?rest_route=\/wp\/v2\/posts\/42200","targetHints":{"allow":["GET"]}}],"collection":[{"href":"http:\/\/www.korhanyilmaz.com\/index.php?rest_route=\/wp\/v2\/posts"}],"about":[{"href":"http:\/\/www.korhanyilmaz.com\/index.php?rest_route=\/wp\/v2\/types\/post"}],"author":[{"embeddable":true,"href":"http:\/\/www.korhanyilmaz.com\/index.php?rest_route=\/wp\/v2\/users\/1"}],"replies":[{"embeddable":true,"href":"http:\/\/www.korhanyilmaz.com\/index.php?rest_route=%2Fwp%2Fv2%2Fcomments&post=42200"}],"version-history":[{"count":0,"href":"http:\/\/www.korhanyilmaz.com\/index.php?rest_route=\/wp\/v2\/posts\/42200\/revisions"}],"wp:attachment":[{"href":"http:\/\/www.korhanyilmaz.com\/index.php?rest_route=%2Fwp%2Fv2%2Fmedia&parent=42200"}],"wp:term":[{"taxonomy":"category","embeddable":true,"href":"http:\/\/www.korhanyilmaz.com\/index.php?rest_route=%2Fwp%2Fv2%2Fcategories&post=42200"},{"taxonomy":"post_tag","embeddable":true,"href":"http:\/\/www.korhanyilmaz.com\/index.php?rest_route=%2Fwp%2Fv2%2Ftags&post=42200"}],"curies":[{"name":"wp","href":"https:\/\/api.w.org\/{rel}","templated":true}]}}