{"id":42195,"date":"2011-11-10T00:26:11","date_gmt":"2011-11-09T22:26:11","guid":{"rendered":"http:\/\/www.korhanyilmaz.com\/?p=42195"},"modified":"2011-11-10T00:46:22","modified_gmt":"2011-11-09T22:46:22","slug":"kandilliden-deprem-aciklamasi","status":"publish","type":"post","link":"http:\/\/www.korhanyilmaz.com\/?p=42195","title":{"rendered":"Kandilli&#8217;den deprem a\u00e7\u0131klamas\u0131"},"content":{"rendered":"<p style=\"text-align: justify;\"><a href=\"http:\/\/www.korhanyilmaz.com\/wp-content\/uploads\/2011\/11\/7030.jpg\"  class=\"lightview\"><img loading=\"lazy\" decoding=\"async\" class=\"aligncenter size-full wp-image-42196\" title=\"\" src=\"http:\/\/www.korhanyilmaz.com\/wp-content\/uploads\/2011\/11\/7030.jpg\" alt=\"\" width=\"292\" height=\"193\" \/><\/a><\/p>\n<p style=\"text-align: justify;\">Bo\u011fazi\u00e7i \u00dcniversitesi Kandilli Rasathanesi ve Deprem Ara\u015ft\u0131rma Enstit\u00fcs\u00fc M\u00fcd\u00fcr\u00fc Prof. Dr. Mustafa Erdik, Van&#8217;daki 5,6 b\u00fcy\u00fckl\u00fc\u011f\u00fcndeki depremin ana \u015foka g\u00f6re bir \u015fiddet derecesi daha k\u00fc\u00e7\u00fck oldu\u011funu belirterek, &#8220;Hasars\u0131z bir binada hasar yaratmas\u0131 \u00e7ok k\u00fc\u00e7\u00fck bir ihtimal, ama hasarl\u0131 bir yap\u0131y\u0131 y\u0131kmas\u0131 muhtemel&#8221; dedi.\u00a0<!--more--><\/p>\n<p style=\"text-align: justify;\">Erdik, bu ak\u015fam saat 21.23&#8217;te Van&#8217;\u0131n Edremit il\u00e7esinde meydana gelen 5,6 b\u00fcy\u00fckl\u00fc\u011f\u00fcndeki depreme ili\u015fkin AA muhabirine yapt\u0131\u011f\u0131 a\u00e7\u0131klamada, eldeki verilerin, b\u00f6lgedeki k\u0131r\u0131lman\u0131n halen devam etti\u011fini g\u00f6sterdi\u011fini kaydetti.<\/p>\n<p style=\"text-align: justify;\">B\u00fcy\u00fck depremlerden sonra bekledikleri art\u00e7\u0131 sars\u0131nt\u0131lar\u0131n b\u00fcy\u00fckl\u00fc\u011f\u00fcn\u00fcn ana \u015fokun bir alt\u0131na kadar inebilece\u011fini, \u00fcst\u00fcne \u00e7\u0131kmayaca\u011f\u0131n\u0131 dile getiren Erdik, &#8220;Ana \u015fok 7,2 oldu\u011fu i\u00e7in 6,2&#8217;yi g\u00f6rme ihtimali var. \u015eu anda en y\u00fckse\u011fi 5,6 civar\u0131nda kald\u0131. Bu b\u00f6lgede, T\u00fcrkiye&#8217;deki yanal at\u0131ml\u0131 faylara g\u00f6re art\u00e7\u0131 \u015fok aktivitesi \u00e7abuk s\u00f6nm\u00fcyor. Bir s\u00fcre daha art\u00e7\u0131 sars\u0131nt\u0131lar devam edecek gibi duruyor&#8221; diye konu\u015ftu.<\/p>\n<p style=\"text-align: justify;\">Erdik, T\u00fcrkiye&#8217;de art\u00e7\u0131 sars\u0131nt\u0131larla ilgili istatistiklerin daha \u00e7ok yanal at\u0131ml\u0131 depremlere ili\u015fkin oldu\u011funu vurgulayarak, &#8220;Mesela Kuzey Anadolu fay hatt\u0131nda veya Ege&#8217;deki depremler gibi. Ama bu b\u00f6lgede art\u00e7\u0131 \u015foklar uzuyor. Bu, daha \u00f6nce al\u0131\u015ft\u0131\u011f\u0131m\u0131z bir fay tipi de\u011fil. Bu bak\u0131mdan istatistiklerle ilgili bir \u015fey s\u00f6ylemek zor&#8221; dedi.<\/p>\n<p style=\"text-align: justify;\"><strong>Art\u00e7\u0131 m\u0131 de\u011fil mi?\u00a0<\/strong><\/p>\n<p style=\"text-align: justify;\">Son sars\u0131nt\u0131n\u0131n art\u00e7\u0131 \u015fok olup olmad\u0131\u011f\u0131n\u0131n da ayr\u0131ca incelenmesi gerekti\u011fini belirten Erdik, \u015f\u00f6yle devam etti: &#8220;\u00c7\u00fcnk\u00fc etrafta \u00e7ok miktarda fay var. Ayr\u0131 bir deprem de\u011fil de ana \u015fokun y\u0131rtt\u0131\u011f\u0131 30&#215;60 kilometre boyutlar\u0131nda bir ters fay, ona ba\u011fl\u0131 olabilir. Ama esas ana \u015fokun y\u0131rtt\u0131\u011f\u0131 fay\u0131n biraz g\u00fcneyinde duruyor. MTA taraf\u0131ndan g\u00f6sterilen bir Van fay\u0131 var. Onun g\u00f6l i\u00e7indeki uzant\u0131s\u0131 gibi duruyor. Ama \u015fu an s\u00f6ylediklerim biraz premat\u00fcre tabii. Yar\u0131na detayl\u0131 incelememiz gerekir.&#8221;<\/p>\n<p style=\"text-align: justify;\">Erdik, ana depremde a\u011f\u0131r hasar g\u00f6rm\u00fc\u015f binalar\u0131n art\u00e7\u0131 \u015foklarda y\u0131k\u0131labilece\u011fini kaydederek, &#8220;Hasars\u0131z bir binada bu depremin hasar yaratmas\u0131 fazla m\u00fcmk\u00fcn de\u011fil. \u00c7\u00fcnk\u00fc ilk depremin Van&#8217;da yaratt\u0131\u011f\u0131 \u015fiddet 7-8 civar\u0131ndayd\u0131. Bu depremin yaratt\u0131\u011f\u0131 \u015fiddet 6 civar\u0131nda. Ana \u015foka g\u00f6re bir \u015fiddet derecesi daha k\u00fc\u00e7\u00fck. Biraz daha yak\u0131n faya, Van&#8217;a 15 kilometre. Hasars\u0131z bir binada hasar yaratmas\u0131 \u00e7ok k\u00fc\u00e7\u00fck bir ihtimal, ama hasarl\u0131 bir yap\u0131y\u0131 y\u0131kmas\u0131 muhtemel&#8221; diye konu\u015ftu.<\/p>\n<p style=\"text-align: justify;\">Ba\u015ftan beri H\u00fck\u00fcmetin ve ilgili kurumlar\u0131n, vatanda\u015flar\u0131 hasarl\u0131 binalara girilmemesi konusunda uyard\u0131\u011f\u0131n\u0131 aktaran Erdik, \u00f6zellikle \u00c7evre ve \u015eehircilik Bakanl\u0131\u011f\u0131n\u0131n bu y\u00f6nde uyar\u0131lar\u0131 oldu\u011funu, bunlara uyulmas\u0131 gerekti\u011fini s\u00f6yledi.<\/p>\n<p style=\"text-align: justify;\"><strong>Ba\u011f\u0131ms\u0131z deprem\u00a0<\/strong><\/p>\n<p style=\"text-align: justify;\">CNN T\u00dcRK yay\u0131n\u0131na ba\u011flanan Bo\u011fazi\u00e7i \u00dcniversitesi Kandilli Rasathanesi ve Deprem Ara\u015ft\u0131rma Enstit\u00fcs\u00fc Ulusal Deprem \u0130zleme Merkezi M\u00fcd\u00fcr\u00fc Do\u011fan Kalafat da sars\u0131nt\u0131n\u0131n ba\u011f\u0131ms\u0131z bir deprem oldu\u011funu belirtti. Kalafat, y\u0131k\u0131lan binalar\u0131n \u00f6nceki depremde hasar alm\u0131\u015f olan binalar oldu\u011funu s\u00f6yledi.<\/p>\n<p style=\"text-align: justify;\"><a href=\"http:\/\/www.cnnturk.com\/2011\/turkiye\/11\/09\/kandilliden.deprem.aciklamasi\/636182.0\/index.html\" target=\"_blank\">Kaynak : CNN T\u00dcRK<\/a><\/p>\n","protected":false},"excerpt":{"rendered":"<p style=\"text-align: justify;\">\n<p style=\"text-align: justify;\">Bo\u011fazi\u00e7i \u00dcniversitesi Kandilli Rasathanesi ve Deprem Ara\u015ft\u0131rma Enstit\u00fcs\u00fc M\u00fcd\u00fcr\u00fc Prof. Dr. Mustafa Erdik, Van&#8217;daki 5,6 b\u00fcy\u00fckl\u00fc\u011f\u00fcndeki depremin ana \u015foka g\u00f6re bir \u015fiddet derecesi daha k\u00fc\u00e7\u00fck oldu\u011funu belirterek, &#8220;Hasars\u0131z bir binada hasar yaratmas\u0131 \u00e7ok k\u00fc\u00e7\u00fck bir ihtimal, ama hasarl\u0131 bir yap\u0131y\u0131 y\u0131kmas\u0131 muhtemel&#8221; dedi. <\/p>\n","protected":false},"author":1,"featured_media":0,"comment_status":"open","ping_status":"open","sticky":false,"template":"","format":"standard","meta":{"footnotes":""},"categories":[105],"tags":[],"class_list":["post-42195","post","type-post","status-publish","format-standard","hentry","category-gundem","odd"],"_links":{"self":[{"href":"http:\/\/www.korhanyilmaz.com\/index.php?rest_route=\/wp\/v2\/posts\/42195","targetHints":{"allow":["GET"]}}],"collection":[{"href":"http:\/\/www.korhanyilmaz.com\/index.php?rest_route=\/wp\/v2\/posts"}],"about":[{"href":"http:\/\/www.korhanyilmaz.com\/index.php?rest_route=\/wp\/v2\/types\/post"}],"author":[{"embeddable":true,"href":"http:\/\/www.korhanyilmaz.com\/index.php?rest_route=\/wp\/v2\/users\/1"}],"replies":[{"embeddable":true,"href":"http:\/\/www.korhanyilmaz.com\/index.php?rest_route=%2Fwp%2Fv2%2Fcomments&post=42195"}],"version-history":[{"count":0,"href":"http:\/\/www.korhanyilmaz.com\/index.php?rest_route=\/wp\/v2\/posts\/42195\/revisions"}],"wp:attachment":[{"href":"http:\/\/www.korhanyilmaz.com\/index.php?rest_route=%2Fwp%2Fv2%2Fmedia&parent=42195"}],"wp:term":[{"taxonomy":"category","embeddable":true,"href":"http:\/\/www.korhanyilmaz.com\/index.php?rest_route=%2Fwp%2Fv2%2Fcategories&post=42195"},{"taxonomy":"post_tag","embeddable":true,"href":"http:\/\/www.korhanyilmaz.com\/index.php?rest_route=%2Fwp%2Fv2%2Ftags&post=42195"}],"curies":[{"name":"wp","href":"https:\/\/api.w.org\/{rel}","templated":true}]}}