{"id":42190,"date":"2011-11-09T23:24:15","date_gmt":"2011-11-09T21:24:15","guid":{"rendered":"http:\/\/www.korhanyilmaz.com\/?p=42190"},"modified":"2011-11-10T00:30:50","modified_gmt":"2011-11-09T22:30:50","slug":"vani-bir-kez-daha-deprem-vurdu","status":"publish","type":"post","link":"http:\/\/www.korhanyilmaz.com\/?p=42190","title":{"rendered":"Van&#8217;\u0131 bir kez daha deprem vurdu"},"content":{"rendered":"<p style=\"text-align: center;\"><a href=\"http:\/\/www.korhanyilmaz.com\/wp-content\/uploads\/2011\/11\/7028.jpg\"  class=\"lightview\"><img loading=\"lazy\" decoding=\"async\" class=\"aligncenter  wp-image-42191\" src=\"http:\/\/www.korhanyilmaz.com\/wp-content\/uploads\/2011\/11\/7028.jpg\" alt=\"\" width=\"346\" height=\"266\" \/><\/a><\/p>\n<p style=\"text-align: justify;\">Van&#8217;da merkez \u00fcss\u00fc Edremit olan 5,6 ve 4,5 b\u00fcy\u00fckl\u00fc\u011f\u00fcnde iki art\u00e7\u0131 deprem meydana geldi. Sars\u0131nt\u0131 sonucunda ikisi otel, 18 bina y\u0131k\u0131ld\u0131. \u0130ki otelin enkaz\u0131ndan 11 ki\u015fi sa\u011f olarak kurtar\u0131ld\u0131.<\/p>\n<p style=\"text-align: justify;\">Bo\u011fazi\u00e7i \u00dcniversitesi Kandilli Rasathanesi ve Deprem Ara\u015ft\u0131rma Enstit\u00fcs\u00fc Ulusal Deprem \u0130zleme Merkezinden al\u0131nan bilgiye g\u00f6re, saat 21.23&#8217;te merkez \u00fcss\u00fc Van&#8217;\u0131n Edremit il\u00e7esi olan 5,6 b\u00fcy\u00fckl\u00fc\u011f\u00fcnde deprem meydana geldi.\u00a0<!--more--><\/p>\n<p style=\"text-align: justify;\">Bu depremin hemen ard\u0131ndan saat 21.30&#8217;da 4,5 b\u00fcy\u00fckl\u00fc\u011f\u00fcnde bir sars\u0131nt\u0131 daha oldu. Yine 22.20-23.03 saatleri aras\u0131nda en b\u00fcy\u00fc\u011f\u00fc 4,4 olmak \u00fczere 5 art\u00e7\u0131 sars\u0131nt\u0131 daha kaydedildi.<\/p>\n<p style=\"text-align: justify;\">Van ve Erci\u015f&#8217;in yan\u0131s\u0131 \u00e7evre il ve il\u00e7elerden de hissedilen deprem halk aras\u0131nda panik ve endi\u015feye neden oldu.<\/p>\n<p style=\"text-align: justify;\"><strong>18 bina y\u0131k\u0131ld\u0131\u00a0<\/strong><\/p>\n<p style=\"text-align: justify;\">Depremde Bayram Otel ve Aslan Otel ile 18 binan\u0131n y\u0131k\u0131ld\u0131\u011f\u0131 belirtiliyor. Depremde 2 otel ve 1 dersanenin yan\u0131nda hasarl\u0131 15 bina da yerle bir oldu.<\/p>\n<p style=\"text-align: justify;\">Y\u0131k\u0131lan otelin, genellikle b\u00f6lgeye gelen gazeteciler ile yard\u0131m ekipleri taraf\u0131ndan kullan\u0131ld\u0131\u011f\u0131 \u00f6\u011frenildi.<\/p>\n<p style=\"text-align: justify;\">Bayram Otel ve Aslan Otel&#8217;in dolu oldu\u011fu, aralar\u0131nda gazetecilerin de bulundu\u011fu 100&#8217;den fazla ki\u015finin enkaz alt\u0131nda bulundu\u011fu belirtildi.<\/p>\n<p style=\"text-align: justify;\">Y\u0131k\u0131lan iki ayr\u0131 otelin enkaz\u0131ndan 11 ki\u015finin sa\u011f olarak kurtar\u0131ld\u0131\u011f\u0131 bildirildi.<\/p>\n<p style=\"text-align: justify;\">Binalar\u0131n enkaz\u0131nda \u00e7al\u0131\u015fmalara ba\u015flayan Ulusal Medikal Kurtarma Ekibi (UMKE) ile Sivil Savunma M\u00fcd\u00fcrl\u00fc\u011f\u00fcne ba\u011fl\u0131 ekipler, Bayram Oteli&#8217;nin enkaz\u0131ndan 8, Aslan Oteli&#8217;nin enkaz\u0131ndan ise 3 ki\u015fiyi sa\u011f olarak \u00e7\u0131kard\u0131. Ambulanslarla Van B\u00f6lge E\u011fitim ve Ara\u015ft\u0131rma Hastanesine sevk edilen 11 ki\u015finin tedavi alt\u0131na al\u0131nd\u0131\u011f\u0131, binalar\u0131n enkaz\u0131nda arama kurtarma \u00e7al\u0131\u015fmalar\u0131n\u0131n s\u00fcrd\u00fcr\u00fcld\u00fc\u011f\u00fc bildirildi.<\/p>\n<p style=\"text-align: justify;\">Bu arada, kent merkezindeki baz\u0131 kerpi\u00e7 binalar\u0131n da depremin ard\u0131ndan y\u0131k\u0131ld\u0131\u011f\u0131 g\u00f6r\u00fcld\u00fc.<\/p>\n<p style=\"text-align: justify;\">\u0130l Afet Acil Durum M\u00fcd\u00fcrl\u00fc\u011f\u00fcnden b\u00f6lgeye \u00e7ok say\u0131da arama-kurtarma ekibi sevk edilirken, Erci\u015f&#8217;te bulunan ekiplerin de Van merkeze \u00e7a\u011fr\u0131ld\u0131\u011f\u0131 kaydedildi.<\/p>\n<p style=\"text-align: center;\"><a href=\"http:\/\/www.korhanyilmaz.com\/wp-content\/uploads\/2011\/11\/7029.jpg\"  class=\"lightview\"><img loading=\"lazy\" decoding=\"async\" class=\"aligncenter  wp-image-42192\" src=\"http:\/\/www.korhanyilmaz.com\/wp-content\/uploads\/2011\/11\/7029.jpg\" alt=\"\" width=\"406\" height=\"210\" \/><\/a><\/p>\n<p style=\"text-align: justify;\"><strong>40 y\u0131ll\u0131k otel\u00a0<\/strong><\/p>\n<p style=\"text-align: justify;\">Depremde y\u0131k\u0131lan Bayram Oteli ge\u00e7en Haziran ay\u0131nda vefat eden Mehmet S\u0131dd\u0131k Bayram\u2019a ait oldu\u011fu ve o\u011flu Tevfik Bayram taraf\u0131ndan i\u015fletildi\u011fi belirtiliyor. 40 y\u0131ll\u0131k otel, 1970\u2019li y\u0131llarda \u0130ran \u015eah\u0131 R\u0131za Pehlevi ve 5\u2019inci Cumhurba\u015fkan\u0131 Cevdet Sunay gibi \u00e7ok say\u0131da devlet adam\u0131 ve siyaset\u00e7iyi a\u011f\u0131rlam\u0131\u015ft\u0131.<\/p>\n<p style=\"text-align: justify;\">Van\u2019\u0131n en eski otellerinden Bayram Oteli, 1 milyon dolar hacama ile onar\u0131ld\u0131. Van&#8217;\u0131n en i\u015flek caddesi Cumhuriyet Caddesi ile Soydan Kav\u015fa\u011f\u0131\u2019n\u0131n kesi\u015fti\u011fi noktada bulunan Bayram Oteli\u2019nde bulunan 60 odan\u0131n 6\u2019s\u0131 suit, 27\u2019si iki ki\u015filik, 27&#8217;si ise tek ki\u015filikti.<\/p>\n<p style=\"text-align: justify;\"><strong>30&#8217;a yak\u0131n ambulans Van&#8217;a sevk edildi\u00a0<\/strong><\/p>\n<p style=\"text-align: justify;\">Bu arada depremin ard\u0131ndan Erci\u015f&#8217;te g\u00f6rev yapan 30&#8217;a yak\u0131n ambulans ve Ulusal Medikal Kurtarma Ekibi (UMKE) arac\u0131 Van&#8217;a sevk edildi.<\/p>\n<p style=\"text-align: justify;\">\u00d6te yandan T\u00fcrk K\u0131z\u0131lay\u0131 Koordinasyon Merkezi&#8217;nden Van&#8217;a bir t\u0131r dolusu battaniye, uyku tulumu ve g\u0131da maddesi g\u00f6nderilirken, ayr\u0131ca 50&#8217;ye yak\u0131n personel de ara\u00e7larla b\u00f6lgeye hareket etti. Sa\u011fl\u0131k Bakanl\u0131\u011f\u0131 taraf\u0131ndan Erci\u015f il\u00e7e merkezinde kurulan 50 yatak kapasitesine sahip sahra hastanesinde de acil m\u00fcdahaleler i\u00e7in haz\u0131rl\u0131k yap\u0131ld\u0131.<\/p>\n<p style=\"text-align: justify;\">Depremin ard\u0131ndan arama-kurtarma ekiplerini b\u00f6lgeye g\u00f6t\u00fcrmek \u00fczere 5 u\u00e7ak b\u00f6lgeye hareket edecek.<\/p>\n<p style=\"text-align: justify;\"><strong>\u00c7ad\u0131rlar g\u00f6nderilmeye ba\u015fland\u0131\u00a0<\/strong><\/p>\n<p style=\"text-align: justify;\">\u00d6te yandan, T\u00fcrk K\u0131z\u0131lay\u0131&#8217;ndan yap\u0131lan a\u00e7\u0131klamada, Van&#8217;da meydana gelen 5,6 b\u00fcy\u00fckl\u00fc\u011f\u00fcndeki depremden sonra \u00fclke genelindeki lojistik depolarda bulunan 15 bin \u00e7ad\u0131r\u0131n ara\u00e7lara y\u00fcklenmesi emri verildi\u011fi belirtildi.<\/p>\n<p style=\"text-align: justify;\">\u00a0Ekiplerin alana sevk edildi\u011fi ifade edilerek, b\u00f6lgedeki geli\u015fmelerin yak\u0131ndan takip edildi\u011fi bildirildi.<\/p>\n<p style=\"text-align: justify;\"><a href=\"http:\/\/www.cnnturk.com\/2011\/turkiye\/11\/09\/vani.bir.kez.daha.deprem.vurdu\/636174.0\/index.html\" target=\"_blank\">Kaynak : CNN T\u00dcRK<\/a><\/p>\n","protected":false},"excerpt":{"rendered":"<p style=\"text-align: center;\">\n<p style=\"text-align: justify;\">Van&#8217;da merkez \u00fcss\u00fc Edremit olan 5,6 ve 4,5 b\u00fcy\u00fckl\u00fc\u011f\u00fcnde iki art\u00e7\u0131 deprem meydana geldi. Sars\u0131nt\u0131 sonucunda ikisi otel, 18 bina y\u0131k\u0131ld\u0131. \u0130ki otelin enkaz\u0131ndan 11 ki\u015fi sa\u011f olarak kurtar\u0131ld\u0131.<\/p>\n<p style=\"text-align: justify;\">Bo\u011fazi\u00e7i \u00dcniversitesi Kandilli Rasathanesi ve Deprem Ara\u015ft\u0131rma Enstit\u00fcs\u00fc Ulusal Deprem \u0130zleme Merkezinden al\u0131nan bilgiye g\u00f6re, saat 21.23&#8217;te merkez \u00fcss\u00fc <\/p>\n","protected":false},"author":1,"featured_media":0,"comment_status":"open","ping_status":"open","sticky":false,"template":"","format":"standard","meta":{"footnotes":""},"categories":[105],"tags":[],"class_list":["post-42190","post","type-post","status-publish","format-standard","hentry","category-gundem","odd"],"_links":{"self":[{"href":"http:\/\/www.korhanyilmaz.com\/index.php?rest_route=\/wp\/v2\/posts\/42190","targetHints":{"allow":["GET"]}}],"collection":[{"href":"http:\/\/www.korhanyilmaz.com\/index.php?rest_route=\/wp\/v2\/posts"}],"about":[{"href":"http:\/\/www.korhanyilmaz.com\/index.php?rest_route=\/wp\/v2\/types\/post"}],"author":[{"embeddable":true,"href":"http:\/\/www.korhanyilmaz.com\/index.php?rest_route=\/wp\/v2\/users\/1"}],"replies":[{"embeddable":true,"href":"http:\/\/www.korhanyilmaz.com\/index.php?rest_route=%2Fwp%2Fv2%2Fcomments&post=42190"}],"version-history":[{"count":0,"href":"http:\/\/www.korhanyilmaz.com\/index.php?rest_route=\/wp\/v2\/posts\/42190\/revisions"}],"wp:attachment":[{"href":"http:\/\/www.korhanyilmaz.com\/index.php?rest_route=%2Fwp%2Fv2%2Fmedia&parent=42190"}],"wp:term":[{"taxonomy":"category","embeddable":true,"href":"http:\/\/www.korhanyilmaz.com\/index.php?rest_route=%2Fwp%2Fv2%2Fcategories&post=42190"},{"taxonomy":"post_tag","embeddable":true,"href":"http:\/\/www.korhanyilmaz.com\/index.php?rest_route=%2Fwp%2Fv2%2Ftags&post=42190"}],"curies":[{"name":"wp","href":"https:\/\/api.w.org\/{rel}","templated":true}]}}