{"id":42186,"date":"2011-11-09T10:50:12","date_gmt":"2011-11-09T08:50:12","guid":{"rendered":"http:\/\/www.korhanyilmaz.com\/?p=42186"},"modified":"2011-11-09T20:42:20","modified_gmt":"2011-11-09T18:42:20","slug":"adli-tipa-agir-soru","status":"publish","type":"post","link":"http:\/\/www.korhanyilmaz.com\/?p=42186","title":{"rendered":"Adli T\u0131p&#8217;a a\u011f\u0131r soru"},"content":{"rendered":"<p style=\"text-align: center;\"><a href=\"http:\/\/www.korhanyilmaz.com\/wp-content\/uploads\/2011\/11\/7027.jpg\"  class=\"lightview\"><img loading=\"lazy\" decoding=\"async\" class=\"aligncenter  wp-image-42187\" src=\"http:\/\/www.korhanyilmaz.com\/wp-content\/uploads\/2011\/11\/7027.jpg\" alt=\"\" width=\"416\" height=\"189\" \/><\/a><\/p>\n<p style=\"text-align: justify;\">ASELSAN\u2019DA g\u00f6rev yapan 3 m\u00fchendisin \u201cintiharlar\u0131\u201d \u00fczerindeki s\u0131r perdesi aralan\u0131yor.<\/p>\n<p style=\"text-align: justify;\">\u0130STANBUL &#8211; Soru\u015fturmay\u0131 y\u00fcr\u00fcten Cumhuriyet Savc\u0131s\u0131 Murat Demir, Adli T\u0131p Kurumu\u2019ndan \u00f6len m\u00fchendis H\u00fcseyin Ba\u015fbilen\u2019in bo\u011faz\u0131ndaki 20 santimlik b\u0131\u00e7ak kesi\u011finin a\u00e7\u0131klanmas\u0131n\u0131 istedi. Demir, m\u00fchendislerin cinayetle mi yoksa intihar yoluyla m\u0131 \u00f6ld\u00fc\u011f\u00fcne ili\u015fkin olarak net bir karar verilmesini talep etti.\u00a0<!--more--><\/p>\n<p style=\"text-align: justify;\"><strong>NET CEVAP VER\u0130N<\/strong><\/p>\n<p style=\"text-align: justify;\">Psikolojik rahats\u0131zl\u0131klar\u0131 nedeniyle 2006 y\u0131l\u0131nda intihar ettikleri \u00f6ne s\u00fcr\u00fclen ASELSAN m\u00fchendisleri H\u00fcseyin Ba\u015fbilen, Halim \u00dcnsal ve Evrim Yan\u00e7eken\u2019in \u00f6l\u00fcmleri ile ilgili soru\u015fturmay\u0131 y\u00fcr\u00fcten savc\u0131 Murat Demir, Adli T\u0131p Kurumu\u2019na ikinci kez yaz\u0131 yazarak \u015f\u00fcphelerin ortadan kald\u0131r\u0131lmas\u0131n\u0131 istedi. Daha \u00f6nce m\u00fchendislerden H\u00fcseyin Ba\u015fbilen hakk\u0131nda Adli T\u0131p Daire Ba\u015fkanl\u0131\u011f\u0131\u2019n\u0131n 10 \u00fcyesinden 7\u2019sinin intihar, 3\u2019\u00fcn\u00fcnse cinayet dedi\u011fini hat\u0131rlatan Savc\u0131 Demir, \u201c\u00d6l\u00fcm nedeni hakk\u0131nda net cevap verin. Adli T\u0131p Genel Kurulu\u2019nun onay\u0131 olsun\u201d uyar\u0131s\u0131nda bulundu. Yeni delillerle Adli T\u0131p Kurumu\u2019nun raporundaki \u015f\u00fcpheleri ortadan kald\u0131rmay\u0131 hedefleyen Savc\u0131 Demir, ikinci yaz\u0131s\u0131nda yeni sorulara Adli T\u0131p\u2019\u0131n a\u00e7\u0131kl\u0131k getirmesini istedi.<\/p>\n<p style=\"text-align: justify;\"><strong>A\u00c7IKLAMA \u0130STED\u0130<\/strong><\/p>\n<p style=\"text-align: justify;\">Otopsi raporunda H\u00fcseyin Ba\u015fbilen\u2019in bo\u011faz\u0131ndaki 20 cm\u2019lik kesi\u011fin 2-3 cm olarak g\u00f6sterildi\u011fini belirleyen savc\u0131l\u0131k bu duruma Adli T\u0131p raporunda a\u00e7\u0131kl\u0131k getirilmesini talep etti. Savc\u0131 Demir, Adli T\u0131p Kurumu\u2019na \u201cBa\u015fbilen\u2019in boynunda ve bile\u011finde bulunan kesiklerin y\u00f6nleri ve \u015fekli ile kesik say\u0131s\u0131 net olarak a\u00e7\u0131klans\u0131n\u201d dedi. Savc\u0131l\u0131k ayr\u0131ca 3 m\u00fchendisin \u00f6l\u00fcm\u00fcne ili\u015fkin olarak \u201c\u00d6l\u00fcm nedeni hakk\u0131nda net cevap verin. Raporlarda Adli T\u0131p Genel Kurulu\u2019nun onay\u0131 olsun\u201d uyar\u0131s\u0131nda bulundu. Adli T\u0131p raporunda \u201cpsikolojik sorunlar nedeniyle intihar etti\u201d denilen m\u00fchendislerin psikolojik tedavi kayd\u0131n\u0131n olmad\u0131\u011f\u0131n\u0131 bildiren Savc\u0131 Demir, bu duruma Adli T\u0131p Kurumu\u2019nun a\u00e7\u0131kl\u0131k getirmesini de istedi.<\/p>\n<p style=\"text-align: justify;\"><strong>ESK\u0130 RAPOR UYGUN DE\u011e\u0130L GE\u00c7ERS\u0130Z<\/strong><\/p>\n<p style=\"text-align: justify;\">Cumhuriyet Savc\u0131s\u0131 Demir, otopsi raporunun Adli T\u0131p Kanunu\u2019na uygun olmad\u0131\u011f\u0131 ve bu y\u00fczden al\u0131nan karar\u0131nda ge\u00e7erli olmad\u0131\u011f\u0131 gerek\u00e7esi ile Ba\u015fbilen\u2019in otopsi raporu, olay yeri inceleme raporu ve \u00e7ekilen video g\u00f6r\u00fcnt\u00fclerini Adli T\u0131p Kurumu\u2019na g\u00f6ndermi\u015fti. Adli T\u0131p Genel Kurulu\u2019nun s\u00f6z konusu raporlar\u0131n tamam\u0131n\u0131 yeniden incelemeye al\u0131rken yeni sorular ile birlikte m\u00fchendislerinin \u00f6l\u00fcm nedeninin intihar m\u0131, cinayet mi oldu\u011fu konusundaki \u015f\u00fcphelerin ortadan kalkaca\u011f\u0131 ve soru\u015fturman\u0131n da sonu\u00e7lanaca\u011f\u0131 bildirildi.<\/p>\n<p style=\"text-align: justify;\"><strong>ORTAK \u00d6ZELL\u0130KLER\u0130<\/strong><\/p>\n<p style=\"text-align: justify;\">T\u00fcrk Silahl\u0131 Kuvvetleri\u2019nin teknoloji ve silah \u00fcss\u00fc ASELSAN\u2019da g\u00f6revli \u00fc\u00e7 m\u00fchendisin \u00f6l\u00fcm\u00fc \u00fczerindeki sis perdesi kald\u0131r\u0131lmaya \u00e7al\u0131\u015f\u0131l\u0131yor.<\/p>\n<p style=\"text-align: justify;\">Milli Tank Projesi \u00fczerinde \u00e7al\u0131\u015fan m\u00fchendis H\u00fcseyin Ba\u015fbilen, 7 A\u011fustos 2006\u2019da bo\u011faz\u0131 ve bile\u011fi kesilmi\u015f olarak arac\u0131n\u0131n i\u00e7inde bulunmu\u015ftu. Ard\u0131ndan 17 Ocak 2007\u2019de Halim \u00dcnal kafas\u0131na isabet eden tek kur\u015funla \u00f6ld\u00fc. Dokuz g\u00fcn sonra da Evrim Yan\u00e7eken oturdu\u011fu binan\u0131n 6\u2019nc\u0131 kat\u0131ndan d\u00fc\u015ferek can verdi. ODT\u00dc mezunu \u00fc\u00e7 gen\u00e7 m\u00fchendisin \u00f6l\u00fcm nedenleri kay\u0131tlara intihar olarak ge\u00e7ti. Ancak \u00fc\u00e7 m\u00fchendisin ortak bir \u00f6zeli\u011fi vard\u0131: U\u00e7aklar\u0131 sald\u0131r\u0131dan koruyan dost-d\u00fc\u015fman tan\u0131ma sisteminin uzman\u0131 olmalar\u0131.<\/p>\n<p style=\"text-align: justify;\"><strong>H\u00fcsey\u0130n BA\u015eB\u0130LEN<\/strong><\/p>\n<p style=\"text-align: justify;\">Makine m\u00fchendisi. 7 A\u011fustos 2006\u2019ta otomobilinde \u00f6l\u00fc bulundu. Bir intihar mektubu b\u0131rakt\u0131. Milli tank projesi \u00fczerinde \u00e7al\u0131\u015f\u0131yordu. F-16\u2019lar\u0131nda sinyal k\u0131r\u0131c\u0131 sistemi \u00fczerinde de \u00e7al\u0131\u015ft\u0131.<\/p>\n<p style=\"text-align: justify;\"><strong>HAL\u0130M \u00dcNAL<\/strong><\/p>\n<p style=\"text-align: justify;\">Elektrik Elektronik M\u00fchendisi. 17 Ocak 2007\u2019de Ankara Eym\u00fcr G\u00f6l\u00fc kenar\u0131nda bulundu. Kafas\u0131na s\u0131k\u0131lan tek kur\u015funla \u00f6ld\u00fc\u011f\u00fc bildirildi. F-16\u2019lar\u0131n modernizasyonuyla ilgileniyordu.<\/p>\n<p style=\"text-align: justify;\"><strong>EVR\u0130M YAN\u00c7EKEN<\/strong><\/p>\n<p style=\"text-align: justify;\">Elektrik m\u00fchendisi. 26 Ocak 2007\u2019de Ankara Bat\u0131kent\u2019te \u00f6l\u00fc bulundu. 7. kattan atlad\u0131\u011f\u0131 kay\u0131tlara ge\u00e7ti. \u201cArt\u0131k dayanam\u0131yorum. \u0130ntihar\u0131mdan kimse sorumlu de\u011fil\u201d yaz\u0131l\u0131 not b\u0131rakt\u0131.<\/p>\n<p style=\"text-align: justify;\"><a href=\"http:\/\/www.gazeteport.com.tr\/haber\/61997\/adli_tipa_agir_soru\" target=\"_blank\">Kaynak : GAZETEPORT<\/a><\/p>\n","protected":false},"excerpt":{"rendered":"<p style=\"text-align: center;\">\n<p style=\"text-align: justify;\">ASELSAN\u2019DA g\u00f6rev yapan 3 m\u00fchendisin \u201cintiharlar\u0131\u201d \u00fczerindeki s\u0131r perdesi aralan\u0131yor.<\/p>\n<p style=\"text-align: justify;\">\u0130STANBUL &#8211; Soru\u015fturmay\u0131 y\u00fcr\u00fcten Cumhuriyet Savc\u0131s\u0131 Murat Demir, Adli T\u0131p Kurumu\u2019ndan \u00f6len m\u00fchendis H\u00fcseyin Ba\u015fbilen\u2019in bo\u011faz\u0131ndaki 20 santimlik b\u0131\u00e7ak kesi\u011finin a\u00e7\u0131klanmas\u0131n\u0131 istedi. Demir, m\u00fchendislerin cinayetle mi yoksa intihar yoluyla m\u0131 \u00f6ld\u00fc\u011f\u00fcne ili\u015fkin olarak net bir karar verilmesini talep <\/p>\n","protected":false},"author":1,"featured_media":0,"comment_status":"open","ping_status":"open","sticky":false,"template":"","format":"standard","meta":{"footnotes":""},"categories":[105],"tags":[],"class_list":["post-42186","post","type-post","status-publish","format-standard","hentry","category-gundem","odd"],"_links":{"self":[{"href":"http:\/\/www.korhanyilmaz.com\/index.php?rest_route=\/wp\/v2\/posts\/42186","targetHints":{"allow":["GET"]}}],"collection":[{"href":"http:\/\/www.korhanyilmaz.com\/index.php?rest_route=\/wp\/v2\/posts"}],"about":[{"href":"http:\/\/www.korhanyilmaz.com\/index.php?rest_route=\/wp\/v2\/types\/post"}],"author":[{"embeddable":true,"href":"http:\/\/www.korhanyilmaz.com\/index.php?rest_route=\/wp\/v2\/users\/1"}],"replies":[{"embeddable":true,"href":"http:\/\/www.korhanyilmaz.com\/index.php?rest_route=%2Fwp%2Fv2%2Fcomments&post=42186"}],"version-history":[{"count":0,"href":"http:\/\/www.korhanyilmaz.com\/index.php?rest_route=\/wp\/v2\/posts\/42186\/revisions"}],"wp:attachment":[{"href":"http:\/\/www.korhanyilmaz.com\/index.php?rest_route=%2Fwp%2Fv2%2Fmedia&parent=42186"}],"wp:term":[{"taxonomy":"category","embeddable":true,"href":"http:\/\/www.korhanyilmaz.com\/index.php?rest_route=%2Fwp%2Fv2%2Fcategories&post=42186"},{"taxonomy":"post_tag","embeddable":true,"href":"http:\/\/www.korhanyilmaz.com\/index.php?rest_route=%2Fwp%2Fv2%2Ftags&post=42186"}],"curies":[{"name":"wp","href":"https:\/\/api.w.org\/{rel}","templated":true}]}}