{"id":42181,"date":"2011-11-09T07:58:04","date_gmt":"2011-11-09T05:58:04","guid":{"rendered":"http:\/\/www.korhanyilmaz.com\/?p=42181"},"modified":"2011-11-09T20:00:54","modified_gmt":"2011-11-09T18:00:54","slug":"bdpliler-meclisten-cekilmeyi-tartisiyor","status":"publish","type":"post","link":"http:\/\/www.korhanyilmaz.com\/?p=42181","title":{"rendered":"BDP\u2019liler Meclis\u2019ten \u00e7ekilmeyi tart\u0131\u015f\u0131yor"},"content":{"rendered":"<p style=\"text-align: center;\"><a href=\"http:\/\/www.korhanyilmaz.com\/wp-content\/uploads\/2011\/11\/7026.jpg\"  class=\"lightview\"><img loading=\"lazy\" decoding=\"async\" class=\"aligncenter  wp-image-42182\" src=\"http:\/\/www.korhanyilmaz.com\/wp-content\/uploads\/2011\/11\/7026.jpg\" alt=\"\" width=\"424\" height=\"238\" \/><\/a><\/p>\n<p style=\"text-align: justify;\">BDP y\u00f6netimindeki \u2018Meclis\u2019ten \u00e7ekilme\u2019, bunun m\u00fcmk\u00fcn olmamas\u0131 halinde \u2018Anayasa Komisyonu\u2019ndan \u00e7ekilme\u2019 ikilemi, partide tart\u0131\u015f\u0131l\u0131yor.<\/p>\n<p style=\"text-align: justify;\">KCK operasyonlar\u0131 kapsam\u0131nda, aralar\u0131nda akademisyenlerin de bulundu\u011fu \u00e7ok say\u0131da BDP y\u00f6neticisi \u00fcye ve belediye ba\u015fkanlar\u0131n\u0131n tutuklanmas\u0131, siyaset akademilerinin kapat\u0131lmas\u0131, milletvekillerine y\u00f6nelik \u00e7ok say\u0131da dava a\u00e7\u0131lmas\u0131n\u0131, partiye \u201cTer\u00f6r \u00f6rg\u00fct\u00fc muamelesi\u201d yap\u0131ld\u0131\u011f\u0131 \u015feklinde yorumlayan BDP, yol ayr\u0131m\u0131na geldi.<!--more--><\/p>\n<p style=\"text-align: justify;\">BDP \u201cMeclis\u2019ten \u00e7ekilelim\u201d ve \u201cMeclis\u2019te kalal\u0131m ama Anayasa Komisyonu\u2019ndan \u00e7ekilelim\u201d se\u00e7eneklerini tart\u0131\u015fmaya a\u00e7t\u0131. PKK y\u00f6netiminin h\u00fck\u00fcmeti zor durumda b\u0131rakmak i\u00e7in BDP\u2019nin Meclis\u2019ten koparak da\u011fa veya uluslararas\u0131 zemine \u00e7ekilmesini istedi\u011fi \u00f6\u011frenilirken, BDP kulislerinde Meclis\u2019te kal\u0131nmas\u0131 ancak, partinin anayasa komisyonundan \u00e7ekilmesi g\u00f6r\u00fc\u015f\u00fcn\u00fcn a\u011f\u0131r bast\u0131\u011f\u0131 bildirildi.<\/p>\n<p style=\"text-align: justify;\">BDP, tutuklananlar\u0131n yerine y\u00f6netim kademelerine y\u00f6netici bulmada s\u0131k\u0131nt\u0131 ya\u015f\u0131yor.<\/p>\n<p style=\"text-align: justify;\"><strong>K\u0131\u015fanak\u2019\u0131n konu\u015fmas\u0131<\/strong><\/p>\n<p style=\"text-align: justify;\">BDP E\u015fba\u015fkan\u0131 G\u00fcltan K\u0131\u015fanak Roj TV\u2019nin Roj Akt\u00fcel program\u0131nda, \u201cSiyaset yapmam\u0131za izin verilmiyor, tutuklanmayan \u00fcyemiz, belediye ba\u015fkan\u0131m\u0131z kalmad\u0131, siyaset akademilerimiz kriminalize ediliyor. Bize yakla\u015fan akademisyen, ayd\u0131nlar ve yazarlar da ter\u00f6rist ilan ediliyor. Bu \u015fekilde siyaset yapmam\u0131z nas\u0131l beklenebilir\u201d diyerek Meclis\u2019ten \u00e7ekilme sinyali verdi.<\/p>\n<p style=\"text-align: justify;\">Parti y\u00f6netiminde \u201cMeclis\u2019ten \u00e7ekilme\u201d, bunun m\u00fcmk\u00fcn olmamas\u0131 halinde \u201cAnayasa Komisyonu\u2019ndan \u00e7ekilme\u201d se\u00e7ene\u011fi partinin t\u00fcm kademelerinde tart\u0131\u015f\u0131lmaya ba\u015fland\u0131. Parti taban\u0131n Meclis\u2019te kal\u0131nmas\u0131n\u0131 istedi\u011fi belirtiliyor.<\/p>\n<p style=\"text-align: justify;\">Kaynak : Milliyet.com.tr<\/p>\n","protected":false},"excerpt":{"rendered":"<p style=\"text-align: center;\">\n<p style=\"text-align: justify;\">BDP y\u00f6netimindeki \u2018Meclis\u2019ten \u00e7ekilme\u2019, bunun m\u00fcmk\u00fcn olmamas\u0131 halinde \u2018Anayasa Komisyonu\u2019ndan \u00e7ekilme\u2019 ikilemi, partide tart\u0131\u015f\u0131l\u0131yor.<\/p>\n<p style=\"text-align: justify;\">KCK operasyonlar\u0131 kapsam\u0131nda, aralar\u0131nda akademisyenlerin de bulundu\u011fu \u00e7ok say\u0131da BDP y\u00f6neticisi \u00fcye ve belediye ba\u015fkanlar\u0131n\u0131n tutuklanmas\u0131, siyaset akademilerinin kapat\u0131lmas\u0131, milletvekillerine y\u00f6nelik \u00e7ok say\u0131da dava a\u00e7\u0131lmas\u0131n\u0131, partiye \u201cTer\u00f6r \u00f6rg\u00fct\u00fc muamelesi\u201d yap\u0131ld\u0131\u011f\u0131 \u015feklinde yorumlayan BDP, yol <\/p>\n","protected":false},"author":1,"featured_media":0,"comment_status":"open","ping_status":"open","sticky":false,"template":"","format":"standard","meta":{"footnotes":""},"categories":[105],"tags":[],"class_list":["post-42181","post","type-post","status-publish","format-standard","hentry","category-gundem","odd"],"_links":{"self":[{"href":"http:\/\/www.korhanyilmaz.com\/index.php?rest_route=\/wp\/v2\/posts\/42181","targetHints":{"allow":["GET"]}}],"collection":[{"href":"http:\/\/www.korhanyilmaz.com\/index.php?rest_route=\/wp\/v2\/posts"}],"about":[{"href":"http:\/\/www.korhanyilmaz.com\/index.php?rest_route=\/wp\/v2\/types\/post"}],"author":[{"embeddable":true,"href":"http:\/\/www.korhanyilmaz.com\/index.php?rest_route=\/wp\/v2\/users\/1"}],"replies":[{"embeddable":true,"href":"http:\/\/www.korhanyilmaz.com\/index.php?rest_route=%2Fwp%2Fv2%2Fcomments&post=42181"}],"version-history":[{"count":0,"href":"http:\/\/www.korhanyilmaz.com\/index.php?rest_route=\/wp\/v2\/posts\/42181\/revisions"}],"wp:attachment":[{"href":"http:\/\/www.korhanyilmaz.com\/index.php?rest_route=%2Fwp%2Fv2%2Fmedia&parent=42181"}],"wp:term":[{"taxonomy":"category","embeddable":true,"href":"http:\/\/www.korhanyilmaz.com\/index.php?rest_route=%2Fwp%2Fv2%2Fcategories&post=42181"},{"taxonomy":"post_tag","embeddable":true,"href":"http:\/\/www.korhanyilmaz.com\/index.php?rest_route=%2Fwp%2Fv2%2Ftags&post=42181"}],"curies":[{"name":"wp","href":"https:\/\/api.w.org\/{rel}","templated":true}]}}