{"id":42176,"date":"2011-11-09T13:05:36","date_gmt":"2011-11-09T11:05:36","guid":{"rendered":"http:\/\/www.korhanyilmaz.com\/?p=42176"},"modified":"2011-11-09T16:16:23","modified_gmt":"2011-11-09T14:16:23","slug":"cezali-hes-eylemcileri-bayramlasamadi","status":"publish","type":"post","link":"http:\/\/www.korhanyilmaz.com\/?p=42176","title":{"rendered":"Cezal\u0131 HES eylemcileri bayramla\u015famad\u0131"},"content":{"rendered":"<p style=\"text-align: center;\"><a href=\"http:\/\/www.korhanyilmaz.com\/wp-content\/uploads\/2011\/11\/7025.jpg\"  class=\"lightview\"><img loading=\"lazy\" decoding=\"async\" class=\"aligncenter  wp-image-42177\" src=\"http:\/\/www.korhanyilmaz.com\/wp-content\/uploads\/2011\/11\/7025.jpg\" alt=\"\" width=\"340\" height=\"227\" \/><\/a><\/p>\n<p style=\"text-align: justify;\">ERZURUM\u2019un Tortum \u0130l\u00e7esi\u2019ne ba\u011fl\u0131 Ba\u011fba\u015f\u0131 Beldesi\u2019nde yapt\u0131r\u0131lacak hidroelektrik santrale (HES) tepki g\u00f6stererek eylem yapan k\u00f6yl\u00fclerden 13\u2019\u00fc, Tortum Sulh Ceza Mahkemesi taraf\u0131ndan verilen \u2019HES\u2019in \u00e7al\u0131\u015fma alanlar\u0131nda bulunmama ve HES eylemlerine bulunanlarla ili\u015fki kurmama\u2019 cezas\u0131 nedeniyle akrabalar\u0131 ve arkada\u015flar\u0131yla bayramla\u015famad\u0131.<!--more--><\/p>\n<p style=\"text-align: justify;\">Yakla\u015f\u0131k 2 ayd\u0131r mahkemenin karar\u0131na uyduklar\u0131n\u0131 belirten Bekir Bostanc\u0131, &#8220;Beldede ya\u015fayanlar\u0131n \u00e7o\u011fu HES eylemlerine kat\u0131lm\u0131\u015f. Bu nedenle \u00e7o\u011fuyla bayramla\u015famad\u0131k. Bayramla\u015fmak isteyenlere, bir dahaki bayrama randevu verdik&#8221; dedi.<\/p>\n<p style=\"text-align: justify;\">Tortum\u2019un Serdarl\u0131, Ba\u011fba\u015f\u0131 ve Pehlivanl\u0131 beldelerinden ge\u00e7en \u00d6d\u00fck \u00c7ay\u0131 \u00fczerine kurulacak HES\u2019lerin yap\u0131m\u0131n\u0131 engellemek i\u00e7in d\u00fczenlenen eylemlerde \u00f6zellikle kad\u0131nlar \u00f6n plana \u00e7\u0131kt\u0131. Polis, jandarma ve \u00f6zel g\u00fcvenlik kuvvetlerinin direni\u015fi k\u0131rmak i\u00e7in yapt\u0131\u011f\u0131 \u00e7al\u0131\u015fmalar s\u0131ras\u0131nda yer yer \u00e7at\u0131\u015fmalar \u00e7\u0131kt\u0131. Olaylara kar\u0131\u015ft\u0131klar\u0131 iddias\u0131yla 260 ki\u015finin jandarma taraf\u0131ndan ifadesi al\u0131nd\u0131. HES \u015fantiyesinde \u00e7al\u0131\u015fanlar, hakarete u\u011frad\u0131klar\u0131 iddias\u0131yla Ba\u011fba\u015f\u0131\u2019ndan 10 ki\u015fi hakk\u0131nda 50 bin liral\u0131k tazminat davas\u0131 a\u00e7t\u0131.<\/p>\n<p style=\"text-align: justify;\">5 Eyl\u00fcl g\u00fcn\u00fc yap\u0131lan eylemde 14 ki\u015fi hakk\u0131nda 250 lira para cezas\u0131 ve adli takip, 26 Eyl\u00fcl\u2019de ise 11 ki\u015fi hakk\u0131nda 500\u2019er lira para cezas\u0131 ve adli takip karar\u0131 verildi. Belde halk\u0131ndan 17 ya\u015f\u0131ndaki Leyla Y. hakk\u0131nda mahkeme taraf\u0131ndan \u00f6nce HES eylemcileriyle g\u00f6r\u00fc\u015fmeme ve \u00e7al\u0131\u015fma alan\u0131na girmeme cezas\u0131 verildi. \u0130tiraz \u00fczerine, Leyla\u2019n\u0131n cezas\u0131 13 ki\u015fiyle g\u00f6r\u00fc\u015fmeme \u015feklinde s\u0131n\u0131rland\u0131r\u0131ld\u0131. Daha sonra polis ve jandarma, vatanda\u015flar\u0131n direni\u015fini k\u0131rd\u0131, HES\u2019in yap\u0131m\u0131na ba\u015fland\u0131.<\/p>\n<p style=\"text-align: justify;\">\u2019HES\u2019in \u00e7al\u0131\u015fma alanlar\u0131nda bulunmama ve eylemlerde bulunanlarla ili\u015fki kurmama\u2019 cezas\u0131 alan Ali Dursun (64), Nurettin Uzun (62), Mehmet Dursun (57), Bekir Bostanc\u0131 (56), Muhsin Saykan (22), Kurban Bayram\u0131n\u0131n ikinci g\u00fcn\u00fc Ba\u011fba\u015f\u0131 Beldesi\u2019nde d\u00fczenlenen bayramla\u015fmada kedilerine uzat\u0131lan elleri geri \u00e7evirdi. G\u00f6r\u00fc\u015fme yasa\u011f\u0131 olanlar, bayramla\u015fmak isteyenlere &#8220;Kusura bakmay\u0131n, cezal\u0131y\u0131m. Bayramla\u015famam. \u0130n\u015fallah bir daha ki bayrama&#8221; dedi.<\/p>\n<p style=\"text-align: justify;\"><strong>SADECE JANDARMA \u0130LE BAYRAMLA\u015eTILAR\u00a0<\/strong><\/p>\n<p style=\"text-align: justify;\">HES eylemcilerinin avukat\u0131 Erc\u00fcment \u015eenol, &#8220;G\u00f6r\u00fc\u015fme yasa\u011f\u0131 olanlar bayramla\u015famad\u0131lar. Kahvede bayramla\u015fma d\u00fczenlendi ama ne ac\u0131d\u0131r ki bir \u00e7ok ki\u015fi uzat\u0131lan elleri geri \u00e7evrildi. Beldede HES \u00e7al\u0131\u015fmalar\u0131 ba\u015flad\u0131 ve vatanda\u015flar engel olmuyorlar. Bu y\u00fczden g\u00f6r\u00fc\u015fme yasa\u011f\u0131n\u0131n ve adli takip karar\u0131n\u0131n kald\u0131r\u0131lmas\u0131n\u0131 istiyoruz&#8221; diye konu\u015ftu.<\/p>\n<p style=\"text-align: justify;\">Yakla\u015f\u0131k iki ayd\u0131r mahkemenin verdi\u011fi karara uyduklar\u0131n\u0131 belirten Bekir Bostanc\u0131, &#8220;Beldede ya\u015fayanlar\u0131n \u00e7o\u011fu HES eylemlerine kat\u0131lm\u0131\u015f. Bu nedenle \u00e7o\u011fuyla bayramla\u015famad\u0131k. Bayramla\u015fmak isteyenlere, bir dahaki bayrama randevu verdik. G\u00f6r\u00fc\u015fme yasa\u011f\u0131m\u0131z var ancak imza i\u00e7in gitti\u011fimizde sadece jandarmalarla g\u00f6r\u00fc\u015f\u00fcp bayramla\u015fabildik. Yak\u0131nlar\u0131m\u0131z\u0131n evine bile gidemedik&#8221; dedi.<\/p>\n<p style=\"text-align: justify;\">Ahmet Dursun ise &#8220;Karde\u015fimin evine bile gidemedim. Kahvede bayram\u0131n\u0131 kutlad\u0131m. Karara uyuyoruz kimseyle g\u00f6r\u00fc\u015fm\u00fcyoruz. Mahkemenin verdi\u011fi karara uyuyoruz ve cezalar\u0131m\u0131z\u0131n kald\u0131r\u0131lmas\u0131n\u0131 istiyoruz&#8221; diye konu\u015ftu.<\/p>\n<p style=\"text-align: justify;\"><a href=\"http:\/\/gundem.milliyet.com.tr\/cezali-hes-eylemcileri-bayramlasamadi\/gundem\/gundemdetay\/09.11.2011\/1460906\/default.htm\" target=\"_blank\">Kaynak : Milliyet.com.tr<\/a><\/p>\n","protected":false},"excerpt":{"rendered":"<p style=\"text-align: center;\">\n<p style=\"text-align: justify;\">ERZURUM\u2019un Tortum \u0130l\u00e7esi\u2019ne ba\u011fl\u0131 Ba\u011fba\u015f\u0131 Beldesi\u2019nde yapt\u0131r\u0131lacak hidroelektrik santrale (HES) tepki g\u00f6stererek eylem yapan k\u00f6yl\u00fclerden 13\u2019\u00fc, Tortum Sulh Ceza Mahkemesi taraf\u0131ndan verilen \u2019HES\u2019in \u00e7al\u0131\u015fma alanlar\u0131nda bulunmama ve HES eylemlerine bulunanlarla ili\u015fki kurmama\u2019 cezas\u0131 nedeniyle akrabalar\u0131 ve arkada\u015flar\u0131yla bayramla\u015famad\u0131.<\/p>\n","protected":false},"author":1,"featured_media":0,"comment_status":"open","ping_status":"open","sticky":false,"template":"","format":"standard","meta":{"footnotes":""},"categories":[105],"tags":[],"class_list":["post-42176","post","type-post","status-publish","format-standard","hentry","category-gundem","odd"],"_links":{"self":[{"href":"http:\/\/www.korhanyilmaz.com\/index.php?rest_route=\/wp\/v2\/posts\/42176","targetHints":{"allow":["GET"]}}],"collection":[{"href":"http:\/\/www.korhanyilmaz.com\/index.php?rest_route=\/wp\/v2\/posts"}],"about":[{"href":"http:\/\/www.korhanyilmaz.com\/index.php?rest_route=\/wp\/v2\/types\/post"}],"author":[{"embeddable":true,"href":"http:\/\/www.korhanyilmaz.com\/index.php?rest_route=\/wp\/v2\/users\/1"}],"replies":[{"embeddable":true,"href":"http:\/\/www.korhanyilmaz.com\/index.php?rest_route=%2Fwp%2Fv2%2Fcomments&post=42176"}],"version-history":[{"count":0,"href":"http:\/\/www.korhanyilmaz.com\/index.php?rest_route=\/wp\/v2\/posts\/42176\/revisions"}],"wp:attachment":[{"href":"http:\/\/www.korhanyilmaz.com\/index.php?rest_route=%2Fwp%2Fv2%2Fmedia&parent=42176"}],"wp:term":[{"taxonomy":"category","embeddable":true,"href":"http:\/\/www.korhanyilmaz.com\/index.php?rest_route=%2Fwp%2Fv2%2Fcategories&post=42176"},{"taxonomy":"post_tag","embeddable":true,"href":"http:\/\/www.korhanyilmaz.com\/index.php?rest_route=%2Fwp%2Fv2%2Ftags&post=42176"}],"curies":[{"name":"wp","href":"https:\/\/api.w.org\/{rel}","templated":true}]}}