{"id":42172,"date":"2011-11-09T16:08:25","date_gmt":"2011-11-09T14:08:25","guid":{"rendered":"http:\/\/www.korhanyilmaz.com\/?p=42172"},"modified":"2011-11-09T16:08:25","modified_gmt":"2011-11-09T14:08:25","slug":"bdpliler-talabani-ile-gorustu","status":"publish","type":"post","link":"http:\/\/www.korhanyilmaz.com\/?p=42172","title":{"rendered":"BDP&#8217;liler Talabani ile g\u00f6r\u00fc\u015ft\u00fc"},"content":{"rendered":"<p style=\"text-align: center;\"><a href=\"http:\/\/www.korhanyilmaz.com\/wp-content\/uploads\/2011\/11\/7024.jpg\"  class=\"lightview\"><img loading=\"lazy\" decoding=\"async\" class=\"aligncenter  wp-image-42173\" src=\"http:\/\/www.korhanyilmaz.com\/wp-content\/uploads\/2011\/11\/7024.jpg\" alt=\"\" width=\"402\" height=\"192\" \/><\/a><\/p>\n<p style=\"text-align: justify;\">BDP Genel Ba\u015fkan\u0131 Selehattin Demirta\u015f, Genel Ba\u015fkan Yard\u0131mc\u0131s\u0131 G\u00fclten K\u0131\u015fanak, Demokratik Toplum Kongresi (DTK) Ba\u015fkan\u0131 Ahmet T\u00fcrk ve yard\u0131mc\u0131s\u0131 Aysel Tu\u011fluk, Irak Devlet Ba\u015fkan\u0131 ve Irak K\u00fcrdistan Yurtseverler Birli\u011fi (KYB) Genel Sekreteri Celal Talabani ile S\u00fcleymaniye\u2019de g\u00f6r\u00fc\u015ft\u00fc. Talabani\u2019nin \u00f6zel konutunda ger\u00e7ekle\u015fen g\u00f6r\u00fc\u015fmenin s\u0131cak bir ortamda ge\u00e7ti\u011fi belirtildi.\u00a0<!--more--><\/p>\n<p style=\"text-align: justify;\">D\u00fcn Erbil\u2019e giden BDP ve DTK y\u00f6neticileri, buradan Irak Devlet Ba\u015fkan\u0131 Celal Talabani ile g\u00f6r\u00fc\u015fmek \u00fczere karayoluyla S\u00fcleymaniye\u2019ye ge\u00e7ti. Talabani\u2019nin Dukan G\u00f6l\u00fc yak\u0131n\u0131ndaki \u00f6zel konutunda a\u011f\u0131rlanan Selahattin Demirta\u015f, G\u00fclten K\u0131\u015fanak, Ahmet T\u00fcrk ve Aysel Tu\u011fluk, d\u00fcn ak\u015fam saatlerinde Irak Devlet Ba\u015fkan\u0131 Celal Talabani ile biraraya geldi. Talabani\u2019nin genel sekreteri oldu\u011fu KYB\u2019nin Ankara temsilcisi Behroz Galali\u2019nin de haz\u0131r bulundu\u011fu g\u00f6r\u00fc\u015fmenin s\u0131cak bir ortamda ge\u00e7ti\u011fi belirtildi.<\/p>\n<p style=\"text-align: justify;\">Bas\u0131na kapal\u0131 yap\u0131lan g\u00f6r\u00fc\u015fmede, BDP ve DTK ba\u015fkanlar\u0131 ile Talabani\u2019nin birbirlerinin bayram\u0131n\u0131 kutlad\u0131\u011f\u0131 \u00f6\u011frenildi. K\u00fcrt sorununun \u00e7\u00f6z\u00fcm\u00fc konusunda Talabani\u2019den inisiyatif almas\u0131 istendi\u011fi, K\u00fcrt konferans\u0131 ve K\u00fcrtler aras\u0131nda birlikteli\u011fin sa\u011flanmas\u0131 gibi konularda g\u00f6r\u00fc\u015f al\u0131\u015fveri\u015finde bulundu\u011fu da kaydedildi.<\/p>\n<p style=\"text-align: justify;\">Bug\u00fcn baz\u0131 K\u00fcrt siyasi parti temsilcileri ile g\u00f6r\u00fc\u015fecek olan BDP ve DTK y\u00f6neticilerinin ak\u015fam saatlerinde T\u00fcrkiye\u2019ye d\u00f6nmesi bekleniyor. BDP ve DTK ba\u015fkanlar\u0131n\u0131n ge\u00e7en hafta T\u00fcrkiye\u2019de g\u00f6r\u00fc\u015ft\u00fckleri B\u00f6lgesel K\u00fcrt Y\u00f6netimi Ba\u015fkan\u0131 Mesut Barzani ile bir kez daha g\u00f6r\u00fc\u015fmeyecekleri \u00f6\u011frenildi.<\/p>\n<p style=\"text-align: justify;\"><a href=\"http:\/\/www.hurriyet.com.tr\/gundem\/19198057.asp\" target=\"_blank\">Kaynak : H\u00fcrriyet.com.tr<\/a><\/p>\n","protected":false},"excerpt":{"rendered":"<p style=\"text-align: center;\">\n<p style=\"text-align: justify;\">BDP Genel Ba\u015fkan\u0131 Selehattin Demirta\u015f, Genel Ba\u015fkan Yard\u0131mc\u0131s\u0131 G\u00fclten K\u0131\u015fanak, Demokratik Toplum Kongresi (DTK) Ba\u015fkan\u0131 Ahmet T\u00fcrk ve yard\u0131mc\u0131s\u0131 Aysel Tu\u011fluk, Irak Devlet Ba\u015fkan\u0131 ve Irak K\u00fcrdistan Yurtseverler Birli\u011fi (KYB) Genel Sekreteri Celal Talabani ile S\u00fcleymaniye\u2019de g\u00f6r\u00fc\u015ft\u00fc. Talabani\u2019nin \u00f6zel konutunda ger\u00e7ekle\u015fen g\u00f6r\u00fc\u015fmenin s\u0131cak bir ortamda ge\u00e7ti\u011fi belirtildi. <\/p>\n","protected":false},"author":1,"featured_media":0,"comment_status":"open","ping_status":"open","sticky":false,"template":"","format":"standard","meta":{"footnotes":""},"categories":[105],"tags":[],"class_list":["post-42172","post","type-post","status-publish","format-standard","hentry","category-gundem","odd"],"_links":{"self":[{"href":"http:\/\/www.korhanyilmaz.com\/index.php?rest_route=\/wp\/v2\/posts\/42172","targetHints":{"allow":["GET"]}}],"collection":[{"href":"http:\/\/www.korhanyilmaz.com\/index.php?rest_route=\/wp\/v2\/posts"}],"about":[{"href":"http:\/\/www.korhanyilmaz.com\/index.php?rest_route=\/wp\/v2\/types\/post"}],"author":[{"embeddable":true,"href":"http:\/\/www.korhanyilmaz.com\/index.php?rest_route=\/wp\/v2\/users\/1"}],"replies":[{"embeddable":true,"href":"http:\/\/www.korhanyilmaz.com\/index.php?rest_route=%2Fwp%2Fv2%2Fcomments&post=42172"}],"version-history":[{"count":0,"href":"http:\/\/www.korhanyilmaz.com\/index.php?rest_route=\/wp\/v2\/posts\/42172\/revisions"}],"wp:attachment":[{"href":"http:\/\/www.korhanyilmaz.com\/index.php?rest_route=%2Fwp%2Fv2%2Fmedia&parent=42172"}],"wp:term":[{"taxonomy":"category","embeddable":true,"href":"http:\/\/www.korhanyilmaz.com\/index.php?rest_route=%2Fwp%2Fv2%2Fcategories&post=42172"},{"taxonomy":"post_tag","embeddable":true,"href":"http:\/\/www.korhanyilmaz.com\/index.php?rest_route=%2Fwp%2Fv2%2Ftags&post=42172"}],"curies":[{"name":"wp","href":"https:\/\/api.w.org\/{rel}","templated":true}]}}