{"id":42168,"date":"2011-11-09T14:23:15","date_gmt":"2011-11-09T12:23:15","guid":{"rendered":"http:\/\/www.korhanyilmaz.com\/?p=42168"},"modified":"2011-11-09T15:26:13","modified_gmt":"2011-11-09T13:26:13","slug":"5-kisinin-olumune-neden-olan-sofor-hatirlamiyorum-dedi","status":"publish","type":"post","link":"http:\/\/www.korhanyilmaz.com\/?p=42168","title":{"rendered":"5 ki\u015finin \u00f6l\u00fcm\u00fcne neden olan \u015fof\u00f6r &#8216;hat\u0131rlam\u0131yorum&#8217; dedi"},"content":{"rendered":"<p style=\"text-align: center;\"><a href=\"http:\/\/www.korhanyilmaz.com\/wp-content\/uploads\/2011\/11\/7023.jpg\"  class=\"lightview\"><img loading=\"lazy\" decoding=\"async\" class=\"aligncenter  wp-image-42169\" src=\"http:\/\/www.korhanyilmaz.com\/wp-content\/uploads\/2011\/11\/7023.jpg\" alt=\"\" width=\"387\" height=\"207\" \/><\/a><\/p>\n<p style=\"text-align: justify;\">Samsun\u2019un Vezirk\u00f6pr\u00fc \u0130l\u00e7esi\u2019nde \u00f6nce otomobile \u00e7arpan, ard\u0131ndan da kald\u0131r\u0131ma \u00e7\u0131karak yayalar\u0131 ezerek 5 ki\u015finin \u00f6lmesine neden olan kamyonet s\u00fcr\u00fcc\u00fcs\u00fc 20 ya\u015f\u0131ndaki A.T.&#8217;nin alkoll\u00fc oldu\u011fu saptand\u0131. A.T. kaza i\u00e7in &#8220;Hat\u0131rlam\u0131yorum&#8221; dedi.\u00a0<!--more--><\/p>\n<p style=\"text-align: justify;\">Vezirk\u00f6pr\u00fc \u0130l\u00e7e merkezinde, Samsun- Kastamonu karayolunda d\u00fcn gece meydana gelen kazada, Samsun\u2019un Havza il\u00e7esinden Sinop\u2019un Dura\u011fan il\u00e7esine giden A.T. y\u00f6netimindeki kamyonetle, kav\u015faktan yola \u00e7\u0131kan 26 ya\u015f\u0131ndaki \u0130smail Y\u0131ld\u0131z y\u00f6netimindeki otomobile \u00e7arpt\u0131. \u00c7arpman\u0131n etkisiyle A.T. direksiyon kontrol\u00fcn\u00fc yitirince kald\u0131r\u0131ma \u00e7\u0131kan kamyonet 15 ya\u015f\u0131ndaki Ahmet Tar\u0131k \u00d6z\u0131\u015f\u0131k, 17 ya\u015f\u0131ndaki a\u011fabeyi Metin \u00d6z\u0131\u015f\u0131k, 14 ya\u015f\u0131ndaki amcas\u0131n\u0131n o\u011flu Onur \u00d6z\u0131\u015f\u0131k ile arkada\u015flar\u0131 13 ya\u015f\u0131ndaki O\u011fuzcan Bolat ve 17 ya\u015f\u0131ndaki Yusuf Ald\u0131n\u2019\u0131 ezdi.<\/p>\n<p style=\"text-align: justify;\">Kendisi kazay\u0131 hafif s\u0131yr\u0131klarla atlatan, ancak kald\u0131r\u0131mdaki 5 gencin \u00f6l\u00fcm\u00fcne neden olan kamyonet s\u00fcr\u00fcc\u00fcs\u00fc A.T. hastanede tedavisinin ard\u0131ndan g\u00f6zalt\u0131na al\u0131nd\u0131. Yap\u0131lan muayenesinde 0.52 promil alkoll\u00fc \u00e7\u0131kan A.T. 5 ki\u015fiyi \u00f6ld\u00fcrd\u00fc\u011f\u00fcn\u00fc bilmedi\u011fini s\u00f6yleyerek &#8220;Hat\u0131rlam\u0131yorum&#8221; dedi.<\/p>\n<p style=\"text-align: justify;\">A.T. &#8220;Arkada\u015flar\u0131mla birlikte hal\u0131 sahada ma\u00e7tan \u00e7\u0131kt\u0131m. Dura\u011fan istikametine do\u011fru giderken, bir ki\u015fi sa\u011f taraftan yolun kar\u015f\u0131s\u0131na ge\u00e7iyordu. Onu g\u00f6r\u00fcnce ben de sa\u011fa yakla\u015ft\u0131m. Bu s\u0131rada bir otomobil anayola \u00e7\u0131kt\u0131 ve bize \u00e7arpt\u0131.\u00c7arpman\u0131n etkisiyle benim arac\u0131m savruldu ve yol kenar\u0131nda duran 2 otomobile \u00e7arp\u0131p durdu. \u00d6len ki\u015fileri a\u015fa\u011f\u0131ya inince g\u00f6rd\u00fcm&#8221; diye ifade verdi.<\/p>\n<p style=\"text-align: justify;\">Kazada alkoll\u00fc s\u00fcr\u00fcc\u00fcn\u00fcn kurban\u0131 olan 5 gen\u00e7, Yeni Mahalle Camisi\u2019nde k\u0131l\u0131nan \u00f6\u011fle namaz\u0131n\u0131n ard\u0131ndan g\u00f6zya\u015flar\u0131 aras\u0131nda topra\u011fa verildi.<\/p>\n<p style=\"text-align: justify;\"><a href=\"http:\/\/www.hurriyet.com.tr\/gundem\/19199268.asp\" target=\"_blank\">Kaynak : H\u00fcrriyet.com.tr<\/a><\/p>\n","protected":false},"excerpt":{"rendered":"<p style=\"text-align: center;\">\n<p style=\"text-align: justify;\">Samsun\u2019un Vezirk\u00f6pr\u00fc \u0130l\u00e7esi\u2019nde \u00f6nce otomobile \u00e7arpan, ard\u0131ndan da kald\u0131r\u0131ma \u00e7\u0131karak yayalar\u0131 ezerek 5 ki\u015finin \u00f6lmesine neden olan kamyonet s\u00fcr\u00fcc\u00fcs\u00fc 20 ya\u015f\u0131ndaki A.T.&#8217;nin alkoll\u00fc oldu\u011fu saptand\u0131. A.T. kaza i\u00e7in &#8220;Hat\u0131rlam\u0131yorum&#8221; dedi. <\/p>\n","protected":false},"author":1,"featured_media":0,"comment_status":"open","ping_status":"open","sticky":false,"template":"","format":"standard","meta":{"footnotes":""},"categories":[105],"tags":[],"class_list":["post-42168","post","type-post","status-publish","format-standard","hentry","category-gundem","odd"],"_links":{"self":[{"href":"http:\/\/www.korhanyilmaz.com\/index.php?rest_route=\/wp\/v2\/posts\/42168","targetHints":{"allow":["GET"]}}],"collection":[{"href":"http:\/\/www.korhanyilmaz.com\/index.php?rest_route=\/wp\/v2\/posts"}],"about":[{"href":"http:\/\/www.korhanyilmaz.com\/index.php?rest_route=\/wp\/v2\/types\/post"}],"author":[{"embeddable":true,"href":"http:\/\/www.korhanyilmaz.com\/index.php?rest_route=\/wp\/v2\/users\/1"}],"replies":[{"embeddable":true,"href":"http:\/\/www.korhanyilmaz.com\/index.php?rest_route=%2Fwp%2Fv2%2Fcomments&post=42168"}],"version-history":[{"count":0,"href":"http:\/\/www.korhanyilmaz.com\/index.php?rest_route=\/wp\/v2\/posts\/42168\/revisions"}],"wp:attachment":[{"href":"http:\/\/www.korhanyilmaz.com\/index.php?rest_route=%2Fwp%2Fv2%2Fmedia&parent=42168"}],"wp:term":[{"taxonomy":"category","embeddable":true,"href":"http:\/\/www.korhanyilmaz.com\/index.php?rest_route=%2Fwp%2Fv2%2Fcategories&post=42168"},{"taxonomy":"post_tag","embeddable":true,"href":"http:\/\/www.korhanyilmaz.com\/index.php?rest_route=%2Fwp%2Fv2%2Ftags&post=42168"}],"curies":[{"name":"wp","href":"https:\/\/api.w.org\/{rel}","templated":true}]}}