{"id":42163,"date":"2011-11-09T14:56:08","date_gmt":"2011-11-09T12:56:08","guid":{"rendered":"http:\/\/www.korhanyilmaz.com\/?p=42163"},"modified":"2011-11-09T15:18:51","modified_gmt":"2011-11-09T13:18:51","slug":"aihme-sahte-belge-gonderildi","status":"publish","type":"post","link":"http:\/\/www.korhanyilmaz.com\/?p=42163","title":{"rendered":"&#8216;A\u0130HM&#8217;e sahte belge g\u00f6nderildi&#8217;"},"content":{"rendered":"<p style=\"text-align: center;\"><a href=\"http:\/\/www.korhanyilmaz.com\/wp-content\/uploads\/2011\/11\/7022.jpg\"  class=\"lightview\"><img loading=\"lazy\" decoding=\"async\" class=\"aligncenter  wp-image-42164\" src=\"http:\/\/www.korhanyilmaz.com\/wp-content\/uploads\/2011\/11\/7022.jpg\" alt=\"\" width=\"363\" height=\"236\" \/><\/a><\/p>\n<p style=\"text-align: justify;\">CHP Genel Ba\u015fkan\u0131 Kemal K\u0131l\u0131\u00e7daro\u011flu, tutuklu milletvekilleri Mehmet Haberal ve Mustafa Balbay&#8217;\u0131 Silivri cezaevinde ziyaret etti. &#8220;\u0130ktidara muhalif olman\u0131n bedeli 21&#8217;inci y\u00fczy\u0131l T\u00fcrkiyesi&#8217;nde Silivri&#8217;de toplama kamp\u0131nda olmakt\u0131r&#8221; diyen K\u0131l\u0131\u00e7daro\u011flu, arama yap\u0131l\u0131p yap\u0131lmad\u0131\u011f\u0131yla ilgili soruya ise, &#8220;Neyimizi arayacaklar. \u00dczerimizde bir kalem var. Biliyorsunuz kalem en b\u00fcy\u00fck su\u00e7 ama&#8221; diye yan\u0131t verdi.<!--more--><\/p>\n<p style=\"text-align: justify;\">\u0130stanbul- CHP Genel Ba\u015fkan\u0131 Kemal K\u0131l\u0131\u00e7daro\u011flu tutuklu \u0130zmir Milletvekili Mustafa Balbay ve Zonguldak Milletvekili Mehmet Haberal&#8217;a bayramla\u015fmak i\u00e7in Silivri Cezaevi&#8217;ne gitti.<\/p>\n<p style=\"text-align: justify;\">CHP Genel Ba\u015fkan Yard\u0131mc\u0131lar\u0131 G\u00fcrsel Tekin, Grup Ba\u015fkanvekili Emine \u00dclker Tarhan&#8217;\u0131n da yer ald\u0131\u011f\u0131 ziyaret yakla\u015f\u0131k 2 saat s\u00fcrd\u00fc. K\u0131l\u0131\u00e7daro\u011flu \u00e7\u0131k\u0131\u015fta ziyarete ili\u015fkin bir a\u00e7\u0131klama yapt\u0131. Tutukluluklar\u0131 sindiremediklerini belirten, &#8220;Vicdan her \u015feyin \u00fcst\u00fcndedir. Vicdan\u0131 ile hareket etmeyen yarg\u0131\u00e7 yarg\u0131\u00e7 olabilir mi?&#8221; diye soran K\u0131l\u0131\u00e7daro\u011flu Anayasan\u0131n 90&#8217;\u0131nc\u0131 maddesi ve imzalanan uluslararas\u0131 s\u00f6zle\u015fmelerin gere\u011finin yap\u0131lmamas\u0131n\u0131 ele\u015ftirdi. Bunlar\u0131 g\u00f6rmemezlikten gelip, &#8220;ben bildi\u011fimi okurum. Benim s\u00f6ylediklerim do\u011fru&#8221; mant\u0131\u011f\u0131 ile yola \u00e7\u0131k\u0131lamayaca\u011f\u0131n\u0131 kaydeden K\u0131l\u0131\u00e7daro\u011flu, &#8220;B\u00f6yle yaparsan\u0131z adalet da\u011f\u0131tamazs\u0131n\u0131z&#8221; dedi.<\/p>\n<p style=\"text-align: justify;\"><strong>&#8220;Toplama kamp\u0131n\u0131n bah\u00e7esindeyiz&#8221;\u00a0<\/strong><\/p>\n<p style=\"text-align: justify;\">&#8220;21&#8217;inci y\u00fczy\u0131lda T\u00fcrkiye&#8217;de bir toplama kamp\u0131n\u0131n bah\u00e7esindeyiz&#8221; diyen K\u0131l\u0131\u00e7daro\u011flu \u015f\u00f6yle devam etti:<\/p>\n<p style=\"text-align: justify;\">&#8220;Bu toplama kamp\u0131nda birden fazla \u00fcniversiteye ders verecek kapasitede insanlar var. Burada gazeteciler var, bilim insanlar\u0131 var, ara\u015ft\u0131rmac\u0131lar var, kitap yazan yazarlar var. Bunlar\u0131n tek bir ortak paydalar\u0131 var. \u0130ktidara muhalif olmak. \u0130ktidara muhalif olman\u0131n bedeli 21&#8217;inci y\u00fczy\u0131l T\u00fcrkiye&#8217;sinde Silivri&#8217;de toplama kamp\u0131nda olmakt\u0131r.&#8221;<\/p>\n<p style=\"text-align: justify;\">Tutuklu milletvekillerinin durumu i\u00e7in &#8220;Bu demokrasi ay\u0131b\u0131d\u0131r&#8221; diyen K\u0131l\u0131\u00e7daro\u011flu, h\u00fck\u00fcmeti ele\u015ftirdi. K\u0131l\u0131\u00e7daro\u011flu, &#8220;Bu demokrasi ay\u0131b\u0131n\u0131 ortadan kald\u0131rmam\u0131z laz\u0131m. T\u00fcrkiye&#8217;ye yak\u0131\u015fm\u0131yor. E\u011fer bu s\u00fcre\u00e7 AB \u0130lerleme raporlar\u0131na yans\u0131yorsa, bu s\u00fcre\u00e7ten Cumhurba\u015fkan\u0131, Meclis Ba\u015fkan\u0131, iktidar\u0131n baz\u0131 bakanlar\u0131 \u015fikayet ediyorsa \u015funu sormak gerek: &#8216;Bu s\u00fcreci bitirmek i\u00e7in \u00f6n\u00fcn\u00fczdeki engel nedir?'&#8221; diye konu\u015ftu.<\/p>\n<p style=\"text-align: justify;\"><strong>&#8216;T\u00fcrkiye demokrasi ay\u0131b\u0131ndan kurtulmal\u0131&#8217;\u00a0<\/strong><\/p>\n<p style=\"text-align: justify;\">\u0130ktidar\u0131n i\u015fine gelince her t\u00fcrl\u00fc engelin \u00f6n\u00fcnde muhalefetin oldu\u011funu s\u00f6yledi\u011fini ifade eden K\u0131l\u0131\u00e7daro\u011flu, &#8220;\u015eimdi de muhalefet size kar\u015f\u0131 m\u0131? Hay\u0131r. O zaman neden gere\u011fini yapm\u0131yorsunuz. Bu demokrasi ay\u0131b\u0131ndan T\u00fcrkiye&#8217;nin kurtulmas\u0131 gerek&#8221; dedi.<\/p>\n<p style=\"text-align: justify;\">K\u0131l\u0131\u00e7daro\u011flu gazetecilerin sorular\u0131 \u00fczerine iki ayr\u0131 binada iki ayr\u0131 y\u00f6netimin izni ile g\u00f6r\u00fc\u015fmeyi yapt\u0131klar\u0131n\u0131 anlatt\u0131. K\u0131l\u0131\u00e7daro\u011flu, &#8220;\u0130kisi de bir an \u00f6nce \u00f6zg\u00fcrl\u00fcklerine kavu\u015fmak istiyor. Say\u0131n Balbay biran \u00f6nce parlamenter olarak \u00e7al\u0131\u015fmak istiyor. Say\u0131n Haberal ve Say\u0131n Balbay se\u00e7im b\u00f6lgelerine selam ve sayg\u0131lar\u0131n\u0131 g\u00f6nderdi. Parlamentoda g\u00f6rev yapmak istediklerini, demokrasi ve \u00f6zg\u00fcrl\u00fc\u011f\u00fcn asl\u0131nda ne demek oldu\u011funu anlatmak istediklerini ifade ettiler&#8221; dedi.<\/p>\n<p style=\"text-align: justify;\">K\u0131l\u0131\u00e7daro\u011flu, Haberal ve Balbay&#8217;\u0131n morallerinin nas\u0131l oldu\u011fuyla ilgili soruya ise &#8220;Hapishanede bir insan\u0131n morali ne kadar yerindeyse onlar\u0131n morali de o kadar yerinde&#8221; yan\u0131t\u0131 verdi.<\/p>\n<p style=\"text-align: justify;\"><strong>A\u0130HM&#8217;e sahte belge g\u00f6nderildi iddias\u0131\u00a0<\/strong><\/p>\n<p style=\"text-align: justify;\">Zonguldak Milletvekili Mehmet Haberal&#8217;\u0131n, &#8220;Ben neden tutukluyum hala anlayabilmi\u015f de\u011filim&#8221; dedi\u011fini aktaran K\u0131l\u0131\u00e7daro\u011flu, &#8220;A\u0130HM&#8217;e baz\u0131 sahte belgelerin g\u00f6nderilmesinden say\u0131n Haberal \u015fikayet\u00e7i. T\u00fcrkiye Cumhuriyeti&#8217;ne bir mahkemeye sahte belge g\u00f6ndermek yak\u0131\u015fmaz&#8221; dedi. K\u0131l\u0131\u00e7daro\u011flu, &#8220;Sahte belge&#8221; iddias\u0131yla ilgili sorular \u00fczerine Haberal&#8217;\u0131n avukat\u0131yla g\u00f6r\u00fc\u015f\u00fclmesini istedi, &#8220;Haberal bu konuda sitemini dile getirdi&#8221; dedi.<\/p>\n<p style=\"text-align: justify;\">K\u0131l\u0131\u00e7daro\u011flu, cezaevine giri\u015fte arama yap\u0131lmad\u0131\u011f\u0131yla ilgili soru \u00fczerine, &#8220;Arama yap\u0131lacak bir \u015fey yok. Neyimizi arayacaklar. \u00dczerimizde bir kalem var. Biliyorsunuz kalem en b\u00fcy\u00fck su\u00e7 ama.&#8221; yan\u0131t\u0131n\u0131 verdi.<\/p>\n<p style=\"text-align: justify;\"><a href=\"http:\/\/www.cumhuriyet.com.tr\/?hn=291846&amp;kw='A%DDHM'e+sahte+belge+g%F6nderildi'\" target=\"_blank\">Kaynak : Cumhuriyet Haber Portal\u0131<\/a><\/p>\n","protected":false},"excerpt":{"rendered":"<p style=\"text-align: center;\">\n<p style=\"text-align: justify;\">CHP Genel Ba\u015fkan\u0131 Kemal K\u0131l\u0131\u00e7daro\u011flu, tutuklu milletvekilleri Mehmet Haberal ve Mustafa Balbay&#8217;\u0131 Silivri cezaevinde ziyaret etti. &#8220;\u0130ktidara muhalif olman\u0131n bedeli 21&#8217;inci y\u00fczy\u0131l T\u00fcrkiyesi&#8217;nde Silivri&#8217;de toplama kamp\u0131nda olmakt\u0131r&#8221; diyen K\u0131l\u0131\u00e7daro\u011flu, arama yap\u0131l\u0131p yap\u0131lmad\u0131\u011f\u0131yla ilgili soruya ise, &#8220;Neyimizi arayacaklar. \u00dczerimizde bir kalem var. Biliyorsunuz kalem en b\u00fcy\u00fck su\u00e7 ama&#8221; diye yan\u0131t verdi.<\/p>\n","protected":false},"author":1,"featured_media":0,"comment_status":"open","ping_status":"open","sticky":false,"template":"","format":"standard","meta":{"footnotes":""},"categories":[105],"tags":[],"class_list":["post-42163","post","type-post","status-publish","format-standard","hentry","category-gundem","odd"],"_links":{"self":[{"href":"http:\/\/www.korhanyilmaz.com\/index.php?rest_route=\/wp\/v2\/posts\/42163","targetHints":{"allow":["GET"]}}],"collection":[{"href":"http:\/\/www.korhanyilmaz.com\/index.php?rest_route=\/wp\/v2\/posts"}],"about":[{"href":"http:\/\/www.korhanyilmaz.com\/index.php?rest_route=\/wp\/v2\/types\/post"}],"author":[{"embeddable":true,"href":"http:\/\/www.korhanyilmaz.com\/index.php?rest_route=\/wp\/v2\/users\/1"}],"replies":[{"embeddable":true,"href":"http:\/\/www.korhanyilmaz.com\/index.php?rest_route=%2Fwp%2Fv2%2Fcomments&post=42163"}],"version-history":[{"count":0,"href":"http:\/\/www.korhanyilmaz.com\/index.php?rest_route=\/wp\/v2\/posts\/42163\/revisions"}],"wp:attachment":[{"href":"http:\/\/www.korhanyilmaz.com\/index.php?rest_route=%2Fwp%2Fv2%2Fmedia&parent=42163"}],"wp:term":[{"taxonomy":"category","embeddable":true,"href":"http:\/\/www.korhanyilmaz.com\/index.php?rest_route=%2Fwp%2Fv2%2Fcategories&post=42163"},{"taxonomy":"post_tag","embeddable":true,"href":"http:\/\/www.korhanyilmaz.com\/index.php?rest_route=%2Fwp%2Fv2%2Ftags&post=42163"}],"curies":[{"name":"wp","href":"https:\/\/api.w.org\/{rel}","templated":true}]}}