{"id":42154,"date":"2011-11-09T12:37:20","date_gmt":"2011-11-09T10:37:20","guid":{"rendered":"http:\/\/www.korhanyilmaz.com\/?p=42154"},"modified":"2011-11-09T13:40:34","modified_gmt":"2011-11-09T11:40:34","slug":"pervin-buldan-herkesin-mezarini-ziyaret-ettik","status":"publish","type":"post","link":"http:\/\/www.korhanyilmaz.com\/?p=42154","title":{"rendered":"Pervin buldan, &#8220;herkesin mezar\u0131n\u0131 ziyaret ettik&#8221;"},"content":{"rendered":"<p style=\"text-align: center;\"><a href=\"http:\/\/www.korhanyilmaz.com\/wp-content\/uploads\/2011\/11\/7020.jpg\"  class=\"lightview\"><img loading=\"lazy\" decoding=\"async\" class=\"aligncenter  wp-image-42155\" src=\"http:\/\/www.korhanyilmaz.com\/wp-content\/uploads\/2011\/11\/7020.jpg\" alt=\"\" width=\"307\" height=\"236\" \/><\/a><\/p>\n<p style=\"text-align: justify;\">BDP Grup Ba\u015fkan Vekili Pervin Buldan&#8217;\u0131n, d\u00fcn (8 Ekim), I\u011fd\u0131r&#8217;da \u00f6ld\u00fcr\u00fclen ter\u00f6ristlerin mezarlar\u0131n\u0131 &#8216;TBMM 029&#8217; plakal\u0131 meclis arac\u0131yla ziyaret etti\u011fi iddialar\u0131n\u0131 de\u011ferlendirirken, &#8220;\u00d6zel olarak gitti\u011fimiz mezarlar yok. Yak\u0131nlar\u0131n\u0131 kaybeden herkesin mezar\u0131n\u0131 ziyaret ettik. Meclis arac\u0131yla gitti\u011fimiz i\u00e7in \u00e7arp\u0131t\u0131lmaya \u00e7al\u0131\u015f\u0131l\u0131yor&#8221; dedi.\u00a0<!--more--><\/p>\n<p style=\"text-align: justify;\">BDP Grup Ba\u015fkan Vekili ve I\u011fd\u0131r Milletvekili Pervin Buldan, Kurban Bayram\u0131n\u0131n 3&#8217;\u00fcncu g\u00fcn\u00fc, I\u011fd\u0131r&#8217;da partililerle bayramla\u015ft\u0131ktan sonra, Belediye Bakan Vekili H\u00fcseyin Malk ile birlikte Aral\u0131k il\u00e7esine ge\u00e7ti.<\/p>\n<p style=\"text-align: justify;\">Aral\u0131k&#8217;\u0131n k\u00f6ylerini ziyaret eden Pervin Buldan, daha sonra ailelerle birlikte &#8216;TBMM 029&#8217; plakal\u0131 meclis makam arac\u0131yla \u00f6ld\u00fcr\u00fclen ter\u00f6ristlerin mezarlar\u0131n\u0131 ziyaret etti\u011fi iddia edildi. Yine iddiaya g\u00f6re, Pervin Buldan ve partililer mezar ba\u015f\u0131nda dua okuduktan sonra makam otomobiline binerek il\u00e7eden ayr\u0131ld\u0131lar.<\/p>\n<p style=\"text-align: justify;\">DHA muhabirine a\u00e7\u0131klama yapan Pervin Buldan, her y\u0131l mezar ziyareti yapt\u0131klar\u0131n\u0131, b\u00fcy\u00fct\u00fclecek bir\u015fey olmad\u0131\u011f\u0131n\u0131 s\u00f6yleyerek &#8220;Her sene normal mezar ziyaretleri yap\u0131yoruz. Bunun i\u00e7inde yak\u0131nlar\u0131n\u0131 kaybeden herkes var. Bu kadar b\u00fcy\u00fct\u00fclecek ne var, anlamad\u0131m. Genel mezar ziyaretleri bunlar. K\u00f6ylerde ailelerle birlikte mezarl\u0131klara gidiyoruz. \u0130stanbul&#8217;da e\u015fimin mezar\u0131na da gittim. D\u00fcn g\u00fcn boyunca k\u00f6ylere giderek ailelerle bayramla\u015ft\u0131k ve yak\u0131nlar\u0131n\u0131n mezar\u0131na gittik. Haberlerde &#8216;g\u00fcvenlik g\u00fc\u00e7lerince \u00f6ld\u00fcr\u00fclen ter\u00f6ristlerin mezarlar\u0131n\u0131 ziyaret etti&#8217; diye yer alm\u0131\u015f. Alakas\u0131 yok. \u00d6zel birinin mezar\u0131n\u0131n ziyaret etmedik. Meclis arac\u0131yla gitti\u011fimiz i\u00e7in \u00e7arpt\u0131r\u0131l\u0131yor. Bas\u0131n illaki ince bir nokta bulup yazacak&#8221; diye konu\u015ftu.<\/p>\n<p style=\"text-align: justify;\"><a href=\"http:\/\/www.cnnturk.com\/2011\/turkiye\/11\/09\/pervin.buldan.herkesin.mezarini.ziyaret.ettik\/636125.0\/index.html\" target=\"_blank\">Kaynak : CNN T\u00dcRK<\/a><\/p>\n","protected":false},"excerpt":{"rendered":"<p style=\"text-align: center;\">\n<p style=\"text-align: justify;\">BDP Grup Ba\u015fkan Vekili Pervin Buldan&#8217;\u0131n, d\u00fcn (8 Ekim), I\u011fd\u0131r&#8217;da \u00f6ld\u00fcr\u00fclen ter\u00f6ristlerin mezarlar\u0131n\u0131 &#8216;TBMM 029&#8217; plakal\u0131 meclis arac\u0131yla ziyaret etti\u011fi iddialar\u0131n\u0131 de\u011ferlendirirken, &#8220;\u00d6zel olarak gitti\u011fimiz mezarlar yok. Yak\u0131nlar\u0131n\u0131 kaybeden herkesin mezar\u0131n\u0131 ziyaret ettik. Meclis arac\u0131yla gitti\u011fimiz i\u00e7in \u00e7arp\u0131t\u0131lmaya \u00e7al\u0131\u015f\u0131l\u0131yor&#8221; dedi. <\/p>\n","protected":false},"author":1,"featured_media":0,"comment_status":"open","ping_status":"open","sticky":false,"template":"","format":"standard","meta":{"footnotes":""},"categories":[105],"tags":[],"class_list":["post-42154","post","type-post","status-publish","format-standard","hentry","category-gundem","odd"],"_links":{"self":[{"href":"http:\/\/www.korhanyilmaz.com\/index.php?rest_route=\/wp\/v2\/posts\/42154","targetHints":{"allow":["GET"]}}],"collection":[{"href":"http:\/\/www.korhanyilmaz.com\/index.php?rest_route=\/wp\/v2\/posts"}],"about":[{"href":"http:\/\/www.korhanyilmaz.com\/index.php?rest_route=\/wp\/v2\/types\/post"}],"author":[{"embeddable":true,"href":"http:\/\/www.korhanyilmaz.com\/index.php?rest_route=\/wp\/v2\/users\/1"}],"replies":[{"embeddable":true,"href":"http:\/\/www.korhanyilmaz.com\/index.php?rest_route=%2Fwp%2Fv2%2Fcomments&post=42154"}],"version-history":[{"count":0,"href":"http:\/\/www.korhanyilmaz.com\/index.php?rest_route=\/wp\/v2\/posts\/42154\/revisions"}],"wp:attachment":[{"href":"http:\/\/www.korhanyilmaz.com\/index.php?rest_route=%2Fwp%2Fv2%2Fmedia&parent=42154"}],"wp:term":[{"taxonomy":"category","embeddable":true,"href":"http:\/\/www.korhanyilmaz.com\/index.php?rest_route=%2Fwp%2Fv2%2Fcategories&post=42154"},{"taxonomy":"post_tag","embeddable":true,"href":"http:\/\/www.korhanyilmaz.com\/index.php?rest_route=%2Fwp%2Fv2%2Ftags&post=42154"}],"curies":[{"name":"wp","href":"https:\/\/api.w.org\/{rel}","templated":true}]}}