{"id":42147,"date":"2011-11-08T18:42:38","date_gmt":"2011-11-08T16:42:38","guid":{"rendered":"http:\/\/www.korhanyilmaz.com\/?p=42147"},"modified":"2011-11-09T06:53:38","modified_gmt":"2011-11-09T04:53:38","slug":"sicakliklar-dusecek-kar-yagisi-geliyor","status":"publish","type":"post","link":"http:\/\/www.korhanyilmaz.com\/?p=42147","title":{"rendered":"S\u0131cakl\u0131klar d\u00fc\u015fecek, kar ya\u011f\u0131\u015f\u0131 geliyor"},"content":{"rendered":"<p style=\"text-align: center;\"><a href=\"http:\/\/www.korhanyilmaz.com\/wp-content\/uploads\/2011\/11\/7018.jpg\"  class=\"lightview\"><img loading=\"lazy\" decoding=\"async\" class=\"aligncenter  wp-image-42148\" src=\"http:\/\/www.korhanyilmaz.com\/wp-content\/uploads\/2011\/11\/7018.jpg\" alt=\"\" width=\"396\" height=\"180\" \/><\/a><\/p>\n<p style=\"text-align: justify;\">Kurban Bayram\u0131&#8217;nda yurdun b\u00fcy\u00fck b\u00f6l\u00fcm\u00fcnde g\u00f6r\u00fclen g\u00fcne\u015fli hava, per\u015fembe g\u00fcn\u00fcnden itibaren yerini ya\u011f\u0131\u015fl\u0131 havaya b\u0131rakacak. Hava s\u0131cakl\u0131klar\u0131 3 ile 5 derece aras\u0131nda d\u00fc\u015ferken, i\u00e7 kesimlerde kar ve karla kar\u0131\u015f\u0131k ya\u011fmur g\u00f6r\u00fclecek.<!--more--><\/p>\n<p style=\"text-align: justify;\">Meteoroloji yetkililerinden al\u0131nan bilgilere g\u00f6re Kurban Bayram\u0131&#8217;n\u0131n bitimiyle birlikte hava s\u0131c\u0131kl\u0131klar\u0131nda 3 ile 5 derece d\u00fc\u015f\u00fc\u015f g\u00f6r\u00fclecek. Karadeniz \u00fczerinden gelen so\u011fuk ve nemli hava nedeniyle, yar\u0131n Marmara ve Bat\u0131 Karadeniz&#8217;de sis g\u00f6r\u00fcl\u00fcrken, Karadeniz bulutlu, Do\u011fu Anadolu ve Marmara par\u00e7al\u0131 bulutlu, Akdeniz ve G\u00fcneydo\u011fu Anadolu b\u00f6lgeleri ise a\u00e7\u0131k olacak.<\/p>\n<p style=\"text-align: justify;\"><strong>HAFTASONU DURUM NE?<\/strong><\/p>\n<p style=\"text-align: justify;\">10 Kas\u0131m Per\u015fembe g\u00fcn\u00fc ise ya\u011f\u0131\u015fl\u0131 hava Karadeniz B\u00f6lgesinde etkili olacak. Karadeniz&#8217;in y\u00fcksek kesimlerinde karla kar\u0131\u015f\u0131k ya\u011fmur g\u00f6r\u00fclecek. Cuma g\u00fcn\u00fc ise ya\u011f\u0131\u015fl\u0131 hava yurdun Bat\u0131 kesimi ve Akdeniz b\u00f6lgesi d\u0131\u015f\u0131nda etkili olacak. Sivas, Hakkari, Van, Mu\u015f, Kars, Ardahan, G\u00fcm\u00fc\u015fhane, Erzurum \u00e7evresinde karla kar\u0131\u015f\u0131k ya\u011fmur ve kar ya\u011f\u0131\u015f\u0131 g\u00f6r\u00fclecek. Ya\u011f\u0131\u015fl\u0131 hava cumartesi g\u00fcn\u00fc sadece Do\u011fu Karadeniz, Do\u011fu Anadolu ve G\u00fcneydo\u011fu Anadolu b\u00f6lgelerinde g\u00f6r\u00fcl\u00fcrken, di\u011fer b\u00f6lgeler bulutlu olacak. Pazar g\u00fcn\u00fc ise Do\u011fu Karadeniz&#8217;de ya\u011f\u0131\u015f g\u00f6r\u00fcl\u00fcrken, di\u011fer b\u00f6lgelerde par\u00e7al\u0131 ve \u00e7ok bulutlu hava tahmin ediliyor. Do\u011fu Anadolu&#8217;da Erzurum, Kars ve Ardahan&#8217;da s\u0131cakl\u0131\u011f\u0131n eksi 12-13 dereceye kadar d\u00fc\u015fmesi bekleniyor.<\/p>\n<p style=\"text-align: justify;\"><a href=\"http:\/\/www.gazeteport.com.tr\/haber\/61950\/sicakliklar_dusecek_kar_yagisi_geliyor\" target=\"_blank\">Kaynak : GAZETEPORT<\/a><\/p>\n","protected":false},"excerpt":{"rendered":"<p style=\"text-align: center;\">\n<p style=\"text-align: justify;\">Kurban Bayram\u0131&#8217;nda yurdun b\u00fcy\u00fck b\u00f6l\u00fcm\u00fcnde g\u00f6r\u00fclen g\u00fcne\u015fli hava, per\u015fembe g\u00fcn\u00fcnden itibaren yerini ya\u011f\u0131\u015fl\u0131 havaya b\u0131rakacak. Hava s\u0131cakl\u0131klar\u0131 3 ile 5 derece aras\u0131nda d\u00fc\u015ferken, i\u00e7 kesimlerde kar ve karla kar\u0131\u015f\u0131k ya\u011fmur g\u00f6r\u00fclecek.<\/p>\n","protected":false},"author":1,"featured_media":0,"comment_status":"open","ping_status":"open","sticky":false,"template":"","format":"standard","meta":{"footnotes":""},"categories":[105],"tags":[],"class_list":["post-42147","post","type-post","status-publish","format-standard","hentry","category-gundem","odd"],"_links":{"self":[{"href":"http:\/\/www.korhanyilmaz.com\/index.php?rest_route=\/wp\/v2\/posts\/42147","targetHints":{"allow":["GET"]}}],"collection":[{"href":"http:\/\/www.korhanyilmaz.com\/index.php?rest_route=\/wp\/v2\/posts"}],"about":[{"href":"http:\/\/www.korhanyilmaz.com\/index.php?rest_route=\/wp\/v2\/types\/post"}],"author":[{"embeddable":true,"href":"http:\/\/www.korhanyilmaz.com\/index.php?rest_route=\/wp\/v2\/users\/1"}],"replies":[{"embeddable":true,"href":"http:\/\/www.korhanyilmaz.com\/index.php?rest_route=%2Fwp%2Fv2%2Fcomments&post=42147"}],"version-history":[{"count":0,"href":"http:\/\/www.korhanyilmaz.com\/index.php?rest_route=\/wp\/v2\/posts\/42147\/revisions"}],"wp:attachment":[{"href":"http:\/\/www.korhanyilmaz.com\/index.php?rest_route=%2Fwp%2Fv2%2Fmedia&parent=42147"}],"wp:term":[{"taxonomy":"category","embeddable":true,"href":"http:\/\/www.korhanyilmaz.com\/index.php?rest_route=%2Fwp%2Fv2%2Fcategories&post=42147"},{"taxonomy":"post_tag","embeddable":true,"href":"http:\/\/www.korhanyilmaz.com\/index.php?rest_route=%2Fwp%2Fv2%2Ftags&post=42147"}],"curies":[{"name":"wp","href":"https:\/\/api.w.org\/{rel}","templated":true}]}}