{"id":42143,"date":"2011-11-09T00:02:14","date_gmt":"2011-11-08T22:02:14","guid":{"rendered":"http:\/\/www.korhanyilmaz.com\/?p=42143"},"modified":"2011-11-09T06:50:21","modified_gmt":"2011-11-09T04:50:21","slug":"9-bin-liralik-9-adam","status":"publish","type":"post","link":"http:\/\/www.korhanyilmaz.com\/?p=42143","title":{"rendered":"9 bin liral\u0131k, 9 adam"},"content":{"rendered":"<p style=\"text-align: center;\"><a href=\"http:\/\/www.korhanyilmaz.com\/wp-content\/uploads\/2011\/11\/7017.jpg\"  class=\"lightview\"><img loading=\"lazy\" decoding=\"async\" class=\"aligncenter  wp-image-42144\" src=\"http:\/\/www.korhanyilmaz.com\/wp-content\/uploads\/2011\/11\/7017.jpg\" alt=\"\" width=\"396\" height=\"180\" \/><\/a><\/p>\n<p style=\"text-align: justify;\">Se\u00e7im kaybeden AKP\u2019li eski milletvekilleri Bakan yard\u0131mc\u0131s\u0131 oluyor. Toplam 9 eski milletvekili, 5 bin liral\u0131k emekli vekil maa\u015f\u0131n\u0131n yan\u0131 s\u0131ra, 9 bin lira da Bakan yard\u0131mc\u0131l\u0131\u011f\u0131 maa\u015f\u0131na kavu\u015ftu.<!--more--><\/p>\n<p style=\"text-align: justify;\">ANKARA &#8211; Se\u00e7imlerde aday yap\u0131lmayan ya da se\u00e7imi kaybeden eski milletvekilleri Bakan yard\u0131mc\u0131s\u0131 oluyor. Antalya eski milletvekili Abdurrahman Ar\u0131c\u0131 K\u00fclt\u00fcr Turizm Bakan yard\u0131mc\u0131l\u0131\u011f\u0131na, Konya eski milletvekili Orhan Erdem\u2019in de Milli e\u011fitim bakan yard\u0131mc\u0131l\u0131\u011f\u0131na getirilmesinin ard\u0131ndan, Kahramanmara\u015f eski milletvekili Veysi Kaynak da Adalet Bakanl\u0131\u011f\u0131na Bakan yard\u0131mc\u0131s\u0131 oldu.<\/p>\n<p style=\"text-align: justify;\">B\u00f6ylelikle bug\u00fcne kadar 9 eski AKP\u2019li milletvekili bakan yard\u0131mc\u0131s\u0131 oldu. Eski milletvekilleri 5 bin liral\u0131k emekli vekil maa\u015flar\u0131n\u0131n yan\u0131 s\u0131ra, 9 bin lira da Bakan yard\u0131mc\u0131l\u0131\u011f\u0131 maa\u015f\u0131na kavu\u015ftu. Kabinede bakan yard\u0131mc\u0131l\u0131\u011f\u0131 form\u00fcl\u00fcn\u00fcn i\u015fletilmesi ile birlikte bug\u00fcne kadar 21 icrac\u0131 bakandan 13\u2019\u00fc yard\u0131mc\u0131lar\u0131n\u0131 belirledi.<\/p>\n<p style=\"text-align: justify;\">Bu g\u00f6revlerden 9\u2019una eski AKP milletvekilleri getirildi. Milli Savunma Bakan yard\u0131mc\u0131s\u0131 eski \u0130stanbul milletvekili Kemal Yard\u0131mc\u0131, Sa\u011fl\u0131k Bakan yard\u0131mc\u0131s\u0131 da \u00c7orum eski milletvekili ve sendikac\u0131 Agah Kafkas oldu.<\/p>\n<p style=\"text-align: justify;\">G\u0131da Tar\u0131m Hayvanc\u0131l\u0131k Bakan yard\u0131mc\u0131l\u0131\u011f\u0131na Diyarbak\u0131r eski milletvekili Kudbettin Arzu, Enerji Bakan yard\u0131mc\u0131l\u0131\u011f\u0131na da Rize eski milletvekili Ali Bayramo\u011flu getirildi. Aile Sosyal Politika Bakan yard\u0131mc\u0131s\u0131, eski Ankara milletvekili A\u015fk\u0131n Asan oldu. Karab\u00fck eski milletvekili Mehmet Ceylan da, Kalk\u0131nma Bakan yard\u0131mc\u0131l\u0131\u011f\u0131na atand\u0131.<\/p>\n<p style=\"text-align: justify;\"><a href=\"http:\/\/www.gazeteport.com.tr\/haber\/61956\/9_milyarlik_9_adam\" target=\"_blank\">Kaynak : GAZETEPORT<\/a><\/p>\n","protected":false},"excerpt":{"rendered":"<p style=\"text-align: center;\">\n<p style=\"text-align: justify;\">Se\u00e7im kaybeden AKP\u2019li eski milletvekilleri Bakan yard\u0131mc\u0131s\u0131 oluyor. Toplam 9 eski milletvekili, 5 bin liral\u0131k emekli vekil maa\u015f\u0131n\u0131n yan\u0131 s\u0131ra, 9 bin lira da Bakan yard\u0131mc\u0131l\u0131\u011f\u0131 maa\u015f\u0131na kavu\u015ftu.<\/p>\n","protected":false},"author":1,"featured_media":0,"comment_status":"open","ping_status":"open","sticky":false,"template":"","format":"standard","meta":{"footnotes":""},"categories":[105],"tags":[],"class_list":["post-42143","post","type-post","status-publish","format-standard","hentry","category-gundem","odd"],"_links":{"self":[{"href":"http:\/\/www.korhanyilmaz.com\/index.php?rest_route=\/wp\/v2\/posts\/42143","targetHints":{"allow":["GET"]}}],"collection":[{"href":"http:\/\/www.korhanyilmaz.com\/index.php?rest_route=\/wp\/v2\/posts"}],"about":[{"href":"http:\/\/www.korhanyilmaz.com\/index.php?rest_route=\/wp\/v2\/types\/post"}],"author":[{"embeddable":true,"href":"http:\/\/www.korhanyilmaz.com\/index.php?rest_route=\/wp\/v2\/users\/1"}],"replies":[{"embeddable":true,"href":"http:\/\/www.korhanyilmaz.com\/index.php?rest_route=%2Fwp%2Fv2%2Fcomments&post=42143"}],"version-history":[{"count":0,"href":"http:\/\/www.korhanyilmaz.com\/index.php?rest_route=\/wp\/v2\/posts\/42143\/revisions"}],"wp:attachment":[{"href":"http:\/\/www.korhanyilmaz.com\/index.php?rest_route=%2Fwp%2Fv2%2Fmedia&parent=42143"}],"wp:term":[{"taxonomy":"category","embeddable":true,"href":"http:\/\/www.korhanyilmaz.com\/index.php?rest_route=%2Fwp%2Fv2%2Fcategories&post=42143"},{"taxonomy":"post_tag","embeddable":true,"href":"http:\/\/www.korhanyilmaz.com\/index.php?rest_route=%2Fwp%2Fv2%2Ftags&post=42143"}],"curies":[{"name":"wp","href":"https:\/\/api.w.org\/{rel}","templated":true}]}}