{"id":42133,"date":"2011-11-08T22:23:08","date_gmt":"2011-11-08T20:23:08","guid":{"rendered":"http:\/\/www.korhanyilmaz.com\/?p=42133"},"modified":"2011-11-09T06:25:55","modified_gmt":"2011-11-09T04:25:55","slug":"berlusconi-kurtuldu-ama-yara-aldi","status":"publish","type":"post","link":"http:\/\/www.korhanyilmaz.com\/?p=42133","title":{"rendered":"Berlusconi kurtuldu ama yara ald\u0131!"},"content":{"rendered":"<p style=\"text-align: center;\"><a href=\"http:\/\/www.korhanyilmaz.com\/wp-content\/uploads\/2011\/11\/7016.jpg\"  class=\"lightview\"><img loading=\"lazy\" decoding=\"async\" class=\"aligncenter  wp-image-42134\" src=\"http:\/\/www.korhanyilmaz.com\/wp-content\/uploads\/2011\/11\/7016.jpg\" alt=\"\" width=\"311\" height=\"239\" \/><\/a><\/p>\n<p style=\"text-align: justify;\">\u0130talya&#8217;da, son g\u00fcnlerde Ba\u015fbakan Silvio Berlusconi h\u00fck\u00fcmetinin zor g\u00fcnler ge\u00e7irmesine neden olan 2010 y\u0131l\u0131na ili\u015fkin devlet harcamalar\u0131 mecliste kabul edilirken, oylama sonucunda, oy kullanmayanlar\u0131n say\u0131s\u0131n\u0131n \u00e7oklu\u011fu Berlusconi&#8217;nin parlamentodaki \u00e7o\u011funlu\u011fu kaybetti\u011fi \u015feklinde yorumland\u0131.<!--more--><\/p>\n<p style=\"text-align: justify;\">Son d\u00f6nemde iktidara destek veren baz\u0131 milletvekillerinin Berlusconi&#8217;ye kar\u015f\u0131 tav\u0131r alarak, \u00d6zg\u00fcrl\u00fck\u00e7\u00fc Halk Partisi&#8217;nden ayr\u0131lmalar\u0131 nedeniyle g\u00f6zlerin \u00e7evrildi\u011fi 2010 y\u0131l\u0131na ili\u015fkin devlet harcamalar\u0131 bilan\u00e7osu, 630 sandalyeli Temsilciler Meclisi&#8217;nde 308 oyla kabul edildi.<\/p>\n<p style=\"text-align: justify;\"><strong>Oylamada ret oyu ise \u00e7\u0131kmad\u0131.\u00a0<\/strong><\/p>\n<p style=\"text-align: justify;\">Oylama s\u0131ras\u0131nda oturuma kat\u0131lan muhalefet milletvekilleri, bilan\u00e7o oylamas\u0131nda oy kullanmad\u0131. Oylamada \u00e7\u0131kan sonuca g\u00f6re 321 parlamenterin oy kullanmad\u0131\u011f\u0131 ortaya \u00e7\u0131kt\u0131.<\/p>\n<p style=\"text-align: justify;\">Bu sonuca g\u00f6re Berlusconi kendisi i\u00e7in kritik bir hale gelen b\u00fct\u00e7e oylamas\u0131n\u0131 meclisten ge\u00e7irmeyi ba\u015farsa da, son d\u00f6nemde partisindan ayr\u0131lan milletvekilleri nedeniyle \u00e7o\u011funlu\u011funu kaybetti. Berlusconi&#8217;nin partisinden 5 milletvekilinin de oy kullanmad\u0131\u011f\u0131 belirtildi.<\/p>\n<p style=\"text-align: justify;\">Oylama sonras\u0131nda s\u00f6z alan ana muhalefetteki Demokrat Parti (PD) lideri Pierluigi Bersani, h\u00fck\u00fcmete seslenerek, &#8220;Art\u0131k \u00e7o\u011funlu\u011funuz yok&#8221; dedi.<\/p>\n<p style=\"text-align: justify;\">Bersani, Berlusconi&#8217;ye de \u00fclkesinin iyili\u011fi i\u00e7in istifa etmesi gerekti\u011fini s\u00f6yledi.<\/p>\n<p style=\"text-align: justify;\"><strong>\u0130stifa yolu g\u00f6z\u00fckt\u00fc\u00a0<\/strong><\/p>\n<p style=\"text-align: justify;\">Bu arada Berlusconi&#8217;nin, Cumhurba\u015fkan\u0131 Giorgio Napolitano ile yapt\u0131\u011f\u0131 g\u00f6r\u00fc\u015fmede, bor\u00e7 kriziyle m\u00fccadele eden \u0130talya&#8217;n\u0131n AB&#8217;ye kar\u015f\u0131 verdi\u011fi ekonomik reformlar\u0131 ger\u00e7ekle\u015ftirdikten sonra istifa edece\u011fini a\u00e7\u0131klad\u0131\u011f\u0131 bildirildi.<\/p>\n<p style=\"text-align: justify;\">Cumhurba\u015fkanl\u0131\u011f\u0131n\u0131n resmi internet sitesinden yap\u0131lan a\u00e7\u0131klamada, Ba\u015fbakan Berlusconi&#8217;nin, bug\u00fcn Temsilciler Meclisi&#8217;nde 2010 y\u0131l\u0131na ili\u015fkin devlet harcamalar\u0131 bilan\u00e7osunun onaylanmas\u0131na kar\u015f\u0131n iktidar\u0131n parlamentodaki \u00e7o\u011funlu\u011funu kaybetti\u011finin fark\u0131nda oldu\u011funu aktard\u0131\u011f\u0131 belirtildi.<\/p>\n<p style=\"text-align: justify;\">Ba\u015fbakan Berlusconi&#8217;nin, ciddi bir ekonomik krizle kar\u015f\u0131 kar\u015f\u0131ya kalan \u00fclkesinin bu krizi a\u015fmak i\u00e7in Avrupa Birli\u011fi&#8217;ne (AB) k\u0131sa bir s\u00fcre \u00f6nce bulunulan taahh\u00fctleri hayata ge\u00e7irmek i\u00e7in gereken yasal de\u011fi\u015fikliklerden yapt\u0131ktan sonra istifas\u0131n\u0131 sunaca\u011f\u0131 bildirildi.<\/p>\n<p style=\"text-align: justify;\">AB cephesinden \u0130talya&#8217;n\u0131n mali, finansal durumunun son derece endi\u015fe verici bir hal i\u00e7erisinde oldu\u011funa dair yorumlar gelmeye devam ediyor. Silvio Berlusconi liderli\u011findeki merkez sa\u011f iktidar, 8 May\u0131s 2008&#8217;den beri iktidarda bulunuyordu.<\/p>\n<p style=\"text-align: justify;\"><strong>Berlusconi: &#8220;\u00c7o\u011funlu\u011fa art\u0131k sahip de\u011filiz&#8221;\u00a0<\/strong><\/p>\n<p style=\"text-align: justify;\">Silvio Berlusconi ise h\u00fck\u00fcmetlerinin sahip oldu\u011funa inand\u0131\u011f\u0131 \u00e7o\u011funlu\u011fa art\u0131k sahip olmad\u0131\u011f\u0131n\u0131 s\u00f6yledi.<\/p>\n<p style=\"text-align: justify;\">Ba\u015fbakan Berlusconi bir televizyon kanal\u0131n\u0131n haber b\u00fcltenine telefonla ba\u011flanarak, &#8220;H\u00fck\u00fcmet, sahip oldu\u011fumuza inand\u0131\u011f\u0131m\u0131z \u00e7o\u011funlu\u011fa art\u0131k sahip de\u011fil&#8221; dedi. 75 ya\u015f\u0131ndaki ba\u015fbakan, \u00e7o\u011funlu\u011fa sahip olmad\u0131klar\u0131 i\u00e7in \u0130talya&#8217;n\u0131n ge\u00e7ti\u011fi zor ve endi\u015fe verici ekonomik ko\u015fullar\u0131 dikkate alarak hareket etmeleri gerekti\u011fini ifade etti.<\/p>\n<p style=\"text-align: justify;\">\u00dclkesinin i\u00e7inde bulundu\u011fu bor\u00e7 krizine kar\u015f\u0131l\u0131k Avrupa Birli\u011fi (AB) ile mutab\u0131k kal\u0131nan ek \u00f6nlemlerin hayata ge\u00e7irilmesi hususunun \u00f6nemine dikkat \u00e7eken \u0130talya Ba\u015fbakan\u0131, muhalefetin AB taraf\u0131ndan istenen bu \u00f6nlemlerin onaylanmas\u0131na izin vermeye \u00e7a\u011f\u0131rd\u0131.<\/p>\n<p style=\"text-align: justify;\">&#8220;Parlamento fel\u00e7 oldu&#8221; diyen Berlusconi, AB&#8217;nin istedi\u011fi \u00f6nlemlerin onaylanmas\u0131n\u0131n ard\u0131ndan istifas\u0131n\u0131 verece\u011fi bunu da yeni se\u00e7imlerin takip edece\u011fini d\u00fc\u015f\u00fcnd\u00fc\u011f\u00fcn\u00fc belirtti. Berlusconi, \u00fclkenin gelece\u011fi hakk\u0131nda \u015fu anda son s\u00f6z\u00fcn cumhurba\u015fkan\u0131nda oldu\u011funu kaydetti.<\/p>\n<p style=\"text-align: justify;\">Partisinin kan kayb\u0131 sonucu, mecliste \u00e7o\u011funlu\u011fu kaybetmesine de de\u011finen Berlusconi, &#8220;Sadece \u015fa\u015f\u0131rmad\u0131m ayn\u0131 zamanda \u00fcz\u00fcld\u00fcm. Kendimi \u00fczg\u00fcn hissettim \u00e7\u00fcnk\u00fc; bug\u00fcn oy kullanmayanlar aras\u0131nda, &#8220;Forza Italia&#8221; (Berlusconi&#8217;nin 1994-2009 y\u0131llar\u0131 aras\u0131ndaki siyasi partisi) y\u0131llar\u0131ndan gelen dostlar vard\u0131&#8221; diye konu\u015ftu.<\/p>\n<p style=\"text-align: justify;\"><a href=\"http:\/\/www.cnnturk.com\/2011\/dunya\/11\/08\/berlusconi.kurtuldu.ama.yara.aldi\/636062.0\/index.html\" target=\"_blank\">Kaynak : CNN T\u00dcRK<\/a><\/p>\n","protected":false},"excerpt":{"rendered":"<p style=\"text-align: center;\">\n<p style=\"text-align: justify;\">\u0130talya&#8217;da, son g\u00fcnlerde Ba\u015fbakan Silvio Berlusconi h\u00fck\u00fcmetinin zor g\u00fcnler ge\u00e7irmesine neden olan 2010 y\u0131l\u0131na ili\u015fkin devlet harcamalar\u0131 mecliste kabul edilirken, oylama sonucunda, oy kullanmayanlar\u0131n say\u0131s\u0131n\u0131n \u00e7oklu\u011fu Berlusconi&#8217;nin parlamentodaki \u00e7o\u011funlu\u011fu kaybetti\u011fi \u015feklinde yorumland\u0131.<\/p>\n","protected":false},"author":1,"featured_media":0,"comment_status":"open","ping_status":"open","sticky":false,"template":"","format":"standard","meta":{"footnotes":""},"categories":[105],"tags":[],"class_list":["post-42133","post","type-post","status-publish","format-standard","hentry","category-gundem","odd"],"_links":{"self":[{"href":"http:\/\/www.korhanyilmaz.com\/index.php?rest_route=\/wp\/v2\/posts\/42133","targetHints":{"allow":["GET"]}}],"collection":[{"href":"http:\/\/www.korhanyilmaz.com\/index.php?rest_route=\/wp\/v2\/posts"}],"about":[{"href":"http:\/\/www.korhanyilmaz.com\/index.php?rest_route=\/wp\/v2\/types\/post"}],"author":[{"embeddable":true,"href":"http:\/\/www.korhanyilmaz.com\/index.php?rest_route=\/wp\/v2\/users\/1"}],"replies":[{"embeddable":true,"href":"http:\/\/www.korhanyilmaz.com\/index.php?rest_route=%2Fwp%2Fv2%2Fcomments&post=42133"}],"version-history":[{"count":0,"href":"http:\/\/www.korhanyilmaz.com\/index.php?rest_route=\/wp\/v2\/posts\/42133\/revisions"}],"wp:attachment":[{"href":"http:\/\/www.korhanyilmaz.com\/index.php?rest_route=%2Fwp%2Fv2%2Fmedia&parent=42133"}],"wp:term":[{"taxonomy":"category","embeddable":true,"href":"http:\/\/www.korhanyilmaz.com\/index.php?rest_route=%2Fwp%2Fv2%2Fcategories&post=42133"},{"taxonomy":"post_tag","embeddable":true,"href":"http:\/\/www.korhanyilmaz.com\/index.php?rest_route=%2Fwp%2Fv2%2Ftags&post=42133"}],"curies":[{"name":"wp","href":"https:\/\/api.w.org\/{rel}","templated":true}]}}