{"id":42128,"date":"2011-11-08T13:08:13","date_gmt":"2011-11-08T11:08:13","guid":{"rendered":"http:\/\/www.korhanyilmaz.com\/?p=42128"},"modified":"2011-11-09T06:21:30","modified_gmt":"2011-11-09T04:21:30","slug":"baydemir-icin-28-yil-hapis-istemi","status":"publish","type":"post","link":"http:\/\/www.korhanyilmaz.com\/?p=42128","title":{"rendered":"Baydemir i\u00e7in 28 y\u0131l hapis istemi"},"content":{"rendered":"<p style=\"text-align: justify;\"><a href=\"http:\/\/www.korhanyilmaz.com\/wp-content\/uploads\/2011\/11\/7015.jpg\"  class=\"lightview\"><img loading=\"lazy\" decoding=\"async\" class=\"aligncenter size-full wp-image-42130\" title=\"\" src=\"http:\/\/www.korhanyilmaz.com\/wp-content\/uploads\/2011\/11\/7015.jpg\" alt=\"\" width=\"313\" height=\"240\" \/><\/a><\/p>\n<p style=\"text-align: justify;\">Diyarbak\u0131r B\u00fcy\u00fck\u015fehir Belediye Ba\u015fkan\u0131 Osman Baydemir hakk\u0131nda, &#8220;ter\u00f6r \u00f6rg\u00fct\u00fcne \u00fcye olmamakla birlikte \u00f6rg\u00fct ad\u0131na su\u00e7 i\u015flemek&#8221; ve &#8220;ter\u00f6r \u00f6rg\u00fct\u00fcn\u00fcn propagandas\u0131n\u0131 yapmak&#8221; su\u00e7lar\u0131ndan 28 y\u0131la kadar hapis istemiyle dava a\u00e7\u0131ld\u0131.\u00a0<!--more--><\/p>\n<p style=\"text-align: justify;\">Diyarbak\u0131r Cumhuriyet Ba\u015fsavc\u0131l\u0131\u011f\u0131&#8217;nca haz\u0131rlanan iddianame, Diyarbak\u0131r 7. A\u011f\u0131r Ceza Mahkemesi&#8217;nce kabul edildi. \u0130ddianamede, san\u0131k Baydemir&#8217;in \u00e7e\u015fitli tarihlerde kat\u0131ld\u0131\u011f\u0131 3 ayr\u0131 etkinlikte su\u00e7 unsurlar\u0131n\u0131n tespit edildi\u011fi belirtildi.<\/p>\n<p style=\"text-align: justify;\">\u0130ddianamede, Baydemir&#8217;in 27-28 Nisan 2011 tarihinde Tunceli&#8217;nin P\u00fcl\u00fcm\u00fcr il\u00e7esine ba\u011fl\u0131 K\u0131z\u0131lmescit k\u00f6y\u00fc\u00a0k\u0131rsal\u0131nda \u00e7\u0131kan \u00e7at\u0131\u015fmada \u00f6l\u00fc ele ge\u00e7irilen 7 ter\u00f6ristten 4&#8217;\u00fcn\u00fcn, 4 May\u0131s 2011 g\u00fcn\u00fc Diyarbak\u0131r&#8217;da d\u00fczenlenen cenaze t\u00f6renine kat\u0131ld\u0131\u011f\u0131 kaydedildi.<\/p>\n<p style=\"text-align: justify;\">San\u0131k Baydemir&#8217;in ayr\u0131ca s\u00f6z konusu olay\u0131 protesto etmek amac\u0131yla BDP&#8217;nin 30 Nisan 2011 tarihinde ger\u00e7ekle\u015ftirdi\u011fi y\u00fcr\u00fcy\u00fc\u015fte ter\u00f6r \u00f6rg\u00fct\u00fcn\u00fcn propagandas\u0131n\u0131 yapt\u0131\u011f\u0131 ifade edildi.<\/p>\n<p style=\"text-align: justify;\">Baydemir&#8217;in son olarak ter\u00f6r \u00f6rg\u00fct\u00fc eleba\u015f\u0131 Abdullah \u00d6calan&#8217;\u0131n Kenya&#8217;da yakalanarak, T\u00fcrkiye&#8217;ye getirili\u015finin y\u0131ld\u00f6n\u00fcm\u00fc nedeniyle d\u00fczenlenen etkinli\u011fe kat\u0131ld\u0131\u011f\u0131n\u0131n belirlendi\u011fi bildirilen iddianamede, &#8220;\u015e\u00fcpheli Osman Baydemir&#8217;in ter\u00f6r \u00f6rg\u00fct\u00fc PKK ve illegal uzant\u0131lar\u0131n\u0131n yapt\u0131\u011f\u0131 eylem \u00e7a\u011fr\u0131lar\u0131 do\u011frultusunda \u00f6rg\u00fct eleba\u015f\u0131 Abdullah \u00d6calan&#8217;\u0131n sahiplenilmesi, g\u00f6r\u00fc\u015f ve d\u00fc\u015f\u00fcncelerinin toplum i\u00e7erisinde derinle\u015fmesi ve k\u00f6kle\u015fmesini ama\u00e7layan etkinli\u011fe kat\u0131l\u0131p, \u00d6calan&#8217;\u0131n foto\u011fraf\u0131n\u0131n \u00f6n\u00fcnde y\u00fcr\u00fcmek suretiyle su\u00e7 i\u015fledi\u011fi anla\u015f\u0131lm\u0131\u015ft\u0131r&#8221; denildi.<\/p>\n<p style=\"text-align: justify;\">\u0130ddianamede, Baydemir&#8217;in kat\u0131ld\u0131\u011f\u0131 3 ayr\u0131 etkinlikten dolay\u0131 3 kez Ter\u00f6rle M\u00fccadele Kanunu&#8217;nun 7\/2. maddesinde yer alan &#8220;ter\u00f6r \u00f6rg\u00fct\u00fcn\u00fcn propagandas\u0131n\u0131 yapmak&#8221;, TCK&#8217;n\u0131n 314\/2. maddesi olan &#8220;\u00f6rg\u00fcte \u00fcye olmamakla birlikte \u00f6rg\u00fct ad\u0131na su\u00e7 i\u015flemek&#8221; ve 2911 Say\u0131l\u0131 Toplant\u0131 ve G\u00f6steri Y\u00fcr\u00fcy\u00fc\u015fleri Kanunu&#8217;na muhalefet su\u00e7lar\u0131ndan 28 y\u0131la kadar hapsi istendi.<\/p>\n<p style=\"text-align: justify;\">Baydemir&#8217;in yarg\u0131lanmas\u0131na \u00f6n\u00fcm\u00fczdeki g\u00fcnlerde 7. A\u011f\u0131r Ceza Mahkemesi&#8217;nde ba\u015flanacak.<\/p>\n<p style=\"text-align: justify;\"><a href=\"http:\/\/www.cnnturk.com\/2011\/turkiye\/11\/08\/baydemir.icin.28.yil.hapis.istemi\/636030.0\/index.html\" target=\"_blank\">Kaynak : CNN T\u00dcRK<\/a><\/p>\n","protected":false},"excerpt":{"rendered":"<p style=\"text-align: justify;\">\n<p style=\"text-align: justify;\">Diyarbak\u0131r B\u00fcy\u00fck\u015fehir Belediye Ba\u015fkan\u0131 Osman Baydemir hakk\u0131nda, &#8220;ter\u00f6r \u00f6rg\u00fct\u00fcne \u00fcye olmamakla birlikte \u00f6rg\u00fct ad\u0131na su\u00e7 i\u015flemek&#8221; ve &#8220;ter\u00f6r \u00f6rg\u00fct\u00fcn\u00fcn propagandas\u0131n\u0131 yapmak&#8221; su\u00e7lar\u0131ndan 28 y\u0131la kadar hapis istemiyle dava a\u00e7\u0131ld\u0131. <\/p>\n","protected":false},"author":1,"featured_media":0,"comment_status":"open","ping_status":"open","sticky":false,"template":"","format":"standard","meta":{"footnotes":""},"categories":[105],"tags":[],"class_list":["post-42128","post","type-post","status-publish","format-standard","hentry","category-gundem","odd"],"_links":{"self":[{"href":"http:\/\/www.korhanyilmaz.com\/index.php?rest_route=\/wp\/v2\/posts\/42128","targetHints":{"allow":["GET"]}}],"collection":[{"href":"http:\/\/www.korhanyilmaz.com\/index.php?rest_route=\/wp\/v2\/posts"}],"about":[{"href":"http:\/\/www.korhanyilmaz.com\/index.php?rest_route=\/wp\/v2\/types\/post"}],"author":[{"embeddable":true,"href":"http:\/\/www.korhanyilmaz.com\/index.php?rest_route=\/wp\/v2\/users\/1"}],"replies":[{"embeddable":true,"href":"http:\/\/www.korhanyilmaz.com\/index.php?rest_route=%2Fwp%2Fv2%2Fcomments&post=42128"}],"version-history":[{"count":0,"href":"http:\/\/www.korhanyilmaz.com\/index.php?rest_route=\/wp\/v2\/posts\/42128\/revisions"}],"wp:attachment":[{"href":"http:\/\/www.korhanyilmaz.com\/index.php?rest_route=%2Fwp%2Fv2%2Fmedia&parent=42128"}],"wp:term":[{"taxonomy":"category","embeddable":true,"href":"http:\/\/www.korhanyilmaz.com\/index.php?rest_route=%2Fwp%2Fv2%2Fcategories&post=42128"},{"taxonomy":"post_tag","embeddable":true,"href":"http:\/\/www.korhanyilmaz.com\/index.php?rest_route=%2Fwp%2Fv2%2Ftags&post=42128"}],"curies":[{"name":"wp","href":"https:\/\/api.w.org\/{rel}","templated":true}]}}