{"id":42123,"date":"2011-11-08T19:06:22","date_gmt":"2011-11-08T17:06:22","guid":{"rendered":"http:\/\/www.korhanyilmaz.com\/?p=42123"},"modified":"2011-11-08T21:12:48","modified_gmt":"2011-11-08T19:12:48","slug":"bahceliden-sert-aciklamalar","status":"publish","type":"post","link":"http:\/\/www.korhanyilmaz.com\/?p=42123","title":{"rendered":"Bah\u00e7eli&#8217;den sert a\u00e7\u0131klamalar"},"content":{"rendered":"<p style=\"text-align: center;\"><a href=\"http:\/\/www.korhanyilmaz.com\/wp-content\/uploads\/2011\/11\/7014.jpg\"  class=\"lightview\"><img loading=\"lazy\" decoding=\"async\" class=\"aligncenter  wp-image-42124\" src=\"http:\/\/www.korhanyilmaz.com\/wp-content\/uploads\/2011\/11\/7014.jpg\" alt=\"\" width=\"416\" height=\"189\" \/><\/a><\/p>\n<p style=\"text-align: justify;\">&#8220;Ter\u00f6ristlerin silah b\u0131rak\u0131p teslim olmalar\u0131 d\u0131\u015f\u0131nda her y\u00f6ntem, devletin ter\u00f6re teslim olmas\u0131 ve ter\u00f6ristlerin \u00f6n\u00fcnde diz \u00e7\u00f6kmesi anlam\u0131na gelecektir. \u00c7ok a\u00e7\u0131k s\u00f6yl\u00fcyorum ki makam\u0131 ve mevkii ne olursa olsun bunu yapmaya hi\u00e7 kimsenin g\u00fcc\u00fc yetmeyecektir&#8221;<!--more--><\/p>\n<p style=\"text-align: justify;\">\u0130ZM\u0130R &#8211; MHP Genel Ba\u015fkan\u0131 Devlet Bah\u00e7eli, partisinin \u0130zmir&#8217;de d\u00fczenlenen bayramla\u015fma t\u00f6renine kat\u0131ld\u0131. Salonu dolduran 3 bin 500 ki\u015finin elini tek tek s\u0131kan Bah\u00e7eli, ter\u00f6ristlerin silah b\u0131rak\u0131p teslim olmalar\u0131 d\u0131\u015f\u0131nda bir \u00e7\u00f6z\u00fcm kabul edilemeyece\u011fini belirterek, &#8220;Bunun d\u0131\u015f\u0131ndaki her y\u00f6ntem, devletin ter\u00f6re teslim olmas\u0131 ve ter\u00f6ristlerin \u00f6n\u00fcnde diz \u00e7\u00f6kmesi anlam\u0131na gelecektir. \u00c7ok a\u00e7\u0131k s\u00f6yl\u00fcyorum ki makam\u0131 ve mevkii ne olursa olsun bunu yapmaya hi\u00e7 kimsenin g\u00fcc\u00fc yetmeyecektir&#8221; dedi.<\/p>\n<p style=\"text-align: justify;\">MHP lideri Bah\u00e7eli, partisinin \u0130zmir \u0130l Ba\u015fkanl\u0131\u011f\u0131 taraf\u0131ndan K\u00fclt\u00fcrpark Fuar Alan\u0131&#8217;nda d\u00fczenlenen bayramla\u015fma t\u00f6renine kat\u0131ld\u0131. Bah\u00e7eli&#8217;nin konu\u015fma yapt\u0131\u011f\u0131 salonun duvarlar\u0131na \u00fczerinde &#8216;S\u00f6z veriyoruz. \u00c7almad\u0131k kap\u0131, s\u0131kmad\u0131k el, girmedik g\u00f6n\u00fcl b\u0131rakmayaca\u011f\u0131z&#8217;, &#8216;S\u00f6z veriyoruz. Do\u011fruluk \u015fiar\u0131m\u0131z, gayret g\u0131dam\u0131z, sab\u0131r duam\u0131z, birlik g\u00fcc\u00fcm\u00fcz olacak&#8217;, &#8216;\u0130lkeli, bilgili d\u00fcr\u00fcst lider&#8217;, &#8216;Ad\u0131m\u0131z bir, an\u0131m\u0131z bir, ac\u0131m\u0131z bir, biz b\u00fcy\u00fck bir aileyiz. Kuzeyden g\u00fcneye do\u011fudan bat\u0131ya tek bilek tek y\u00fcre\u011fiz&#8217;, &#8216;Varl\u0131\u011f\u0131n yeter&#8217; yaz\u0131l\u0131 pankartlar as\u0131ld\u0131. Bah\u00e7eli, &#8216;\u015eehitler \u00f6lmez vatan b\u00f6l\u00fcnmez&#8217;, &#8216;Hareketin lideri Devlet Bah\u00e7eli&#8217; sloganlar\u0131 aras\u0131nda salona girdi. Bayramla\u015fmaya kat\u0131lan partililerden birinin 2.5 ayl\u0131k k\u0131z\u0131 Almina Leyla sevimlili\u011fiyle ilgi oda\u011f\u0131 oldu. MHP Genel Ba\u015fkan\u0131 Bah\u00e7eli, ba\u015f\u0131nda &#8216;Bah\u00e7eli&#8217; band\u0131 tak\u0131lan Almina Leyla&#8217;y\u0131 kuca\u011f\u0131na alarak sevdi.<\/p>\n<p style=\"text-align: justify;\">Genel Ba\u015fkan Devlet Bah\u00e7eli, yapt\u0131\u011f\u0131 konu\u015fmada Van depreminde H\u00fck\u00fcmet&#8217;in yetersiz kald\u0131\u011f\u0131n\u0131 \u00f6ne s\u00fcrerek, \u015f\u00f6yle dedi:<\/p>\n<p style=\"text-align: justify;\">&#8220;Geli\u015fmi\u015fli\u011fin, ilerlemenin yaln\u0131zca lafta kald\u0131\u011f\u0131n\u0131, hayat\u0131n hi\u00e7bir alan\u0131na sirayet etmedi\u011fini Van&#8217;daki deprem y\u0131k\u0131m\u0131nda fazlas\u0131yla g\u00f6rd\u00fck ve \u015fahit olduk. Ba\u015fbakan&#8217;\u0131n toz pembe tablolar \u00e7izdi\u011fi \u00fclke resminden ne yaz\u0131k ki ortada eser yoktur. \u0130ftiharla takdim etti\u011fi modern ve ileri bir noktada bulunan \u00fclkeyi ger\u00e7ekte g\u00f6ren ve ya\u015fayan da bulunmamaktad\u0131r. Ba\u015fbakan Erdo\u011fan \u015fabloncu, indirgemeci ve taklit\u00e7i niteli\u011fiyle T\u00fcrkiye&#8217;ye bir \u015fey veremeyece\u011fini art\u0131k anlamal\u0131d\u0131r.&#8221;<\/p>\n<p style=\"text-align: justify;\"><strong>&#8220;M\u0130LLET AKP&#8217;YE \u015eAMARI \u0130ND\u0130RECEK&#8221;<\/strong><\/p>\n<p style=\"text-align: justify;\">Ba\u015fbakan Recep Tayyip Erdo\u011fan&#8217;\u0131n iktidar\u0131 kaybetme pahas\u0131na da olsa, ka\u00e7ak yap\u0131la\u015fmay\u0131 bitireceklerini beyan etmesinin anlam ve k\u0131ymet ta\u015f\u0131mayaca\u011f\u0131n\u0131 \u00f6ne s\u00fcren Bah\u00e7eli s\u00f6zlerini \u015f\u00f6yle s\u00fcrd\u00fcrd\u00fc:<\/p>\n<p style=\"text-align: justify;\">&#8220;Zira ka\u00e7ak meskenlerin arkas\u0131nda, biraz dikkatli bakarsak AKP zihniyetinin oldu\u011fu belirgin g\u00f6r\u00fclecektir. \u00d6zellikle son 9 y\u0131ld\u0131r, siyasal h\u0131rslar u\u011fruna kumdan binalar in\u015fa edilmesine g\u00f6z yuman\u0131n AKP h\u00fck\u00fcmeti ve i\u015fba\u015f\u0131ndaki yerel y\u00f6netimleri oldu\u011fu fark edilecektir. Bu bayram g\u00fcn\u00fcnde ya\u015fan\u0131lan felaketlerin herkese ders olmas\u0131 gerekmektedir. AKP, bu vahim geli\u015fmelerden sonu\u00e7 \u00e7\u0131karmal\u0131, girdi\u011fi karanl\u0131k yoldan bir an \u00f6nce d\u00f6nmelidir. Ald\u0131\u011f\u0131 millet deste\u011fini yalanlarla, z\u0131rvalarla heba etmemeli, T\u00fcrkiye&#8217;nin do\u011fal felaketlerin merkezinde oldu\u011funu hi\u00e7 unutmamal\u0131d\u0131r. \u015eayet laz\u0131m gelen tedbirleri almazsa, milli irade mutlaka aya\u011fa kalkacak ve \u015fiddeti hi\u00e7bir\u015feyle \u00f6l\u00e7\u00fclemeyecek bir sars\u0131nt\u0131yla AKP&#8217;ye \u015famar\u0131 indirecektir.&#8221;<\/p>\n<p style=\"text-align: justify;\"><strong>BARZAN\u0130 Z\u0130YARET\u0130NE SERT S\u00d6ZLER<\/strong><\/p>\n<p style=\"text-align: justify;\">MHP lideri Bah\u00e7eli, Kuzey Irak&#8217;\u0131n K\u00fcrt B\u00f6lgesel Y\u00f6netimi Ba\u015fkan\u0131 Mesut Barzani&#8217;nin T\u00fcrkiye ziyaretine yapt\u0131\u011f\u0131 g\u00f6r\u00fc\u015fme ve a\u00e7\u0131klamalara sert tepki g\u00f6sterdi. Bah\u00e7eli, \u015f\u00f6yle konu\u015ftu:<\/p>\n<p style=\"text-align: justify;\">&#8220;Kimli\u011fimize y\u00f6nelik tacizler, bayra\u011f\u0131m\u0131za y\u00f6nelen tacizler ve bunlar\u0131n ho\u015fg\u00f6r\u00fcyle kar\u015f\u0131lanmas\u0131 b\u00f6l\u00fcc\u00fcl\u00fc\u011f\u00fcn aray\u0131p da bulamad\u0131\u011f\u0131 imkanlar\u0131n ye\u015fermesine neden olmu\u015ftur. Ge\u00e7mi\u015fte &#8216;topluma kazand\u0131rma&#8217; yasas\u0131yla hapishaneleri bo\u015falt\u0131p PKK&#8217;n\u0131n da\u011f kadrolar\u0131n\u0131n militan a\u00e7\u0131\u011f\u0131n\u0131 kapatan h\u00fck\u00fcmet, \u015fimdi daha geni\u015f \u00e7apta bir siyasi af i\u00e7in adeta zemin yoklamaktad\u0131r. AKP&#8217;ye d\u0131\u015far\u0131dan sipari\u015f edilen s\u00f6zde demokratik a\u00e7\u0131l\u0131m, milletimizin huzurunu ve birlikte ya\u015fama idealini zehirlemi\u015f ve b\u00f6l\u00fcc\u00fclerin arad\u0131klar\u0131 ortam\u0131n in\u015fa edilmesine yaram\u0131\u015ft\u0131r. Bug\u00fcne kadar karde\u015flik ba\u011flar\u0131m\u0131z\u0131n zay\u0131flamas\u0131, millet b\u00fct\u00fcnl\u00fc\u011f\u00fcm\u00fcz\u00fcn zaafa u\u011framas\u0131, b\u00f6l\u00fcnmezli\u011fimizin sakatlanmas\u0131 i\u00e7in AKP ile PKK adeta g\u00fc\u00e7 ve emel birli\u011fi yapm\u0131\u015flar ve yar\u0131\u015fm\u0131\u015flard\u0131r. Nerede T\u00fcrk milletiyle hesab\u0131 olan varsa AKP&#8217;ye m\u00fcracaat etmi\u015f ve alacaklar\u0131n\u0131 tahsil i\u00e7in s\u0131raya girmi\u015ftir. Son yurdumuzdaki tarihi mevcudiyetimizden rahats\u0131zl\u0131k duyan varsa AKP&#8217;ye ko\u015fmu\u015f ve destek vermi\u015ftir. Nerede T\u00fcrkiye&#8217;nin y\u0131k\u0131lmas\u0131n\u0131, par\u00e7alanmas\u0131n\u0131 bekleyen hain niyetler varsa AKP&#8217;yle ayn\u0131 karede bulu\u015fmu\u015ftur. Bu kadraj\u0131n i\u00e7inde BOP&#8217;un (B\u00fcy\u00fck Ortado\u011fu Projesi) haz\u0131rlay\u0131c\u0131lar\u0131 ve ihale makam\u0131 vard\u0131r. Ha\u00e7l\u0131 seferlerinden beri sab\u0131rla bekleyen as\u0131rl\u0131k nefretlerin sahipleri vard\u0131r. Kandil fitnesini koruyan ve kollayan Pe\u015fmerge rezili vard\u0131r. \u015eu tesad\u00fcfe bak\u0131n ki, Irak&#8217;\u0131n kuzeyinden gelen Pe\u015fmerge bug\u00fcn el \u00fcst\u00fcnde tutulmu\u015f, k\u00f6\u015fklerde a\u011f\u0131rlanm\u0131\u015f ve tavsiyeleri dinlenmi\u015ftir. Say\u0131n Cumhurba\u015fkan\u0131ndan H\u00fck\u00fcmet yetkilerine kadar herkes Pe\u015fmergenin a\u011fz\u0131na bakm\u0131\u015ft\u0131r. Ba\u015fbakan Almanya ve Fransa seyahatleri esnas\u0131nda Avrupal\u0131 dostlar\u0131na ter\u00f6r uyar\u0131s\u0131 yaparken ve verilen destekleri ele\u015ftirirken kanl\u0131 \u00e7etenin bir numaral\u0131 hamisi ve himayecisi T\u00fcrkiye&#8217;de a\u011f\u0131rlanm\u0131\u015f ve iltifat g\u00f6rm\u00fc\u015ft\u00fcr. \u00dcstelik faili ve azmettiricisi oldu\u011fu b\u00f6l\u00fcc\u00fc ter\u00f6rle ilgili g\u00f6r\u00fc\u015fler sarfetmi\u015f ve bas\u0131na m\u00fclakatlar vermi\u015ftir.&#8221;<\/p>\n<p style=\"text-align: justify;\"><strong>&#8220;BARZAN\u0130&#8217;N\u0130N S\u00d6ZLER\u0130 YEN\u0130L\u0130R YUTULUR C\u0130NSTEN DE\u011e\u0130L&#8221;<\/strong><\/p>\n<p style=\"text-align: justify;\">MHP Gernel Ba\u015fkan\u0131 Bah\u00e7eli, Barzani&#8217;nin s\u00f6zlerine de sert tepki g\u00f6sterdi. Bah\u00e7eli, K\u00fcrt liderin b\u00f6l\u00fcc\u00fcl\u00fc\u011f\u00fcn toplumsal dokuya yedirilmesi ve sindirilmesi i\u00e7in k\u00fcstah\u00e7a beyanatlar vermekten zerre kadar utanmad\u0131\u011f\u0131n\u0131 anlat\u0131rken, \u015f\u00f6yle dedi:<\/p>\n<p style=\"text-align: justify;\">&#8220;Bu zilleti milletimizin kabul etmesi m\u00fcmk\u00fcn de\u011fildir. Bu a\u015fa\u011f\u0131lanmaya onay vermesi, sessiz durmas\u0131 s\u00f6z konusu de\u011fildir. G\u00fc\u00e7 merkezlerinin k\u00fcresel satran\u00e7 tahtas\u0131nda piyon olan bu \u00e7\u00fcr\u00fcm\u00fc\u015f \u015fahsiyetten, T\u00fcrk milletinin duyaca\u011f\u0131 ve \u00f6\u011frenece\u011fi ne vard\u0131r ve ne olacakt\u0131r? Ba\u015fbakan Erdo\u011fan Avrupa&#8217;daki m\u00fcsebbiplerden \u00f6nce ba\u015f\u0131n\u0131 \u00fclkemizde konuk etti\u011fi kirli simaya \u00e7evirmeli ve e\u011fer birazc\u0131k milli onuru varsa yakas\u0131ndan tutmal\u0131d\u0131r. Pe\u015fmerge hepimizin bildi\u011fi g\u00f6r\u00fc\u015f ya da fikirlerinde herhangi bir de\u011fi\u015fiklik olmadan kanl\u0131 elleri tutmaya devam eden zelil bir ki\u015fidir. D\u00fcn ne s\u00f6yl\u00fcyorsa bug\u00fcn de ayn\u0131s\u0131n\u0131, hem de milletimizin g\u00f6z\u00fcn\u00fcn i\u00e7ine baka baka devletin en y\u00fcksek makamlar\u0131nda dile getiren \u015fahsiyettir. Ge\u00e7mi\u015fte, ter\u00f6r konusunda askeri \u00e7\u00f6z\u00fcmlerin i\u015fe yaramad\u0131\u011f\u0131n\u0131, silahla bir yere var\u0131lamayaca\u011f\u0131n\u0131, konunun bar\u0131\u015f\u00e7\u0131 yollardan \u00e7\u00f6z\u00fclmesi gerekti\u011fini, diyalog ve siyasi yollarla meselenin halledilmesini s\u00f6yleyen Barzani bug\u00fcn de ayn\u0131 \u015feyi ifade etmektedir. K\u00fcrt k\u00f6kenli karde\u015flerimizin do\u011fal temsilcisi gibi g\u00f6r\u00fc\u015fmeler yapan ve ayr\u0131mc\u0131l\u0131\u011f\u0131 s\u00fcsl\u00fc s\u00f6zlerle tevil eden bu garabetin, inisiyatif alarak me\u015fru bir akt\u00f6r haline geldi\u011fi ayan beyan ortadad\u0131r. Hatta bug\u00fcn bir ad\u0131m daha ileri giden pe\u015fmerge reisinin PKK&#8217;n\u0131n Kandil&#8217;den s\u00f6k\u00fcl\u00fcp at\u0131lmas\u0131n\u0131n \u00e7ok zor oldu\u011funu iddia etmesi ve bunu da en son vatan\u0131m\u0131zda dile getirmesi yenilir yutulur t\u00fcrden de\u011fildir.&#8221;<\/p>\n<p style=\"text-align: justify;\">Bah\u00e7eli, ter\u00f6r konusunda ter\u00f6ristlerin silah b\u0131rakmas\u0131n\u0131 tek \u00e7\u00f6z\u00fcm olarak g\u00f6rd\u00fc\u011f\u00fcn\u00fc, onun d\u0131\u015f\u0131ndaki \u00e7\u00f6z\u00fcmlerim teslimiyet anlam\u0131na gelece\u011fini belirterek, \u015funlar\u0131 s\u00f6yledi:<\/p>\n<p style=\"text-align: justify;\">&#8220;Bilinsin ki, Kandil&#8217;e her \u015fart alt\u0131nda T\u00fcrk bayra\u011f\u0131n\u0131 dikmek h\u00fck\u00fcmetin \u015feref meselesi olup milletimizin de en hakl\u0131 beklentisidir. Ter\u00f6r \u00e7\u0131kmaz\u0131na saplanarak T\u00fcrkiye&#8217;ye ihanet eden her kademedeki PKK militanlar\u0131 i\u00e7in tek bir \u00e7\u0131k\u0131\u015f yolu vard\u0131r. Bu da ter\u00f6r eylemlerine ko\u015fulsuz olarak derhal son vermek, silahlar\u0131yla da\u011fdan inip T\u00fcrkiye Cumhuriyeti devletine teslim olmak ve T\u00fcrk adaletinin verece\u011fi h\u00fckme raz\u0131 olarak cezalar\u0131n\u0131 \u00e7ekmektir. Bunun d\u0131\u015f\u0131ndaki her y\u00f6ntem, devletin ter\u00f6re teslim olmas\u0131 ve ter\u00f6ristlerin \u00f6n\u00fcnde diz \u00e7\u00f6kmesi anlam\u0131na gelecektir ve \u00e7ok a\u00e7\u0131k s\u00f6yl\u00fcyorum ki makam\u0131 ve mevkii ne olursa olsun bunu yapmaya hi\u00e7 kimsenin g\u00fcc\u00fc yetmeyecektir. B\u00fct\u00fcn bunlar olurken, AKP zihniyeti tutars\u0131zl\u0131klar\u0131n, geri ad\u0131mlar\u0131n ve geriye \u00e7arklar\u0131n \u00e7ekim alan\u0131ndan kurtulamam\u0131\u015ft\u0131r. Ba\u015fbakan ve Cumhurba\u015fkan\u0131n d\u00fcnk\u00fc s\u00f6zleri ile, bug\u00fcnk\u00fc duru\u015f ve d\u00fc\u015f\u00fcnceleri tam anlam\u0131yla tezatl\u0131k arz etmektedir.&#8221;<\/p>\n<p style=\"text-align: justify;\">MHP Genel Ba\u015fkan\u0131 Bah\u00e7eli, Ba\u015fbakan&#8217;a Barzani ile ilgili g\u00f6r\u00fc\u015fmelerin detaylar\u0131 hakk\u0131nda sorular y\u00f6nelterek \u015f\u00f6yle dedi:<\/p>\n<p style=\"text-align: justify;\">&#8220;Pe\u015fmergenin Ba\u015fbakan Erdo\u011fan&#8217;la g\u00f6r\u00fc\u015flerinin \u00e7ok yak\u0131n ve \u00fcstelik ayn\u0131 d\u00fc\u015f\u00fcnceleri payla\u015ft\u0131\u011f\u0131n\u0131 ifade etmesi AKP a\u00e7\u0131s\u0131ndan b\u00fcy\u00fck bir ma\u011flubiyet ve politikalar\u0131n\u0131n iflas\u0131n\u0131n g\u00f6stergesidir. Bir yanda PKK&#8217;y\u0131 kollayan, di\u011fer yanda y\u0131k\u0131m projesinin destekleyicisi haline gelen Pe\u015fmerge kal\u0131nt\u0131s\u0131 AKP&#8217;yi tuza\u011f\u0131na \u00e7ekmi\u015f ve b\u00f6ylelikle BOP E\u015fba\u015fkan\u0131&#8217;n\u0131n maskesi d\u00fc\u015fm\u00fc\u015ft\u00fcr. Ba\u015fbakan&#8217;\u0131n ve AKP zihniyetinden \u00fcreyen \u015fahsiyetlerin s\u00fcrekli ricat eden tutumlar\u0131 ve duru\u015flar\u0131 T\u00fcrk milletinin ulviyetiyle asla uyu\u015fmamaktad\u0131r. Barzani&#8217;yi abi mertebesine \u00e7\u0131karan zavall\u0131lar\u0131n gelece\u011fimiz ad\u0131na sevinece\u011fimiz ve umut edece\u011fimiz bir seviyeye bizi ula\u015ft\u0131rmas\u0131 da art\u0131k imkans\u0131zd\u0131r. Barzani ayn\u0131 duruyorken, AKP&#8217;nin tavizlerle Per\u015fmergeye boyun e\u011fmesi b\u00fcy\u00fck gerileme ve telafisi olmayan yar\u0131lmad\u0131r. \u015e\u00fcphesiz Irak&#8217;\u0131n kuzeyi, ter\u00f6r \u00f6rg\u00fct\u00fcn\u00fcn e\u011fitim ve lojistik merkezi ve T\u00fcrkiye&#8217;ye kar\u015f\u0131 sald\u0131r\u0131 \u00fcss\u00fc olarak fesat yuvas\u0131 halini alm\u0131\u015ft\u0131r. Hala Kandil&#8217;in y\u0131k\u0131lmas\u0131 ve t\u00fcm\u00fcyle etkisiz hale getirilmesi i\u00e7in at\u0131lmas\u0131 gereken ad\u0131mlarla ilgili mazeretler \u00fcretilmesi, bahanelere s\u0131\u011f\u0131n\u0131lmas\u0131 tam anlam\u0131yla vicdans\u0131zl\u0131k ve kay\u0131ts\u0131zl\u0131k \u00f6rne\u011fidir. Mesele Barzani&#8217;nin muhatapl\u0131\u011f\u0131na kadar geldiyse bundan sonra yapacak ve g\u00f6sterecek tahamm\u00fcl\u00fcm\u00fcz yoktur. Bu kapsamda cevab\u0131n\u0131 bekledi\u011fimiz sorular\u0131m\u0131z vard\u0131r ve Ba\u015fbakan Erdo\u011fan&#8217;\u0131n bunlara kar\u015f\u0131l\u0131k vermesi siyasi namusunun bir icab\u0131 olacakt\u0131r. Pe\u015fmerge reisi hangi senaryonun te\u015frifat\u00e7\u0131l\u0131\u011f\u0131n\u0131 ve kimler ad\u0131na yapmaktad\u0131r? PKK&#8217;n\u0131n koruyucusu olan bu \u015fah\u0131sla neler g\u00f6r\u00fc\u015f\u00fclm\u00fc\u015f ve hangi s\u00f6zler verilmi\u015f ya da al\u0131nm\u0131\u015ft\u0131r? Barzani T\u00fcrkiye&#8217;ye kimi temsilen ve neleri konu\u015fmak \u00fczere hangi s\u0131fatla gelmi\u015ftir? Buradaki g\u00f6r\u00fc\u015fmelerine, kurdu\u011fu ili\u015fki a\u011flar\u0131na neden ve nas\u0131l bir gerek\u00e7eyle g\u00f6z yumulmu\u015ftur? PKK&#8217;n\u0131n ka\u00e7akl\u0131l\u0131k yoluyla finansman sa\u011flad\u0131\u011f\u0131 biliniyorken ve bununla ilgili sorunlar ortada dururken; s\u0131n\u0131r \u00f6tesinden ka\u00e7ak mal giri\u015finin bir numaral\u0131 sorumlusuyla nas\u0131l olurda bir araya gelinmi\u015f ve masalara y\u00fcz s\u00fcr\u00fclm\u00fc\u015ft\u00fcr? Pe\u015fmerge e\u011fer bir ulaksa, kimlerin mesaj\u0131n\u0131 hangi maksatlarla getirmi\u015ftir? Yap\u0131lan g\u00f6r\u00fc\u015fme T\u00fcrkiye Cumhuriyeti&#8217;nin itibar\u0131yla, T\u00fcrk milletinin \u015ferefiyle nas\u0131l ba\u011fda\u015ft\u0131r\u0131lmakta ve nas\u0131l ili\u015fkilendirilmektedir?<\/p>\n<p style=\"text-align: justify;\"><strong>KCK&#8217;YA DA DE\u011e\u0130ND\u0130<\/strong><\/p>\n<p style=\"text-align: justify;\">MHP Genel Ba\u015fkan\u0131 Devlet Bah\u00e7eli, yer ve konum elde etmi\u015f PKK s\u00f6zc\u00fclerinin yan\u0131 s\u0131ra, b\u00f6l\u00fcc\u00fcl\u00fc\u011f\u00fcn uzant\u0131lar\u0131n\u0131n, gazete dergi, ekranlarda, siyasette ve sivil toplum kurulu\u015flar\u0131nda boy g\u00f6sterenler ellerini kollar\u0131n\u0131 sallayarak kinlerini kusmay\u0131 s\u00fcrd\u00fcrd\u00fc\u011f\u00fcn\u00fc savunurken s\u00f6zlerini \u015f\u00f6yle s\u00fcrd\u00fcrd\u00fc:<\/p>\n<p style=\"text-align: justify;\">&#8220;Ba\u015fbakan\u0131n, ter\u00f6r olu\u015fumu olan KCK&#8217;y\u0131 savunanlar\u0131 ve arkalayanlar\u0131 uyarmas\u0131 ise nafile ve ge\u00e7 kalm\u0131\u015f bir yakla\u015f\u0131md\u0131r. Kald\u0131 ki at\u0131 alan \u00dcsk\u00fcdar&#8217;\u0131 \u00e7oktan ge\u00e7mi\u015ftir. Cumhuriyeti savunmakla m\u00fckellef savc\u0131lar, yarg\u0131\u00e7lar bu kadar y\u0131k\u0131m ve tahribata daha ne kadar sessiz ve duyars\u0131z kalacaklard\u0131r? Bu milletin izzet-i nefsini savunan milli ve yi\u011fit bir hukuk adam\u0131 yok mudur? \u00d6zel yetkili savc\u0131lar nerededir? Ne i\u015fle me\u015fguld\u00fcrler?&#8221;<\/p>\n<p style=\"text-align: justify;\"><strong>YEN\u0130 ANAYASADA KIRMIZI \u00c7\u0130ZG\u0130LER<\/strong><\/p>\n<p style=\"text-align: justify;\">Bah\u00e7eli yeni anayasa konusundaki k\u0131rm\u0131z\u0131 \u00e7izgilerini de hat\u0131rlatarak, &#8220;\u00d6zellikle ter\u00f6rle m\u00fccadeleyi yeni anayasayla ili\u015fkilendirilenler ve s\u00f6zde bar\u0131\u015f\u0131n ancak bu sayede gelece\u011fini sananlar b\u00fcy\u00fck bir yan\u0131lg\u0131 ve hata i\u00e7indedir. Meselenin d\u00fc\u015f\u00fcnd\u00fcr\u00fcc\u00fc taraf\u0131 ise ekranlarda boy g\u00f6sterenlerin anayasay\u0131 konu\u015fuyorken birden bire konuyu ter\u00f6rle ayn\u0131 kefeye koymalar\u0131d\u0131r. Bu kabul edilemez handikab\u0131n iyi niyetten kaynakland\u0131\u011f\u0131n\u0131 s\u00f6ylemek i\u00e7in a\u015f\u0131r\u0131 derecede saf olmak gerekecektir. \u00d6ncelikle \u00fczerinde dikkatlice durulmas\u0131 gereken soru \u015fu olmal\u0131d\u0131r; Anayasay\u0131 milletimizin birlikte ve karde\u015f ya\u015fad\u0131\u011f\u0131, bin y\u0131ll\u0131k hukuku g\u00fc\u00e7lendiren temeller \u00fczerine mi oturtaca\u011f\u0131z yoksa b\u00f6l\u00fcc\u00fcl\u00fc\u011f\u00fc ve etnik kimlikleri me\u015frula\u015ft\u0131ran bir yol haritas\u0131 olarak m\u0131 de\u011ferlendirece\u011fiz? Ter\u00f6rle m\u00fccadelenin anayasa kapsam\u0131nda ele al\u0131nmas\u0131 her \u015feyden evvel, kafalarda gizli g\u00fcndemlerin varl\u0131\u011f\u0131na i\u015faret edecektir. Bu durum kar\u015f\u0131s\u0131nda bizim muhataplar\u0131m\u0131z\u0131 ve ilgili taraflar\u0131 a\u00e7\u0131k\u00e7a ikaz etmek en belirgin vazifemiz olacakt\u0131r. F\u0131rsattan istifade ederek biraz ter\u00f6r biraz tavizle s\u00fcrecin hedefine ula\u015fmas\u0131 d\u00fc\u015f\u00fcn\u00fcl\u00fcyorsa herkes yan\u0131ld\u0131\u011f\u0131n\u0131 mutlaka bir g\u00fcn anlayacakt\u0131r&#8221; diye konu\u015ftu.<\/p>\n<p style=\"text-align: justify;\">MHP Genel Ba\u015fkan\u0131 Devlet Bah\u00e7eli, konu\u015fmas\u0131n\u0131n ard\u0131ndan \u0130zmir&#8217;den ayr\u0131l\u0131p, karayoluyla Ankara&#8217;ya hareket etti.<\/p>\n<p style=\"text-align: justify;\"><a href=\"http:\/\/www.gazeteport.com.tr\/haber\/61951\/bahceliden_sert_aciklamalar\" target=\"_blank\">Kaynak : GAZETEPORT<\/a><\/p>\n","protected":false},"excerpt":{"rendered":"<p style=\"text-align: center;\">\n<p style=\"text-align: justify;\">&#8220;Ter\u00f6ristlerin silah b\u0131rak\u0131p teslim olmalar\u0131 d\u0131\u015f\u0131nda her y\u00f6ntem, devletin ter\u00f6re teslim olmas\u0131 ve ter\u00f6ristlerin \u00f6n\u00fcnde diz \u00e7\u00f6kmesi anlam\u0131na gelecektir. \u00c7ok a\u00e7\u0131k s\u00f6yl\u00fcyorum ki makam\u0131 ve mevkii ne olursa olsun bunu yapmaya hi\u00e7 kimsenin g\u00fcc\u00fc yetmeyecektir&#8221;<\/p>\n","protected":false},"author":1,"featured_media":0,"comment_status":"open","ping_status":"open","sticky":false,"template":"","format":"standard","meta":{"footnotes":""},"categories":[105],"tags":[],"class_list":["post-42123","post","type-post","status-publish","format-standard","hentry","category-gundem","odd"],"_links":{"self":[{"href":"http:\/\/www.korhanyilmaz.com\/index.php?rest_route=\/wp\/v2\/posts\/42123","targetHints":{"allow":["GET"]}}],"collection":[{"href":"http:\/\/www.korhanyilmaz.com\/index.php?rest_route=\/wp\/v2\/posts"}],"about":[{"href":"http:\/\/www.korhanyilmaz.com\/index.php?rest_route=\/wp\/v2\/types\/post"}],"author":[{"embeddable":true,"href":"http:\/\/www.korhanyilmaz.com\/index.php?rest_route=\/wp\/v2\/users\/1"}],"replies":[{"embeddable":true,"href":"http:\/\/www.korhanyilmaz.com\/index.php?rest_route=%2Fwp%2Fv2%2Fcomments&post=42123"}],"version-history":[{"count":0,"href":"http:\/\/www.korhanyilmaz.com\/index.php?rest_route=\/wp\/v2\/posts\/42123\/revisions"}],"wp:attachment":[{"href":"http:\/\/www.korhanyilmaz.com\/index.php?rest_route=%2Fwp%2Fv2%2Fmedia&parent=42123"}],"wp:term":[{"taxonomy":"category","embeddable":true,"href":"http:\/\/www.korhanyilmaz.com\/index.php?rest_route=%2Fwp%2Fv2%2Fcategories&post=42123"},{"taxonomy":"post_tag","embeddable":true,"href":"http:\/\/www.korhanyilmaz.com\/index.php?rest_route=%2Fwp%2Fv2%2Ftags&post=42123"}],"curies":[{"name":"wp","href":"https:\/\/api.w.org\/{rel}","templated":true}]}}