{"id":42119,"date":"2011-11-08T15:19:35","date_gmt":"2011-11-08T13:19:35","guid":{"rendered":"http:\/\/www.korhanyilmaz.com\/?p=42119"},"modified":"2011-11-08T20:07:49","modified_gmt":"2011-11-08T18:07:49","slug":"ve-papandreu-istifa-etti","status":"publish","type":"post","link":"http:\/\/www.korhanyilmaz.com\/?p=42119","title":{"rendered":"Ve Papandreu istifa etti"},"content":{"rendered":"<p style=\"text-align: center;\"><a href=\"http:\/\/www.korhanyilmaz.com\/wp-content\/uploads\/2011\/11\/7013.jpg\"  class=\"lightview\"><img loading=\"lazy\" decoding=\"async\" class=\"aligncenter  wp-image-42120\" src=\"http:\/\/www.korhanyilmaz.com\/wp-content\/uploads\/2011\/11\/7013.jpg\" alt=\"\" width=\"428\" height=\"212\" \/><\/a><\/p>\n<p style=\"text-align: justify;\">Yunanistan\u2019da, kabinede yer alan t\u00fcm bakanlar, Ba\u015fbakan Yorgo Papandreu\u2019nun iste\u011fi \u00fczerine istifa etti. Yunanistan\u2019\u0131n yeni ba\u015fbakan\u0131 Lukas Papadimos olacak.<\/p>\n<p style=\"text-align: justify;\">Yunan devlet televizyonu NET, Papandreu&#8217;nun \u00e7a\u011fr\u0131s\u0131 \u00fczerine bug\u00fcn ger\u00e7ekle\u015ftirilen ola\u011fan\u00fcst\u00fc Bakanlar Kurulunda h\u00fck\u00fcmette yer alan t\u00fcm bakanlar\u0131n, istifalar\u0131n\u0131 ba\u015fbakana sundu\u011funu duyurdu.\u00a0<!--more--><\/p>\n<p style=\"text-align: justify;\">NET televizyonu, h\u00fck\u00fcmetin istifa etmesi ve \u00fclkeyi erken se\u00e7ime g\u00f6t\u00fcrecek ge\u00e7ici bir h\u00fck\u00fcmet kurulmas\u0131 konusunda var\u0131lan anla\u015fman\u0131n ard\u0131ndan ana muhalefet Yeni Demokrasi Partisi (ND) ile ba\u015flat\u0131lan g\u00f6r\u00fc\u015fmelerin s\u00fcrd\u00fc\u011f\u00fcn\u00fc belirtti\u011fi haberinde, taraflar aras\u0131nda bu konuda uzla\u015fma sa\u011fland\u0131\u011f\u0131ndan Papandreu da istifas\u0131n\u0131 Cumhurba\u015fkan\u0131&#8217;na sundu.<\/p>\n<p style=\"text-align: justify;\"><strong>Yeni ba\u015fbakan Papadimos<\/strong><\/p>\n<p style=\"text-align: justify;\">Yunan devlet televizyonu NET, iki b\u00fcy\u00fck partinin deste\u011fiyle olu\u015fturulacak yeni h\u00fck\u00fcmetin ba\u015f\u0131na Lukas Papadimos\u2019un ge\u00e7mesi konusunda Papandreu ve Samaras\u2019\u0131n aras\u0131nda uzla\u015fma sa\u011fland\u0131\u011f\u0131n\u0131 duyurdu.<\/p>\n<p style=\"text-align: justify;\">NET haberinde, taraflar aras\u0131nda yeni h\u00fck\u00fcmetin olu\u015fumuyla ilgili son ayr\u0131nt\u0131lar\u0131n ele al\u0131nd\u0131\u011f\u0131 g\u00f6r\u00fc\u015fmelerin sona ermek \u00fczere oldu\u011funu belirtti.<\/p>\n<p style=\"text-align: justify;\"><strong>Lukas Papadimos kimdir\u00a0<\/strong><\/p>\n<p style=\"text-align: justify;\">Yunanistan\u2019\u0131n avroya kat\u0131l\u0131m\u0131nda \u00f6nemli rol oynamakla tan\u0131nan Lukas Papadimos, 1947 y\u0131l\u0131nda Atina\u2019da do\u011fru. Massachusetts Institute of Technology\u2019de (MIT) fizik ve ekonomi okuyan Papadimos, Columbia \u00dcniversitesi\u2019nde \u00f6\u011fretim \u00fcyeli\u011fi yapt\u0131. 8 y\u0131l Yunanistan Bankas\u0131\u2019n\u0131n y\u00f6netim kurulu ba\u015fkanl\u0131\u011f\u0131 g\u00f6revinde bulunan Papadimos, daha sonra Avrupa Merkez Bankas\u0131 Ba\u015fkan yard\u0131mc\u0131l\u0131\u011f\u0131n\u0131 yapt\u0131.<\/p>\n<p style=\"text-align: justify;\">Atina Akademisi\u2019nin asil \u00fcyesi olan Papadimos, 2010 y\u0131l\u0131ndan bu yana Papandreu\u2019nun \u00fccretsiz dan\u0131\u015fmanl\u0131\u011f\u0131n\u0131 yap\u0131yor.<\/p>\n<p style=\"text-align: justify;\"><a href=\"http:\/\/dunya.milliyet.com.tr\/ve-papandreu-istifa-etti\/dunya\/dunyadetay\/08.11.2011\/1460607\/default.htm\" target=\"_blank\">Kaynak : Milliyet.com.tr<\/a><\/p>\n","protected":false},"excerpt":{"rendered":"<p style=\"text-align: center;\">\n<p style=\"text-align: justify;\">Yunanistan\u2019da, kabinede yer alan t\u00fcm bakanlar, Ba\u015fbakan Yorgo Papandreu\u2019nun iste\u011fi \u00fczerine istifa etti. Yunanistan\u2019\u0131n yeni ba\u015fbakan\u0131 Lukas Papadimos olacak.<\/p>\n<p style=\"text-align: justify;\">Yunan devlet televizyonu NET, Papandreu&#8217;nun \u00e7a\u011fr\u0131s\u0131 \u00fczerine bug\u00fcn ger\u00e7ekle\u015ftirilen ola\u011fan\u00fcst\u00fc Bakanlar Kurulunda h\u00fck\u00fcmette yer alan t\u00fcm bakanlar\u0131n, istifalar\u0131n\u0131 ba\u015fbakana sundu\u011funu duyurdu. <\/p>\n","protected":false},"author":1,"featured_media":0,"comment_status":"open","ping_status":"open","sticky":false,"template":"","format":"standard","meta":{"footnotes":""},"categories":[105],"tags":[],"class_list":["post-42119","post","type-post","status-publish","format-standard","hentry","category-gundem","odd"],"_links":{"self":[{"href":"http:\/\/www.korhanyilmaz.com\/index.php?rest_route=\/wp\/v2\/posts\/42119","targetHints":{"allow":["GET"]}}],"collection":[{"href":"http:\/\/www.korhanyilmaz.com\/index.php?rest_route=\/wp\/v2\/posts"}],"about":[{"href":"http:\/\/www.korhanyilmaz.com\/index.php?rest_route=\/wp\/v2\/types\/post"}],"author":[{"embeddable":true,"href":"http:\/\/www.korhanyilmaz.com\/index.php?rest_route=\/wp\/v2\/users\/1"}],"replies":[{"embeddable":true,"href":"http:\/\/www.korhanyilmaz.com\/index.php?rest_route=%2Fwp%2Fv2%2Fcomments&post=42119"}],"version-history":[{"count":0,"href":"http:\/\/www.korhanyilmaz.com\/index.php?rest_route=\/wp\/v2\/posts\/42119\/revisions"}],"wp:attachment":[{"href":"http:\/\/www.korhanyilmaz.com\/index.php?rest_route=%2Fwp%2Fv2%2Fmedia&parent=42119"}],"wp:term":[{"taxonomy":"category","embeddable":true,"href":"http:\/\/www.korhanyilmaz.com\/index.php?rest_route=%2Fwp%2Fv2%2Fcategories&post=42119"},{"taxonomy":"post_tag","embeddable":true,"href":"http:\/\/www.korhanyilmaz.com\/index.php?rest_route=%2Fwp%2Fv2%2Ftags&post=42119"}],"curies":[{"name":"wp","href":"https:\/\/api.w.org\/{rel}","templated":true}]}}