{"id":42115,"date":"2011-11-08T13:53:08","date_gmt":"2011-11-08T11:53:08","guid":{"rendered":"http:\/\/www.korhanyilmaz.com\/?p=42115"},"modified":"2011-11-08T19:09:34","modified_gmt":"2011-11-08T17:09:34","slug":"esad-erdogani-kurt-kartiyla-cezalandiracak","status":"publish","type":"post","link":"http:\/\/www.korhanyilmaz.com\/?p=42115","title":{"rendered":"&#8216;Esad Erdo\u011fan&#8217;\u0131 K\u00fcrt kart\u0131yla cezaland\u0131racak&#8217;"},"content":{"rendered":"<p style=\"text-align: center;\"><a href=\"http:\/\/www.korhanyilmaz.com\/wp-content\/uploads\/2011\/11\/7012.jpg\"  class=\"lightview\"><img loading=\"lazy\" decoding=\"async\" class=\"aligncenter  wp-image-42116\" src=\"http:\/\/www.korhanyilmaz.com\/wp-content\/uploads\/2011\/11\/7012.jpg\" alt=\"\" width=\"424\" height=\"238\" \/><\/a><\/p>\n<p style=\"text-align: justify;\">Frans\u0131z Le Figaro gazetesi, Suriye lideri Be\u015far Esad&#8217;\u0131n, Suriyeli muhaliflere verdi\u011fi destek nedeniyle Ba\u015fbakan Erdo\u011fan&#8217;\u0131 &#8220;K\u00fcrt kart\u0131yla cezaland\u0131rman\u0131n&#8221; hesaplar\u0131n\u0131 yapt\u0131\u011f\u0131n\u0131 yazd\u0131.<!--more--><\/p>\n<p style=\"text-align: justify;\">Gazete, Esad&#8217;\u0131n ge\u00e7en Nisan ay\u0131nda PKK&#8217;ya yak\u0131nl\u0131\u011f\u0131yla bilinen Demokratik Birlik Partisi&#8217;nin (PVD) K\u00fcrt lideri Muhammed Salih M\u00fcslim&#8217;in Suriye&#8217;ye d\u00f6n\u00fc\u015f\u00fcne izin verip, \u00fclkenin resmi muhalefet hareketi Demokratik De\u011fi\u015fim G\u00fc\u00e7leri Ulusal Koordinasyon Komitesi&#8217;nin (CNS) ba\u015fkan yard\u0131mc\u0131s\u0131 olmas\u0131na ye\u015fil \u0131\u015f\u0131k yakmas\u0131n\u0131, T\u00fcrkiye&#8217;nin Suriye muhalefetine verdi\u011fi deste\u011fe ba\u011flad\u0131.<\/p>\n<p style=\"text-align: justify;\">Haberde, her ne kadar Suriye rejiminden &#8220;nefret&#8221; etse de bu durumun PVD&#8217;nin i\u015fine geldi\u011fi, zira Suriyeli K\u00fcrtlerin, \u0130stanbul&#8217;da kuruldu\u011fu ve arkas\u0131nda M\u00fcsl\u00fcman Karde\u015fler \u00d6rg\u00fct\u00fc bulundu\u011fu gerek\u00e7esiyle CNS&#8217;e g\u00fcvenmedikleri savunuldu. Gazete, Suriye uzman\u0131 bir diplomat\u0131 kaynak g\u00f6stererek, PVD&#8217;nin vatanda\u015flar komitesi olu\u015fturmak i\u00e7in se\u00e7imler d\u00fczenlemeye ba\u015flad\u0131\u011f\u0131n\u0131, Ekim ay\u0131nda &#8220;Bat\u0131 K\u00fcrdistan Konseyi&#8221; se\u00e7ti\u011fini, amac\u0131n\u0131n ise Esad rejiminin y\u0131k\u0131lmas\u0131 halinde \u00f6zerk bir K\u00fcrdistan kurmak oldu\u011funu kaydetti.<\/p>\n<p style=\"text-align: justify;\"><a href=\"http:\/\/dunya.milliyet.com.tr\/-esad-erdogan-i-kurt-kartiyla-cezalandiracak-\/dunya\/dunyadetay\/08.11.2011\/1460588\/default.htm\" target=\"_blank\">Kaynak : Milliyet.com.tr<\/a><\/p>\n","protected":false},"excerpt":{"rendered":"<p style=\"text-align: center;\">\n<p style=\"text-align: justify;\">Frans\u0131z Le Figaro gazetesi, Suriye lideri Be\u015far Esad&#8217;\u0131n, Suriyeli muhaliflere verdi\u011fi destek nedeniyle Ba\u015fbakan Erdo\u011fan&#8217;\u0131 &#8220;K\u00fcrt kart\u0131yla cezaland\u0131rman\u0131n&#8221; hesaplar\u0131n\u0131 yapt\u0131\u011f\u0131n\u0131 yazd\u0131.<\/p>\n","protected":false},"author":1,"featured_media":0,"comment_status":"open","ping_status":"open","sticky":false,"template":"","format":"standard","meta":{"footnotes":""},"categories":[105],"tags":[],"class_list":["post-42115","post","type-post","status-publish","format-standard","hentry","category-gundem","odd"],"_links":{"self":[{"href":"http:\/\/www.korhanyilmaz.com\/index.php?rest_route=\/wp\/v2\/posts\/42115","targetHints":{"allow":["GET"]}}],"collection":[{"href":"http:\/\/www.korhanyilmaz.com\/index.php?rest_route=\/wp\/v2\/posts"}],"about":[{"href":"http:\/\/www.korhanyilmaz.com\/index.php?rest_route=\/wp\/v2\/types\/post"}],"author":[{"embeddable":true,"href":"http:\/\/www.korhanyilmaz.com\/index.php?rest_route=\/wp\/v2\/users\/1"}],"replies":[{"embeddable":true,"href":"http:\/\/www.korhanyilmaz.com\/index.php?rest_route=%2Fwp%2Fv2%2Fcomments&post=42115"}],"version-history":[{"count":0,"href":"http:\/\/www.korhanyilmaz.com\/index.php?rest_route=\/wp\/v2\/posts\/42115\/revisions"}],"wp:attachment":[{"href":"http:\/\/www.korhanyilmaz.com\/index.php?rest_route=%2Fwp%2Fv2%2Fmedia&parent=42115"}],"wp:term":[{"taxonomy":"category","embeddable":true,"href":"http:\/\/www.korhanyilmaz.com\/index.php?rest_route=%2Fwp%2Fv2%2Fcategories&post=42115"},{"taxonomy":"post_tag","embeddable":true,"href":"http:\/\/www.korhanyilmaz.com\/index.php?rest_route=%2Fwp%2Fv2%2Ftags&post=42115"}],"curies":[{"name":"wp","href":"https:\/\/api.w.org\/{rel}","templated":true}]}}