{"id":42090,"date":"2011-11-08T11:00:21","date_gmt":"2011-11-08T09:00:21","guid":{"rendered":"http:\/\/www.korhanyilmaz.com\/?p=42090"},"modified":"2011-11-08T14:02:31","modified_gmt":"2011-11-08T12:02:31","slug":"kilicdaroglundan-erdogana-rest","status":"publish","type":"post","link":"http:\/\/www.korhanyilmaz.com\/?p=42090","title":{"rendered":"K\u0131l\u0131\u00e7daro\u011flu&#8217;ndan Erdo\u011fan&#8217;a rest"},"content":{"rendered":"<p style=\"text-align: center;\"><a href=\"http:\/\/www.korhanyilmaz.com\/wp-content\/uploads\/2011\/11\/7011.jpg\"  class=\"lightview\"><img loading=\"lazy\" decoding=\"async\" class=\"aligncenter  wp-image-42091\" src=\"http:\/\/www.korhanyilmaz.com\/wp-content\/uploads\/2011\/11\/7011.jpg\" alt=\"\" width=\"322\" height=\"241\" \/><\/a><\/p>\n<p style=\"text-align: justify;\">CHP Genel Ba\u015fkan\u0131 Kemal K\u0131l\u0131\u00e7daro\u011flu, Kayseri Cumhuriyet Ba\u015fsavc\u0131l\u0131\u011f\u0131&#8217;n\u0131n Kayseri Anakent Belediyesi \u00fcst d\u00fczey y\u00f6neticileri ile ilgili olarak bir soru\u015fturma a\u00e7t\u0131\u011f\u0131 takdirde, Ba\u015fbakan Recep Tayip Erdo\u011fan&#8217;\u0131n kendisinden \u00f6z\u00fcr dileyip dilemeyece\u011fini merak etti\u011fini ifade ederken, &#8220;E\u011fer dava a\u00e7\u0131l\u0131rsa benden \u00f6z\u00fcr dilemesini istiyorum, dava a\u00e7\u0131lmaz t\u00fcm\u00fcyle takipsizlik verilirse ben Say\u0131n Ba\u015fbakandan \u00f6z\u00fcr dileyece\u011fim&#8221; dedi.<!--more--><\/p>\n<p style=\"text-align: justify;\">Ankara- CHP Lideri K\u0131l\u0131\u00e7daro\u011flu, parti genel merkezinde partililer ve vatanda\u015flarla bayramla\u015ft\u0131. Burada gazetecilerin sorular\u0131n\u0131 yan\u0131tlayan K\u0131l\u0131\u00e7daro\u011flu, &#8220;yolsuzluk&#8221; mektubuna Ba\u015fbakan Erdo\u011fan&#8217;dan gelen cevab\u0131n hat\u0131rlat\u0131lmas\u0131 \u00fczerine, &#8220;Ba\u015fbakan\u0131n mektubunu ald\u0131m. \u0130\u00e7eri\u011fine bir \u015fey s\u00f6ylemiyorum, i\u00e7eri\u011fini vatanda\u015fa havale ediyorum&#8221; dedi. &#8220;Ben sadece \u015funu merak ediyorum&#8221; diyen K\u0131l\u0131\u00e7daro\u011flu \u015f\u00f6yle devam etti:<\/p>\n<p style=\"text-align: justify;\">&#8220;\u00d6n\u00fcm\u00fczdeki s\u00fcre\u00e7te Kayseri Cumhuriyet Ba\u015fsavc\u0131l\u0131\u011f\u0131 Kayseri Anakent Belediyesi \u00fcst d\u00fczey y\u00f6neticileri ile ilgili olarak bir soru\u015fturma a\u00e7arsa Say\u0131n Ba\u015fbakan benden \u00f6z\u00fcr dileyecek mi, bunu merak ediyorum. Kendisinden, e\u011fer dava a\u00e7\u0131l\u0131rsa benden \u00f6z\u00fcr dilemesini istiyorum, dava a\u00e7\u0131lmaz t\u00fcm\u00fcyle takipsizlik verilirse ben Say\u0131n Ba\u015fbakandan \u00f6z\u00fcr dileyece\u011fim. Bakal\u0131m kim do\u011frular\u0131n\u0131 s\u00f6yl\u00fcyor, kim do\u011frular\u0131 s\u00f6ylemiyor. Kapanan bir dosyadan bahsediyorum. Adliye, Valilik ve Belediye aras\u0131nda kapanan bir dosyadan s\u00f6z ediyorum. O dosya yeniden a\u00e7\u0131l\u0131r, belli ki\u015filer i\u00e7in soru\u015fturma talep edilirse herhalde Ba\u015fbakan\u0131n yapaca\u011f\u0131n\u0131 bir \u015fey var; bir yolsuzluk dosyas\u0131n\u0131, kapat\u0131lan bir yolsuzluk dosyas\u0131n\u0131 a\u00e7t\u0131\u011f\u0131m i\u00e7in bana te\u015fekk\u00fcr etmesi laz\u0131m ve bana y\u00f6neltti\u011fi su\u00e7lamalardan \u00f6t\u00fcr\u00fc de benden \u00f6z\u00fcr dilemesi laz\u0131m. Unutmas\u0131nlar biz yolsuzluk dosyalar\u0131n\u0131 a\u00e7ar\u0131z, onlar kapatmak isterler. Kapatmak istediler izin vermedik \u00f6n\u00fcm\u00fczdeki s\u00fcre\u00e7te bunu g\u00f6rece\u011fiz.&#8221;<\/p>\n<p style=\"text-align: justify;\"><a href=\"http:\/\/www.cumhuriyet.com.tr\/?hn=291590&amp;kw=K%FDl%FD%E7daro%F0lu'ndan+Erdo%F0an'a+rest\" target=\"_blank\">Kaynak : Cumhuriyet Haber Portal\u0131<\/a><\/p>\n","protected":false},"excerpt":{"rendered":"<p style=\"text-align: center;\">\n<p style=\"text-align: justify;\">CHP Genel Ba\u015fkan\u0131 Kemal K\u0131l\u0131\u00e7daro\u011flu, Kayseri Cumhuriyet Ba\u015fsavc\u0131l\u0131\u011f\u0131&#8217;n\u0131n Kayseri Anakent Belediyesi \u00fcst d\u00fczey y\u00f6neticileri ile ilgili olarak bir soru\u015fturma a\u00e7t\u0131\u011f\u0131 takdirde, Ba\u015fbakan Recep Tayip Erdo\u011fan&#8217;\u0131n kendisinden \u00f6z\u00fcr dileyip dilemeyece\u011fini merak etti\u011fini ifade ederken, &#8220;E\u011fer dava a\u00e7\u0131l\u0131rsa benden \u00f6z\u00fcr dilemesini istiyorum, dava a\u00e7\u0131lmaz t\u00fcm\u00fcyle takipsizlik verilirse ben Say\u0131n Ba\u015fbakandan \u00f6z\u00fcr dileyece\u011fim&#8221; <\/p>\n","protected":false},"author":1,"featured_media":0,"comment_status":"open","ping_status":"open","sticky":false,"template":"","format":"standard","meta":{"footnotes":""},"categories":[105],"tags":[],"class_list":["post-42090","post","type-post","status-publish","format-standard","hentry","category-gundem","odd"],"_links":{"self":[{"href":"http:\/\/www.korhanyilmaz.com\/index.php?rest_route=\/wp\/v2\/posts\/42090","targetHints":{"allow":["GET"]}}],"collection":[{"href":"http:\/\/www.korhanyilmaz.com\/index.php?rest_route=\/wp\/v2\/posts"}],"about":[{"href":"http:\/\/www.korhanyilmaz.com\/index.php?rest_route=\/wp\/v2\/types\/post"}],"author":[{"embeddable":true,"href":"http:\/\/www.korhanyilmaz.com\/index.php?rest_route=\/wp\/v2\/users\/1"}],"replies":[{"embeddable":true,"href":"http:\/\/www.korhanyilmaz.com\/index.php?rest_route=%2Fwp%2Fv2%2Fcomments&post=42090"}],"version-history":[{"count":0,"href":"http:\/\/www.korhanyilmaz.com\/index.php?rest_route=\/wp\/v2\/posts\/42090\/revisions"}],"wp:attachment":[{"href":"http:\/\/www.korhanyilmaz.com\/index.php?rest_route=%2Fwp%2Fv2%2Fmedia&parent=42090"}],"wp:term":[{"taxonomy":"category","embeddable":true,"href":"http:\/\/www.korhanyilmaz.com\/index.php?rest_route=%2Fwp%2Fv2%2Fcategories&post=42090"},{"taxonomy":"post_tag","embeddable":true,"href":"http:\/\/www.korhanyilmaz.com\/index.php?rest_route=%2Fwp%2Fv2%2Ftags&post=42090"}],"curies":[{"name":"wp","href":"https:\/\/api.w.org\/{rel}","templated":true}]}}