{"id":4209,"date":"2009-02-22T12:42:05","date_gmt":"2009-02-22T10:42:05","guid":{"rendered":"http:\/\/www.korhanyilmaz.com\/?p=4209"},"modified":"2009-02-22T12:42:05","modified_gmt":"2009-02-22T10:42:05","slug":"kirmizi-renk-bogalari-neden-kizdirir","status":"publish","type":"post","link":"http:\/\/www.korhanyilmaz.com\/?p=4209","title":{"rendered":"K\u0131rm\u0131z\u0131 renk bo\u011falar\u0131 neden k\u0131zd\u0131r\u0131r"},"content":{"rendered":"<p style=\"text-align: center;\"><img loading=\"lazy\" decoding=\"async\" class=\"aligncenter size-full wp-image-4210\" title=\"K\u0131rm\u0131z\u0131 renk bo\u011falar\u0131 neden k\u0131zd\u0131r\u0131r\" src=\"http:\/\/www.korhanyilmaz.com\/wp-content\/uploads\/2009\/02\/matador-bg.jpg\" alt=\"K\u0131rm\u0131z\u0131 renk bo\u011falar\u0131 neden k\u0131zd\u0131r\u0131r\" width=\"342\" height=\"209\" \/><\/p>\n<p style=\"text-align: justify;\">Asl\u0131nda k\u0131rm\u0131z\u0131 renk hi\u00e7bir bo\u011fay\u0131 k\u0131zd\u0131rmaz. \u00c7\u00fcnk\u00fc bo\u011falar renk k\u00f6r\u00fcd\u00fcr ve k\u0131rm\u0131z\u0131y\u0131 di\u011fer renklerden ay\u0131rt edemezler. Bo\u011fa g\u00fcre\u015finde matador bo\u011fay\u0131 eline ald\u0131\u011f\u0131 \u015fapkas\u0131n\u0131 \u015fal\u0131n\u0131 sallayarak k\u0131zd\u0131r\u0131r. Bo\u011fan\u0131n k\u0131rm\u0131z\u0131 \u015fala sald\u0131rd\u0131\u011f\u0131 inanc\u0131 yanl\u0131\u015ft\u0131r.<\/p>\n<p style=\"text-align: justify;\">\u0130spanya&#8217;da bo\u011falar\u0131n k\u0131rm\u0131z\u0131 renge sald\u0131rd\u0131\u011f\u0131 inanc\u0131, matadorlar\u0131n k\u0131rm\u0131z\u0131 ba\u015fl\u0131k kullanmalar\u0131 nedeni ile yayg\u0131nla\u015fm\u0131\u015ft\u0131r. Halbuki ba\u015fl\u0131klarda bu renk bo\u011fay\u0131 k\u0131zd\u0131rmak i\u00e7in de\u011fil, seyircilere ho\u015f g\u00f6r\u00fcnt\u00fc verebilmek i\u00e7in se\u00e7ilmi\u015fti.<\/p>\n<p style=\"text-align: justify;\">K\u0131rm\u0131z\u0131 renk asl\u0131nda insanlar\u0131 etkiler. Yap\u0131lan deneylerde bu rengin insanlarda kan bas\u0131nc\u0131n\u0131 y\u00fckseltip, kalp at\u0131\u015f\u0131n\u0131 h\u0131zland\u0131rd\u0131\u011f\u0131 saptanm\u0131\u015ft\u0131r. Bunun nedeninin de k\u0131rm\u0131z\u0131n\u0131n, kan\u0131n rengi oldu\u011fu san\u0131lmaktad\u0131r.<!--more--><\/p>\n<p style=\"text-align: justify;\">Bo\u011falar arenada k\u0131rm\u0131z\u0131 rengi g\u00f6r\u00fcnce asabile\u015fmezler. Kendinizi bo\u011fan\u0131n yerine koyun. Etraf\u0131n\u0131zdaki \u00e7\u0131\u011fl\u0131k atan binlerce insan\u0131n ortas\u0131nda, tozlu, g\u00fcr\u00fclt\u00fcl\u00fc ve \u00e7ok s\u0131cak bir ortamda, s\u0131rt\u0131n\u0131za saplanm\u0131\u015f onca k\u0131l\u0131c\u0131n ac\u0131s\u0131 i\u00e7inde, bir de \u015fapkas\u0131n\u0131 \u015fal\u0131m sallaya sallaya \u00fcst\u00fcn\u00fcze gelen bir adam varsa, yani k\u0131zmak i\u00e7in bu kadar sebep varken, s\u0131rf rengi k\u0131rm\u0131z\u0131 diye bir bez par\u00e7as\u0131na k\u0131zar m\u0131yd\u0131n\u0131z?<\/p>\n<p style=\"text-align: justify;\">Bo\u011fa g\u00fcre\u015fi hakk\u0131nda bilinen yanl\u0131\u015flar sadece bu kadar de\u011fil. Asl\u0131nda bo\u011fa g\u00fcre\u015fi gelene\u011fi \u0130spanya&#8217;dan do\u011fmu\u015f de\u011fildir, \u00eelk \u00e7a\u011flardan itibaren bo\u011fa, kuvvetin, dayan\u0131kl\u0131l\u0131\u011f\u0131n ve verimlili\u011fin simgesi olmu\u015ftur. Bo\u011fa g\u00fcre\u015finin ilk versiyonu antik Yunan, Roma, M\u0131s\u0131r ve hatta Kore ve \u00c7in medeniyetlerinde g\u00f6r\u00fcl\u00fcr.<\/p>\n<p style=\"text-align: justify;\">Bo\u011faya Persliler taparlar, \u00a0Afrika Zulular\u0131 ise \u00f6ld\u00fcr\u00fcp safras\u0131n\u0131 i\u00e7erlerdi. T\u00fcm bu geleneklerin temelinde, hayvan\u0131n g\u00fcc\u00fc yatmaktad\u0131r. Bu gelene\u011fin bir \u015fekilde \u0130spanya&#8217;ya geldi\u011fi, Avrupa \u00fclkeleri i\u00e7inde feodal d\u00fczeni en son terk eden bu \u00fclkede de kal\u0131c\u0131 oldu\u011fu san\u0131lmaktad\u0131r.<\/p>\n","protected":false},"excerpt":{"rendered":"<p style=\"text-align: center;\">\n<p style=\"text-align: justify;\">Asl\u0131nda k\u0131rm\u0131z\u0131 renk hi\u00e7bir bo\u011fay\u0131 k\u0131zd\u0131rmaz. \u00c7\u00fcnk\u00fc bo\u011falar renk k\u00f6r\u00fcd\u00fcr ve k\u0131rm\u0131z\u0131y\u0131 di\u011fer renklerden ay\u0131rt edemezler. Bo\u011fa g\u00fcre\u015finde matador bo\u011fay\u0131 eline ald\u0131\u011f\u0131 \u015fapkas\u0131n\u0131 \u015fal\u0131n\u0131 sallayarak k\u0131zd\u0131r\u0131r. Bo\u011fan\u0131n k\u0131rm\u0131z\u0131 \u015fala sald\u0131rd\u0131\u011f\u0131 inanc\u0131 yanl\u0131\u015ft\u0131r.<\/p>\n<p style=\"text-align: justify;\">\u0130spanya&#8217;da bo\u011falar\u0131n k\u0131rm\u0131z\u0131 renge sald\u0131rd\u0131\u011f\u0131 inanc\u0131, matadorlar\u0131n k\u0131rm\u0131z\u0131 ba\u015fl\u0131k kullanmalar\u0131 nedeni ile yayg\u0131nla\u015fm\u0131\u015ft\u0131r. Halbuki ba\u015fl\u0131klarda bu <\/p>\n","protected":false},"author":1,"featured_media":0,"comment_status":"open","ping_status":"closed","sticky":false,"template":"","format":"standard","meta":{"footnotes":""},"categories":[105],"tags":[],"class_list":["post-4209","post","type-post","status-publish","format-standard","hentry","category-gundem","odd"],"_links":{"self":[{"href":"http:\/\/www.korhanyilmaz.com\/index.php?rest_route=\/wp\/v2\/posts\/4209","targetHints":{"allow":["GET"]}}],"collection":[{"href":"http:\/\/www.korhanyilmaz.com\/index.php?rest_route=\/wp\/v2\/posts"}],"about":[{"href":"http:\/\/www.korhanyilmaz.com\/index.php?rest_route=\/wp\/v2\/types\/post"}],"author":[{"embeddable":true,"href":"http:\/\/www.korhanyilmaz.com\/index.php?rest_route=\/wp\/v2\/users\/1"}],"replies":[{"embeddable":true,"href":"http:\/\/www.korhanyilmaz.com\/index.php?rest_route=%2Fwp%2Fv2%2Fcomments&post=4209"}],"version-history":[{"count":0,"href":"http:\/\/www.korhanyilmaz.com\/index.php?rest_route=\/wp\/v2\/posts\/4209\/revisions"}],"wp:attachment":[{"href":"http:\/\/www.korhanyilmaz.com\/index.php?rest_route=%2Fwp%2Fv2%2Fmedia&parent=4209"}],"wp:term":[{"taxonomy":"category","embeddable":true,"href":"http:\/\/www.korhanyilmaz.com\/index.php?rest_route=%2Fwp%2Fv2%2Fcategories&post=4209"},{"taxonomy":"post_tag","embeddable":true,"href":"http:\/\/www.korhanyilmaz.com\/index.php?rest_route=%2Fwp%2Fv2%2Ftags&post=4209"}],"curies":[{"name":"wp","href":"https:\/\/api.w.org\/{rel}","templated":true}]}}