{"id":42082,"date":"2011-11-07T20:34:53","date_gmt":"2011-11-07T18:34:53","guid":{"rendered":"http:\/\/www.korhanyilmaz.com\/?p=42082"},"modified":"2011-11-08T00:38:01","modified_gmt":"2011-11-07T22:38:01","slug":"adalet-bakanligi-bakan-yardimcisi-belli-oldu","status":"publish","type":"post","link":"http:\/\/www.korhanyilmaz.com\/?p=42082","title":{"rendered":"Adalet Bakanl\u0131\u011f\u0131 bakan yard\u0131mc\u0131s\u0131 belli oldu"},"content":{"rendered":"<p style=\"text-align: justify;\"><a href=\"http:\/\/www.korhanyilmaz.com\/wp-content\/uploads\/2011\/11\/7009.gif\"  class=\"lightview\"><img loading=\"lazy\" decoding=\"async\" class=\"aligncenter size-full wp-image-42083\" title=\"\" src=\"http:\/\/www.korhanyilmaz.com\/wp-content\/uploads\/2011\/11\/7009.gif\" alt=\"\" width=\"200\" height=\"200\" \/><\/a><\/p>\n<p style=\"text-align: justify;\">Adalet Bakanl\u0131\u011f\u0131 Bakan Yard\u0131mc\u0131l\u0131\u011f\u0131&#8217;na 23. D\u00f6nem AKP Milletvekili Veysi Kaynak getirildi. D\u0131\u015fi\u015fleri Bakanl\u0131\u011f\u0131&#8217;nda a\u00e7\u0131k bulunan Bakanl\u0131k M\u00fc\u015favirliklerine ise B\u00fcy\u00fckel\u00e7i Selim Sermet Atacanl\u0131, B\u00fcy\u00fckel\u00e7i \u0130kili Siyasi \u0130\u015fler Genel M\u00fcd\u00fcr\u00fc Hasan Servet \u00d6ktem&#8217;in atamalar\u0131 yap\u0131ld\u0131.<!--more--><\/p>\n<p style=\"text-align: justify;\">Ankara- Ba\u015fbakan Yard\u0131mc\u0131l\u0131\u011f\u0131 ile Adalet,\u2008Avrupa Birli\u011fi, D\u0131\u015fi\u015fleri,\u2008Ekonomi, Gen\u00e7lik ve Spor, Maliye, Milli E\u011fitim ve Milli Savunma Bakanl\u0131klar\u0131na Ait Atama Kararlar\u0131 Resmi Gazete&#8217;de yay\u0131mland\u0131. Buna g\u00f6re Adalet Bakanl\u0131\u011f\u0131&#8217;nda a\u00e7\u0131k bulunan Bakan Yard\u0131mc\u0131l\u0131\u011f\u0131&#8217;na Veysi Kaynak getirildi. 23. D\u00f6nem AKP Kahramanmara\u015f Milletvekili olan Kaynak, 1962 Kahramanmara\u015f do\u011fumlu. \u0130stanbul \u00dcniversitesi Hukuk Fak\u00fcltesi mezunu Kaynak, serbest avukatl\u0131k yapt\u0131.<\/p>\n<p style=\"text-align: justify;\">Kahramanmara\u015f Belediye Meclis \u00dcyeli\u011fi&#8217;nin yan\u0131 s\u0131ra Belediye Ba\u015fkan Yard\u0131mc\u0131l\u0131\u011f\u0131, Enc\u00fcmen Ba\u015fkanl\u0131\u011f\u0131, B\u00fct\u00e7e Komisyon Ba\u015fkanl\u0131\u011f\u0131 ve Belediye Ba\u015fkanvekilli\u011fi g\u00f6revlerini y\u00fcr\u00fctt\u00fc. Kahramanmara\u015f Belediye Ba\u015fkanl\u0131\u011f\u0131 g\u00f6revinde bulundu. \u00d6zel bir \u015firkette y\u00f6netim kurulu ba\u015fkanvekili olarak g\u00f6rev yapt\u0131. Orta d\u00fczeyde Arap\u00e7a ve \u0130ngilizce bilen Kaynak, evli ve 5 \u00e7ocuk babas\u0131.<\/p>\n<p style=\"text-align: justify;\"><strong>Hasdemir, Avrupa Birli\u011fi Bakanl\u0131\u011f\u0131 m\u00fcste\u015far\u0131 oldu\u00a0<\/strong><\/p>\n<p style=\"text-align: justify;\">Avrupa Birli\u011fi&#8217;nde a\u00e7\u0131k bulunan M\u00fcste\u015farl\u0131\u011f\u0131 Mehmet Haluk Il\u0131cak atan\u0131rken, M\u00fcste\u015far Yard\u0131mc\u0131l\u0131\u011f\u0131na Dr. Fatih Hasdemir, Faik Hasip Burak Erdenir ile Ahmet Y\u00fccel&#8217;in atamas\u0131 yap\u0131ld\u0131.<\/p>\n<p style=\"text-align: justify;\"><strong>D\u0131\u015fi\u015flerine atama\u00a0<\/strong><\/p>\n<p style=\"text-align: justify;\">D\u0131\u015fi\u015fleri Bakanl\u0131\u011f\u0131&#8217;nda a\u00e7\u0131k bulunan M\u00fcste\u015far Yard\u0131mc\u0131l\u0131\u011f\u0131na, B\u00fcy\u00fckel\u00e7i Mehmet Hasan G\u00f6\u011f\u00fc\u015f getirilirken, a\u00e7\u0131k bulunan genel m\u00fcd\u00fcrl\u00fcklerden Siyaset Planlama Genel M\u00fcd\u00fcrl\u00fc\u011f\u00fcne, B\u00fcy\u00fckel\u00e7i Esat \u015eafak G\u00f6kt\u00fcrk; \u0130kili Siyasi \u0130\u015fler Genel M\u00fcd\u00fcrl\u00fc\u011f\u00fcne B\u00fcy\u00fckel\u00e7i \u0130smail Ethem Tokdemir; Uluslararas\u0131 G\u00fcvenlik \u0130\u015fleri Genel M\u00fcd\u00fcrl\u00fc\u011f\u00fcne B\u00fcy\u00fckel\u00e7i Ahmet B\u00fclent Meri\u00e7; Strateji Geli\u015ftirme Ba\u015fkanl\u0131\u011f\u0131na B\u00fcy\u00fckel\u00e7i Avrupa Genel M\u00fcd\u00fcr\u00fc Adnan Ba\u015fa\u011fa; Avrupa Genel M\u00fcd\u00fcrl\u00fc\u011f\u00fcne B\u00fcy\u00fckel\u00e7i \u00d6mer Kaya T\u00fcrkmen; Protokol Genel M\u00fcd\u00fcrl\u00fc\u011f\u00fcne B\u00fcy\u00fckel\u00e7i Salim Levent \u015eahinkaya atand\u0131.<\/p>\n<p style=\"text-align: justify;\"><strong>B\u00fcy\u00fckel\u00e7i Atacanl\u0131 bakanl\u0131k m\u00fc\u015faviri\u00a0<\/strong><\/p>\n<p style=\"text-align: justify;\">D\u0131\u015fi\u015fleri Bakanl\u0131\u011f\u0131&#8217;nda a\u00e7\u0131k bulunan Bakanl\u0131k M\u00fc\u015favirliklerine ise B\u00fcy\u00fckel\u00e7i Selim Sermet Atacanl\u0131, B\u00fcy\u00fckel\u00e7i \u0130kili Siyasi \u0130\u015fler Genel M\u00fcd\u00fcr\u00fc Hasan Servet \u00d6ktem&#8217;in atamalar\u0131 yap\u0131ld\u0131.<\/p>\n<p style=\"text-align: justify;\"><strong>Vergi Ba\u015fm\u00fcfetti\u015fli\u011fine \u015eenal atand\u0131\u00a0<\/strong><\/p>\n<p style=\"text-align: justify;\">Maliye Bakanl\u0131\u011f\u0131&#8217;nda a\u00e7\u0131k bulunan Vergi Ba\u015fm\u00fcfetti\u015fli\u011fine Devlet Malzeme Ofisi Genel M\u00fcd\u00fcr Yard\u0131mc\u0131s\u0131 Murat \u015eenal atand\u0131. Maliye Bakanl\u0131\u011f\u0131&#8217;nda a\u00e7\u0131k bulunan bakanl\u0131k m\u00fc\u015favirliklerine Abdulhamit Y\u0131ld\u0131z ile Ethem Kal\u0131n&#8217;\u0131n atamalar\u0131 yap\u0131ld\u0131. Ekonomi Bakanl\u0131\u011f\u0131&#8217;nda a\u00e7\u0131k bulunan \u00dcr\u00fcn G\u00fcvenli\u011fi ve Denetimi Genel M\u00fcd\u00fcrl\u00fc\u011f\u00fc&#8217;ne, Bakanl\u0131k M\u00fc\u015faviri Mehmet C\u00f6mert getirildi. Gen\u00e7lik ve Spor Bakanl\u0131\u011f\u0131&#8217;nda a\u00e7\u0131k bulunan Gen\u00e7lik Hizmetleri Genel M\u00fcd\u00fcrl\u00fc\u011f\u00fc&#8217;ne Spor Genel M\u00fcd\u00fcrl\u00fc\u011f\u00fc Ba\u015fm\u00fcfetti\u015fi \u015eevki Akkaya atand\u0131.<\/p>\n<p style=\"text-align: justify;\"><strong>Durdu, Bas\u0131n-Yay\u0131n ve Enformasyon Genel M\u00fcd\u00fcrl\u00fc\u011f\u00fc Genel M\u00fcd\u00fcr Yard\u0131mc\u0131s\u0131 oldu\u00a0<\/strong><\/p>\n<p style=\"text-align: justify;\">A\u00e7\u0131k bulunan Bas\u0131n-Yay\u0131n ve Enformasyon Genel M\u00fcd\u00fcrl\u00fc\u011f\u00fc Genel M\u00fcd\u00fcr Yard\u0131mc\u0131l\u0131\u011f\u0131na Erkan Durdu atand\u0131. Milli E\u011fitim Bakanl\u0131\u011f\u0131 Talim ve Terbiye Kurulu Ba\u015fkan\u0131 Emin Karip olurken, Hayat Boyu \u00d6\u011frenme Genel M\u00fcd\u00fcrl\u00fc\u011f\u00fcne Do\u00e7. Dr. Mustafa Kemal Bi\u00e7erli getirildi.<\/p>\n<p style=\"text-align: justify;\">Bu arada Milli Savunma Bakanl\u0131\u011f\u0131, 57 yedek subay askeri hakimin, g\u00f6rev yerlerine atamalar\u0131n\u0131 yapt\u0131.<\/p>\n<p style=\"text-align: justify;\"><a href=\"http:\/\/www.cumhuriyet.com.tr\/?kn=6&amp;hn=291318\" target=\"_blank\">Kaynak : Cumhuriyet Haber Portal\u0131<\/a><\/p>\n","protected":false},"excerpt":{"rendered":"<p style=\"text-align: justify;\">\n<p style=\"text-align: justify;\">Adalet Bakanl\u0131\u011f\u0131 Bakan Yard\u0131mc\u0131l\u0131\u011f\u0131&#8217;na 23. D\u00f6nem AKP Milletvekili Veysi Kaynak getirildi. D\u0131\u015fi\u015fleri Bakanl\u0131\u011f\u0131&#8217;nda a\u00e7\u0131k bulunan Bakanl\u0131k M\u00fc\u015favirliklerine ise B\u00fcy\u00fckel\u00e7i Selim Sermet Atacanl\u0131, B\u00fcy\u00fckel\u00e7i \u0130kili Siyasi \u0130\u015fler Genel M\u00fcd\u00fcr\u00fc Hasan Servet \u00d6ktem&#8217;in atamalar\u0131 yap\u0131ld\u0131.<\/p>\n","protected":false},"author":1,"featured_media":0,"comment_status":"open","ping_status":"open","sticky":false,"template":"","format":"standard","meta":{"footnotes":""},"categories":[105],"tags":[],"class_list":["post-42082","post","type-post","status-publish","format-standard","hentry","category-gundem","odd"],"_links":{"self":[{"href":"http:\/\/www.korhanyilmaz.com\/index.php?rest_route=\/wp\/v2\/posts\/42082","targetHints":{"allow":["GET"]}}],"collection":[{"href":"http:\/\/www.korhanyilmaz.com\/index.php?rest_route=\/wp\/v2\/posts"}],"about":[{"href":"http:\/\/www.korhanyilmaz.com\/index.php?rest_route=\/wp\/v2\/types\/post"}],"author":[{"embeddable":true,"href":"http:\/\/www.korhanyilmaz.com\/index.php?rest_route=\/wp\/v2\/users\/1"}],"replies":[{"embeddable":true,"href":"http:\/\/www.korhanyilmaz.com\/index.php?rest_route=%2Fwp%2Fv2%2Fcomments&post=42082"}],"version-history":[{"count":0,"href":"http:\/\/www.korhanyilmaz.com\/index.php?rest_route=\/wp\/v2\/posts\/42082\/revisions"}],"wp:attachment":[{"href":"http:\/\/www.korhanyilmaz.com\/index.php?rest_route=%2Fwp%2Fv2%2Fmedia&parent=42082"}],"wp:term":[{"taxonomy":"category","embeddable":true,"href":"http:\/\/www.korhanyilmaz.com\/index.php?rest_route=%2Fwp%2Fv2%2Fcategories&post=42082"},{"taxonomy":"post_tag","embeddable":true,"href":"http:\/\/www.korhanyilmaz.com\/index.php?rest_route=%2Fwp%2Fv2%2Ftags&post=42082"}],"curies":[{"name":"wp","href":"https:\/\/api.w.org\/{rel}","templated":true}]}}