{"id":42078,"date":"2011-11-07T15:54:30","date_gmt":"2011-11-07T13:54:30","guid":{"rendered":"http:\/\/www.korhanyilmaz.com\/?p=42078"},"modified":"2011-11-07T22:33:27","modified_gmt":"2011-11-07T20:33:27","slug":"kilicdaroglu-mehmetcikle-bayramlasti","status":"publish","type":"post","link":"http:\/\/www.korhanyilmaz.com\/?p=42078","title":{"rendered":"K\u0131l\u0131\u00e7daro\u011flu Mehmet\u00e7ik\u2019le bayramla\u015ft\u0131"},"content":{"rendered":"<p style=\"text-align: center;\"><a href=\"http:\/\/www.korhanyilmaz.com\/wp-content\/uploads\/2011\/11\/7008.jpg\"  class=\"lightview\"><img loading=\"lazy\" decoding=\"async\" class=\"aligncenter  wp-image-42079\" src=\"http:\/\/www.korhanyilmaz.com\/wp-content\/uploads\/2011\/11\/7008.jpg\" alt=\"\" width=\"412\" height=\"240\" \/><\/a><\/p>\n<p style=\"text-align: justify;\">E\u015fiyle birlikte Van\u2019a ba\u011fl\u0131 Ko\u00e7k\u0131ran S\u0131n\u0131r Karakolu\u2019na giden CHP lideri Kemal K\u0131l\u0131\u00e7daro\u011flu, askerlerle bayramla\u015ft\u0131 ve karavanadan yemek yedi.<\/p>\n<p style=\"text-align: justify;\">VAN &#8211; CHP Genel Ba\u015fkan\u0131 Kemal K\u0131l\u0131\u00e7daro\u011flu, e\u015fi Selvi K\u0131l\u0131\u00e7daro\u011flu, Genel Ba\u015fkan Yard\u0131mc\u0131s\u0131 G\u00fcrsel Tekin ve Genel Sekreter Bihlun Tamayl\u0131gil ile s\u0131n\u0131r karakoluna ziyarette bulundu.\u00a0<!--more--><\/p>\n<p style=\"text-align: justify;\">Asayi\u015f Kolordu Komutan\u0131 Korgeneral Y\u0131ld\u0131r\u0131m G\u00fcven\u00e7 taraf\u0131ndan Helikopter Filo Komutanl\u0131\u011f\u0131 \u00f6n\u00fcnde kar\u015f\u0131lanan ve Mehmet\u00e7ik ile bayramla\u015fan K\u0131l\u0131\u00e7daro\u011flu, e\u015fi ve CHP heyeti daha sonra helikopter ile Ko\u00e7k\u0131ran S\u0131n\u0131r Karakolu&#8217;na g\u00f6t\u00fcr\u00fcld\u00fc.<\/p>\n<p style=\"text-align: justify;\">Karakolda Mehmet\u00e7ik ile bayramla\u015fan K\u0131l\u0131\u00e7daro\u011flu ve CHP heyeti s\u0131n\u0131ra g\u00f6t\u00fcr\u00fclerek \u0130ran ve Irak s\u0131n\u0131r hatt\u0131 hakk\u0131nda bilgilendirildi.<\/p>\n<p style=\"text-align: justify;\">Mehmet\u00e7ik ile s\u0131n\u0131r karakolunda foto\u011fraf \u00e7ektiren K\u0131l\u0131\u00e7daro\u011flu, daha sonra Mehmet\u00e7i\u011fin sofras\u0131nda \u00e7orba, et sote, kavurmal\u0131 pirin\u00e7 pilav\u0131, baklava ve muhallebiden olu\u015fan \u00f6\u011fle yeme\u011fi yedi.<\/p>\n<p style=\"text-align: justify;\"><strong>ASKERLER\u0130N MORAL\u0130 \u0130Y\u0130<\/strong><\/p>\n<p style=\"text-align: justify;\">K\u0131l\u0131\u00e7daro\u011flu, Ba\u015fkale il\u00e7esine ba\u011fl\u0131 \u0130ran s\u0131n\u0131r\u0131ndaki Ko\u00e7k\u0131ran s\u0131n\u0131r karakoluna yapt\u0131\u011f\u0131 bayram ziyaretinin ard\u0131ndan helikopterle Van&#8217;a geldi.<\/p>\n<p style=\"text-align: justify;\">Dinlendi\u011fi otelde gazetecilere a\u00e7\u0131klama yapan K\u0131l\u0131\u00e7daro\u011flu, s\u0131n\u0131r karakoluna yapt\u0131\u011f\u0131 ziyaretle ilgili \u015f\u00f6yle konu\u015ftu: &#8221;Yeni karakol oldu\u011fu i\u00e7in son derece g\u00fcvenlikliydi. Bu a\u00e7\u0131dan d\u0131\u015far\u0131dan yap\u0131lacak sald\u0131r\u0131lara kar\u015f\u0131 dayan\u0131kl\u0131. Askerlerin morali de olduk\u00e7a iyiydi. Burada erler ve komutanlar\u0131yla beraber \u00f6\u011fle yeme\u011fi yedik. Aileleriyle nas\u0131l g\u00f6r\u00fc\u015ft\u00fcklerini ve bayramla\u015ft\u0131klar\u0131n\u0131 sordum. Telefonla irtibat kurduklar\u0131n\u0131 s\u00f6ylediler. Mektup yaz\u0131p yazmad\u0131klar\u0131n\u0131 sordu\u011fumda, art\u0131k mektup d\u00f6neminin kapand\u0131\u011f\u0131n\u0131 s\u00f6ylediler. Pinpon oynuyorlar, hava g\u00fczel olursa basketbol oynad\u0131klar\u0131n\u0131 ifade ettiler.&#8221;<\/p>\n<p style=\"text-align: justify;\"><strong>\u2018KONTEYNER YAPILMALI\u2019<\/strong><\/p>\n<p style=\"text-align: justify;\">Depremin hemen ard\u0131ndan Van ve Erci\u015f&#8217;i ziyaret etti\u011fini hat\u0131rlatan K\u0131l\u0131\u00e7daro\u011flu, &#8221;O d\u00f6nemde \u00e7ad\u0131r talepleri vard\u0131. Bunu dile getirmi\u015ftik. \u00c7ad\u0131r ihtiyac\u0131n\u0131n bir an \u00f6nce kar\u015f\u0131lanmas\u0131 \u00f6nemli bir talepti. Bu son ziyaretimde, \u00e7ad\u0131r taleplerinin t\u00fcm\u00fcyle kar\u015f\u0131lanmad\u0131\u011f\u0131n\u0131 g\u00f6rd\u00fcm. Ama \u00e7ad\u0131rda kalanlar, &#8216;yar\u0131n kar ya\u011facak hava daha da so\u011fuyacak. Bu \u00e7ad\u0131rlarda ya\u015fama \u015fans\u0131m\u0131z \u00e7ok zay\u0131f&#8221; diyorlar&#8221; dedi.<\/p>\n<p style=\"text-align: justify;\">\u00d6zellikle depremzede annelerin \u00e7ocuklar\u0131 i\u00e7in b\u00fcy\u00fck kayg\u0131 duyduklar\u0131n\u0131 ifade eden K\u0131l\u0131\u00e7daro\u011flu, \u201cBir an \u00f6nce konteynerlerin yap\u0131lmas\u0131 ve en az\u0131ndan k\u0131\u015f\u0131 oralarda ge\u00e7irmeleri gerekiyordu. Bu talepleri yetkililere aktard\u0131k&#8221; diye konu\u015ftu.<\/p>\n<p style=\"text-align: justify;\"><strong>DEPREMZEDE ANNEN\u0130N \u0130STE\u011e\u0130<\/strong><\/p>\n<p style=\"text-align: justify;\">Bunun yan\u0131 s\u0131ra kentte i\u015fsizlik oran\u0131n\u0131n y\u00fcksek oldu\u011funu dile getiren K\u0131l\u0131\u00e7daro\u011flu, \u015f\u00f6yle devam etti: &#8221;B\u00fcy\u00fck bir i\u015fsizlik var. Bir anne, &#8216;Ben d\u0131\u015far\u0131da yatmaya raz\u0131y\u0131m, yemek de istemiyorum. Ama 2 \u00e7ocu\u011fum var, onlara i\u015f verin. Onlar \u00e7al\u0131\u015fsalar zaten ge\u00e7iniriz&#8217; dedi. Yard\u0131mlar\u0131n yeterince da\u011f\u0131t\u0131lmad\u0131\u011f\u0131 y\u00f6n\u00fcnde \u015fikayetler var. Benim anlamayamad\u0131\u011f\u0131m Van&#8217;da 2 ayr\u0131 merkez kurulmu\u015f. Biri belediye, biri Valilik taraf\u0131ndan. Oysa tek bir merkez olabilirdi. O zaman koordinasyon sa\u011fl\u0131kl\u0131 e\u015fg\u00fcd\u00fcmle olabilir, \u015fikayetlerin de \u00f6n\u00fcne ge\u00e7ilebilirdi.&#8221;<\/p>\n<p style=\"text-align: justify;\"><strong>\u2018BA\u015eBAKAN \u00d6Z\u00dcR D\u0130LEYECEK M\u0130?\u2019<\/strong><\/p>\n<p style=\"text-align: justify;\">K\u0131l\u0131\u00e7daro\u011flu, gazetecilerin Ba\u015fbakan Recep Tayyip Erdo\u011fan&#8217;\u0131n g\u00f6nderdi\u011fi mektuba y\u00f6nelik sorusuna da, &#8221;Mektubun i\u00e7eri\u011fi benim hi\u00e7bir soruma yan\u0131t vermi\u015f de\u011fil. \u015eunu merak ediyorum; yar\u0131n Kayseri Cumhuriyet Ba\u015fsavc\u0131l\u0131\u011f\u0131, Kayseri B\u00fcy\u00fck\u015fehir Belediye Ba\u015fkan\u0131 ve \u00fcst d\u00fczey y\u00f6neticileri hakk\u0131nda soru\u015fturma ba\u015flat\u0131rsa, say\u0131n Ba\u015fbakan benden \u00f6z\u00fcr dileyecek mi dilemeyecek mi? Bunu merak ediyorum&#8221; yan\u0131t\u0131n\u0131 verdi.<\/p>\n<p style=\"text-align: justify;\"><a href=\"http:\/\/www.ntvmsnbc.com\/id\/25295729\" target=\"_blank\">Kaynak : NTVMSNBC<\/a><\/p>\n","protected":false},"excerpt":{"rendered":"<p style=\"text-align: center;\">\n<p style=\"text-align: justify;\">E\u015fiyle birlikte Van\u2019a ba\u011fl\u0131 Ko\u00e7k\u0131ran S\u0131n\u0131r Karakolu\u2019na giden CHP lideri Kemal K\u0131l\u0131\u00e7daro\u011flu, askerlerle bayramla\u015ft\u0131 ve karavanadan yemek yedi.<\/p>\n<p style=\"text-align: justify;\">VAN &#8211; CHP Genel Ba\u015fkan\u0131 Kemal K\u0131l\u0131\u00e7daro\u011flu, e\u015fi Selvi K\u0131l\u0131\u00e7daro\u011flu, Genel Ba\u015fkan Yard\u0131mc\u0131s\u0131 G\u00fcrsel Tekin ve Genel Sekreter Bihlun Tamayl\u0131gil ile s\u0131n\u0131r karakoluna ziyarette bulundu. <\/p>\n","protected":false},"author":1,"featured_media":0,"comment_status":"open","ping_status":"open","sticky":false,"template":"","format":"standard","meta":{"footnotes":""},"categories":[105],"tags":[],"class_list":["post-42078","post","type-post","status-publish","format-standard","hentry","category-gundem","odd"],"_links":{"self":[{"href":"http:\/\/www.korhanyilmaz.com\/index.php?rest_route=\/wp\/v2\/posts\/42078","targetHints":{"allow":["GET"]}}],"collection":[{"href":"http:\/\/www.korhanyilmaz.com\/index.php?rest_route=\/wp\/v2\/posts"}],"about":[{"href":"http:\/\/www.korhanyilmaz.com\/index.php?rest_route=\/wp\/v2\/types\/post"}],"author":[{"embeddable":true,"href":"http:\/\/www.korhanyilmaz.com\/index.php?rest_route=\/wp\/v2\/users\/1"}],"replies":[{"embeddable":true,"href":"http:\/\/www.korhanyilmaz.com\/index.php?rest_route=%2Fwp%2Fv2%2Fcomments&post=42078"}],"version-history":[{"count":0,"href":"http:\/\/www.korhanyilmaz.com\/index.php?rest_route=\/wp\/v2\/posts\/42078\/revisions"}],"wp:attachment":[{"href":"http:\/\/www.korhanyilmaz.com\/index.php?rest_route=%2Fwp%2Fv2%2Fmedia&parent=42078"}],"wp:term":[{"taxonomy":"category","embeddable":true,"href":"http:\/\/www.korhanyilmaz.com\/index.php?rest_route=%2Fwp%2Fv2%2Fcategories&post=42078"},{"taxonomy":"post_tag","embeddable":true,"href":"http:\/\/www.korhanyilmaz.com\/index.php?rest_route=%2Fwp%2Fv2%2Ftags&post=42078"}],"curies":[{"name":"wp","href":"https:\/\/api.w.org\/{rel}","templated":true}]}}