{"id":42075,"date":"2011-11-07T19:03:04","date_gmt":"2011-11-07T17:03:04","guid":{"rendered":"http:\/\/www.korhanyilmaz.com\/?p=42075"},"modified":"2011-11-07T21:54:50","modified_gmt":"2011-11-07T19:54:50","slug":"gul-gibi-sumbul-gibi-cumhurbaskanlari-secilecek","status":"publish","type":"post","link":"http:\/\/www.korhanyilmaz.com\/?p=42075","title":{"rendered":"&#8216;G\u00fcl gibi, s\u00fcmb\u00fcl gibi cumhurba\u015fkanlar\u0131 se\u00e7ilecek&#8217;"},"content":{"rendered":"<p style=\"text-align: center;\"><a href=\"http:\/\/www.korhanyilmaz.com\/wp-content\/uploads\/2011\/11\/7007.jpg\"  class=\"lightview\"><img loading=\"lazy\" decoding=\"async\" class=\"aligncenter  wp-image-42076\" src=\"http:\/\/www.korhanyilmaz.com\/wp-content\/uploads\/2011\/11\/7007.jpg\" alt=\"\" width=\"320\" height=\"214\" \/><\/a><\/p>\n<p style=\"text-align: justify;\">Ba\u015fbakan Yard\u0131mc\u0131s\u0131 B\u00fclent Ar\u0131n\u00e7, cumhurba\u015fkanl\u0131\u011f\u0131 se\u00e7imini hat\u0131rlatarak &#8220;Bu millet in\u015fallah g\u00fcl gibi, lale gibi, s\u00fcmb\u00fcl gibi cumhurba\u015fkanlar\u0131 se\u00e7ecek&#8221; dedi.<\/p>\n<p style=\"text-align: justify;\">Ba\u015fbakan Yard\u0131mc\u0131s\u0131 B\u00fclent Ar\u0131n\u00e7, \u201cK\u0131l\u0131\u00e7daro\u011flu konu\u015fmas\u0131nda dedi ki; &#8216;Bu cumhuriyettir, bunu Erci\u015f&#8217;te de Van&#8217;da da kutlamal\u0131y\u0131z.&#8217; Be hey K\u0131l\u0131\u00e7daro\u011flu, madem bunu s\u00f6yl\u00fcyorsun da kendin niye yapmad\u0131n?\u201d dedi. Ar\u0131n\u00e7, AK Parti Bursa \u0130l Te\u015fkilat\u0131 taraf\u0131ndan Atat\u00fcrk Kongre ve K\u00fclt\u00fcr Merkezi&#8217;nde d\u00fczenlenen bayramla\u015fma t\u00f6reninde yapt\u0131\u011f\u0131 konu\u015fmada, 29 Ekim Cumhuriyet Bayram\u0131&#8217;n\u0131n depremin yo\u011fun \u00fcz\u00fcnt\u00fcs\u00fc nedeniyle belli \u00f6l\u00e7\u00fclerde kutland\u0131\u011f\u0131n\u0131 an\u0131msatt\u0131.\u00a0<!--more--><\/p>\n<p style=\"text-align: justify;\">\u201cMaalesef CHP, sadece o parti, &#8216;cumhuriyete sahip \u00e7\u0131k\u0131yor&#8217; g\u00f6r\u00fcnt\u00fcs\u00fc alt\u0131nda h\u00fck\u00fcmetimizin ald\u0131\u011f\u0131 bu karar\u0131 kar\u015f\u0131lamad\u0131\u201d diyen Ar\u0131n\u00e7, bu konuda merhum Ba\u015fbakanlardan B\u00fclent Ecevit taraf\u0131ndan yay\u0131nlanm\u0131\u015f iki tane genelge oldu\u011funu hat\u0131rlatt\u0131. Ar\u0131n\u00e7, 19 A\u011fustos&#8217;taki deprem felaketi sebebiyle 30 A\u011fustos Zafer Bayram\u0131 ve 26 A\u011fustos Malazgirt Meydan Muharebesi&#8217;nin y\u0131l d\u00f6n\u00fcm\u00fcn\u00fcn kutlamas\u0131z yap\u0131ld\u0131\u011f\u0131n\u0131, bunlar\u0131n vesikalar\u0131n\u0131n bulundu\u011funu kaydetti.<\/p>\n<p style=\"text-align: justify;\"><strong>\u2018BA\u011eDAT CADDES\u0130&#8217;NDE KUTLAYACA\u011eINA VAN&#8217;A G\u0130TSEYD\u0130N\u2019<\/strong><\/p>\n<p style=\"text-align: justify;\">Bunu ilk kez kendilerinin d\u00fc\u015f\u00fcnmedi\u011fini vurgulayan Ar\u0131n\u00e7, \u015f\u00f6yle konu\u015ftu:<\/p>\n<p style=\"text-align: justify;\">\u201cDemek ki zaman\u0131 geldi\u011finde h\u00fck\u00fcmetler, halk\u0131n hissiyat\u0131n\u0131 dikkate alarak belli t\u00f6renlerin d\u0131\u015f\u0131ndakilere m\u00fcsaade etmemi\u015fler. CHP sadece cumhuriyeti ama demokrasisiz bir cumhuriyeti, demokrasiyle ta\u00e7lanmayan bir cumhuriyeti, cumhursuz cumhuriyeti, halk\u0131n d\u0131\u015f\u0131nda belli zamanlara m\u00fcnhas\u0131r bir cumhuriyet anlay\u0131\u015f\u0131n\u0131 10. Y\u0131l Mar\u015flar\u0131&#8217;yla kutlamay\u0131 adet edindi\u011fi i\u00e7in yine \u00e2detinden uzak kalmad\u0131. Al\u0131\u015fm\u0131\u015flar, deprem de olsa bir ba\u015fka \u015fey de olsa yine istediklerini yapacaklar.<\/p>\n<p style=\"text-align: justify;\">Ben onlar\u0131 samimiyete davet ettim. K\u0131l\u0131\u00e7daro\u011flu konu\u015fmas\u0131nda dedi ki; &#8216;Bu cumhuriyettir, bunu Erci\u015f&#8217;te de Van&#8217;da da kutlamal\u0131y\u0131z. Be hey K\u0131l\u0131\u00e7daro\u011flu, madem bunu s\u00f6yl\u00fcyorsun da kendin niye yapmad\u0131n? \u0130stanbul&#8217;da Ba\u011fdat Caddesi&#8217;nde kutlayaca\u011f\u0131na Van&#8217;a gidip yapsayd\u0131n da senin samimiyetini bizzat g\u00f6rm\u00fc\u015f olsayd\u0131k. Bursa&#8217;n\u0131n bir caddesinde y\u00fcr\u00fcmek yerine Erci\u015f niye akl\u0131na gelmedi? Gideydin orada, yan\u0131nda 3 ki\u015fi bulur muydun bilmiyorum ama en az\u0131ndan s\u00f6z\u00fcn\u00fc yerine getirmi\u015f olurdun.\u201d<\/p>\n<p style=\"text-align: justify;\"><strong>\u2018G\u00dcL G\u0130B\u0130, LALE G\u0130B\u0130 CUMHURBA\u015eKANLARINI SE\u00c7ECEK\u2019<\/strong><\/p>\n<p style=\"text-align: justify;\">Ar\u0131n\u00e7, \u201cHangi birimiz &#8216;cumhuriyet&#8217; kelimesine, mefhumuna kar\u015f\u0131 \u00e7\u0131kabiliriz?\u201d derken, s\u00f6zlerine \u015f\u00f6yle devam etti:<\/p>\n<p style=\"text-align: justify;\">\u201cEn faziletli bir rejime, cumhurun kendi ad\u0131na \u00fclke y\u00f6netiminde s\u00f6z sahibi olmas\u0131na hangi AK Partili kar\u015f\u0131 \u00e7\u0131kabilir? Cumhuriyeti ilan eden ba\u015fta b\u00fcy\u00fck Atat\u00fcrk olmak \u00fczere, birinci Meclis&#8217;in, ikinci Meclis&#8217;in milletvekillerine ve Cumhuriyet&#8217;in tek sahibi olan aziz milletimize hangi AK Partili kar\u015f\u0131 \u00e7\u0131kabilir? \u0130stismar ve demagojiyle Cumhuriyet kutlamas\u0131 yapanlara biz \u015funu s\u00f6yleyelim; biz Cumhuriyet&#8217;in ger\u00e7ek manas\u0131n\u0131 ve mevhumunu biliyoruz. O y\u00fczden Cumhurba\u015fkan\u0131 denen ki\u015finin cumhur taraf\u0131ndan se\u00e7ilmesine AK Parti karar verdi, millet karar verdi. \u0130n\u015fallah \u00f6mr\u00fcm\u00fcz olursa \u015fu kadar y\u0131l sonra&#8230; S\u00fcresini s\u00f6ylemeyeyim \u015fimdi, &#8216;\u015fu tarihte olacak&#8217; derler. \u015eu kadar zaman sonra bu millet sand\u0131\u011fa gidecek ve in\u015fallah g\u00fcl gibi lale gibi s\u00fcmb\u00fcl gibi cumhurba\u015fkanlar\u0131n\u0131 se\u00e7ecek.&#8221;<\/p>\n<p style=\"text-align: justify;\"><strong>&#8216;G\u00dcZEL G\u00dcNLER G\u00d6RECE\u011e\u0130Z\u2019<\/strong><\/p>\n<p style=\"text-align: justify;\">Ar\u0131n\u00e7, salondaki AK Parti 23. D\u00f6nem Bursa milletvekillerinden Ali Kul&#8217;a seslenerek, \u201cAli hocam bak sadece g\u00fcl gibi demedim ha. S\u00fcmb\u00fclleri, laleleri ekledim, ne olur ne olmaz. Millet ba\u015fka \u015feyden hava kapmas\u0131n\u201d diye konu\u015ftu.<\/p>\n<p style=\"text-align: justify;\"><span style=\"text-decoration: underline;\">Ba\u015fbakan Yard\u0131mc\u0131s\u0131 Ar\u0131n\u00e7, \u015funlar\u0131 kaydetti:\u00a0<\/span><\/p>\n<p style=\"text-align: justify;\">\u201cAllah&#8217;\u0131n izniyle se\u00e7ece\u011fiz. Bu millet se\u00e7ecek. Evet g\u00fczel g\u00fcnler yak\u0131n. &#8216;G\u00fczel g\u00fcnler g\u00f6rece\u011fiz \u00e7ocuklar, g\u00fcne\u015fli g\u00fczel g\u00fcnler&#8217;. Bunlar\u0131 ta 2007&#8217;de cumhurba\u015fkanl\u0131\u011f\u0131 se\u00e7imi s\u0131ras\u0131nda s\u00f6ylemi\u015ftim, birileri huylanm\u0131\u015ft\u0131. &#8216;Ne demek istiyor bu? diye. Bir bir \u00e7\u0131k\u0131yor hamdolsun. G\u00fcne\u015fli g\u00fczel g\u00fcnler geliyor. Bu zorluklar\u0131 da a\u015faca\u011f\u0131z. Bu s\u0131k\u0131nt\u0131lardan da kurtulaca\u011f\u0131z, Allah&#8217;\u0131n izniyle T\u00fcrkiye, cennet vatan\u0131m\u0131z, en g\u00fczel en do\u011fru en iyi g\u00fcnler g\u00f6recek ve o g\u00fcnlerde birlikte, daha nice bayramlar kutlayaca\u011f\u0131z.\u201d<\/p>\n<p style=\"text-align: justify;\">Ar\u0131n\u00e7, &#8221;Baz\u0131lar\u0131 yaz\u0131 yaz\u0131yor; &#8216;Ayasofya Kilisesi&#8217; cami mi olacak? Cehalete dayan\u0131yorsa affederiz, ama cehalete dayanm\u0131yorsa biraz kendinize \u00e7eki d\u00fczen verin. Buras\u0131 1330 y\u0131l\u0131ndan beri, 680 senedir camidir. Halk da b\u00f6yle bilir, kay\u0131tlar da bunu s\u00f6yl\u00fcyor. Buraya &#8216;kilise&#8217; diyemezsiniz&#8221; dedi. Ar\u0131n\u00e7, AK Parti Bursa \u0130l Te\u015fkilat\u0131 taraf\u0131ndan Atat\u00fcrk Kongre ve K\u00fclt\u00fcr Merkezi&#8217;nde d\u00fczenlenen bayramla\u015fma t\u00f6reninde yapt\u0131\u011f\u0131 konu\u015fmada, \u0130znik&#8217;teki Ayasofya Camii&#8217;ni ecdad\u0131n vasiyetine sahip \u00e7\u0131karak ibadete a\u00e7t\u0131klar\u0131 bayram\u0131n 1. g\u00fcn\u00fcn\u00fcn Bursa i\u00e7in \u00e7ok sevin\u00e7li bir g\u00fcn oldu\u011funu s\u00f6yledi. &#8221;Bir ibadethane kay\u0131tlarda da cami olarak bilindi\u011fi halde, bug\u00fcn restorasyonunu takiben yeniden ibadete a\u00e7\u0131lmas\u0131 \u00e7ok mu \u00f6nemli bir hadise? Bunu s\u00f6ylemeye gerek var m\u0131?&#8221; diyen naif d\u00fc\u015f\u00fcnceli insanlar\u0131n olabilece\u011fini kaydeden Ar\u0131n\u00e7, &#8221;\u00c7ok \u00f6nemli. \u0130n\u015fallah ba\u015fkalar\u0131 da varsa ba\u015fkalar\u0131n\u0131 da ibadete a\u00e7mam\u0131z laz\u0131m. \u00c7\u00fcnk\u00fc bu bizim vazifemizdir, g\u00f6revimizdir&#8221; diye konu\u015ftu.<\/p>\n<p style=\"text-align: justify;\">Ar\u0131n\u00e7, Bursa&#8217;n\u0131n, g\u00fczel \u0130znik&#8217;in \u00e7ok nadide bir eserinin oldu\u011funu ifade ederek, \u015fu bilgileri verdi:<\/p>\n<p style=\"text-align: justify;\">&#8221;\u0130ster &#8216;Orhan Camii&#8217; diyelim, isterse halk aras\u0131nda bilindi\u011fi gibi &#8216;Ayasofya Camii&#8217; diyelim. Ne diyeceksek diyelim. Bunun tarih i\u00e7indeki yeri nedir? \u00c7ok eski kay\u0131tlardan sadece 780&#8217;li y\u0131llara ait, yani milattan sonraki 787&#8217;ye, Osmanl\u0131 kurulmadan 7 as\u0131r \u00f6nceki tarihte buran\u0131n kilise oldu\u011fu biliniyor. Evet o zaman Hristiyanlar var, buras\u0131 kilise. 1330-1331 tarihinde Orhangazi, yani \u015fu hemen yan\u0131 ba\u015f\u0131m\u0131zdaki b\u00fcy\u00fck hakan Bursa&#8217;y\u0131 \u0130znik&#8217;i fethediyor. O zamanlar &#8216;fetih hakk\u0131&#8217; diye bir \u015fey var. &#8216;Fetih madalyas\u0131 veya fetih hakk\u0131&#8217;.<\/p>\n<p style=\"text-align: justify;\">Bu kiliseyi camiye tahvil ediyor, d\u00f6n\u00fc\u015ft\u00fcr\u00fcyor, Orhangazi kendi vakf\u0131nda bu camiyi M\u00fcsl\u00fcmanlar binlerce y\u0131l ibadet etsinler diye vakfediyor. Sene 1330-1331, bug\u00fcn 2011. Ka\u00e7 sene ge\u00e7mi\u015f \u00fcst\u00fcnden. 680-700 sene ge\u00e7mi\u015f. Demek ki 700 y\u0131ldan bu yana \u015fu hemen babas\u0131n\u0131n yan\u0131nda yat\u0131veren Orhangazi, \u0130znik&#8217;i ald\u0131\u011f\u0131 zaman buray\u0131 camiye d\u00f6n\u00fc\u015ft\u00fcrm\u00fc\u015f. O zaman fetihlerde b\u00f6yle bir hak var, bir tanesi camiye \u00e7evriliyor. Kilise de Allah&#8217;a ibadet edilen bir yer, cami de. Bizim nice camilerimiz gidin Balkanlara, ba\u015fka \u00fclkelere maalesef cami olmaktan \u00e7\u0131kar\u0131lm\u0131\u015ft\u0131r.&#8221;<\/p>\n<p style=\"text-align: justify;\"><strong>&#8221;BURANIN CAM\u0130 OLMAKTAN \u00c7IKARILMASI M\u00dcMK\u00dcN DE\u011e\u0130L&#8221;<\/strong><\/p>\n<p style=\"text-align: justify;\">B\u00fct\u00fcn bunlar\u0131n ya\u015fad\u0131\u011f\u0131m\u0131z, bildi\u011fimiz \u015feyler oldu\u011funu ifade eden Ar\u0131n\u00e7, \u015f\u00f6yle devam etti:<\/p>\n<p style=\"text-align: justify;\">&#8221;Ben \u015funu demek istiyorum; Orhangazi&#8217;nin vakfiyesi Vak\u0131flar Genel M\u00fcd\u00fcrl\u00fc\u011f\u00fcn\u00fcn elindedir. Orhangazi diyor ki; &#8221;buray\u0131 cami olarak vakfeyledim&#8217;. Buran\u0131n cami olmaktan \u00e7\u0131kar\u0131lmas\u0131 m\u00fcmk\u00fcn de\u011fil, \u00e7\u0131kar\u0131rsan\u0131z, &#8216;Allah korusun bir beddua var ki tekrar etmek istemiyorum. \u00c7\u00fcnk\u00fc vak\u0131flarda bir dua var bir de beddua var. Yapana dualar edilir, ama as\u0131l maksad\u0131ndan \u00e7\u0131kar\u0131l\u0131rsa bir \u015fey sadece Allah&#8217;\u0131n meleklerin bilmem nelerin de\u011fil ha\u015fa, Allah&#8217;\u0131n meleklerin b\u00fct\u00fcn insanlar\u0131n laneti de ona ihanet edenlere olsun&#8217; diye bir beddua var. Bug\u00fcn Bursa vak\u0131f zengini diye hepsinin vakfiyesinde de bu yazar. \u00c7\u00fcnk\u00fc b\u00fct\u00fcn d\u00fcnyada Hristiyan aleminde de vard\u0131r, cemaat vak\u0131flar\u0131 vard\u0131r. Oray\u0131 ne ama\u00e7la vakfettiyseniz, ancak o ama\u00e7la oras\u0131 kullan\u0131labilir.&#8221;<\/p>\n<p style=\"text-align: justify;\"><strong>&#8221;M\u0130MAR S\u0130NAN&#8217;IN EL\u0130N\u0130N DE\u011eD\u0130\u011e\u0130 B\u0130R MABED&#8221;<\/strong><\/p>\n<p style=\"text-align: justify;\">Ar\u0131n\u00e7, 1330&#8217;dan sonra 1918-1919&#8217;lara kadar burada ibadet edildi\u011fini hat\u0131rlatarak, \u015funlar\u0131 kaydetti:<\/p>\n<p style=\"text-align: justify;\">&#8221;Hatta 1500&#8217;l\u00fc y\u0131llarda Kanuni Sultan S\u00fcleyman zaman\u0131nda, buras\u0131 bir yang\u0131n ge\u00e7irmi\u015f. Ne mutlu ki Mimar Sinan \u0130znik&#8217;e kadar gelmi\u015f, camiyi onarm\u0131\u015f, bir minare eklemi\u015f ve eklentiler yapm\u0131\u015f. Mimar Sinan&#8217;\u0131n elinin de\u011fdi\u011fi bir mabedden bahsediyoruz size. \u0130\u015fgal zaman\u0131 i\u015fgal edilmi\u015f, 1920-1922&#8217;ye kadar, kurtulu\u015fa kadar da kapal\u0131 kalm\u0131\u015f. 1922&#8217;den sonra da maalesef cami olmaktan \u00e7\u0131kar\u0131lm\u0131\u015f, i\u00e7inde ibadet yap\u0131lmam\u0131\u015f. Hamd olsun ki Vak\u0131flar Genel M\u00fcd\u00fcrl\u00fc\u011f\u00fc, \u0130znik Belediyesi ve Kaymakaml\u0131\u011f\u0131n\u0131n da katk\u0131lar\u0131yla buray\u0131 \u00e7ok g\u00fczel restore ettiler. Restore edildi, ama ne olarak kullan\u0131laca\u011f\u0131 konusu demek ki bizi bekledi.&#8221;<\/p>\n<p style=\"text-align: justify;\">Bu i\u015fe sahip \u00e7\u0131kmaya karar verdiklerini vurgulayan Ar\u0131n\u00e7, konu\u015fmas\u0131n\u0131 \u015f\u00f6yle s\u00fcrd\u00fcrd\u00fc:<\/p>\n<p style=\"text-align: justify;\">&#8221;Neden? 1. Hukuken bunu yapmak zorunday\u0131z. Hukuken buras\u0131 bir vak\u0131ft\u0131r. Vakf\u0131n gayesi de buran\u0131n cami olarak a\u00e7\u0131k olmas\u0131d\u0131r. 2. 6570 Say\u0131l\u0131 Gayrimenkul Kiralama Kanunu diye bir kanun var. O kanunun 1. veya 2. maddesinde ibadethaneler ibadet d\u0131\u015f\u0131nda kullan\u0131lamaz, kiraya verilemez sat\u0131lamaz ve saire diye bir h\u00fck\u00fcm. Bak\u0131n bu h\u00fck\u00fcm o kadar \u00f6nemli ki 1995 y\u0131l\u0131nda K\u00fclt\u00fcr Bakanl\u0131\u011f\u0131 Vak\u0131flar Genel M\u00fcd\u00fcrl\u00fc\u011f\u00fcne yaz\u0131 yazarak, buray\u0131 m\u00fcze yapmak i\u00e7in kiralamak istemi\u015f. Vak\u0131flar Genel M\u00fcd\u00fcrl\u00fc\u011f\u00fc K\u00fclt\u00fcr Bakanl\u0131\u011f\u0131na, ayn\u0131 h\u00fck\u00fcmetin iki farkl\u0131 bakan\u0131 &#8216;Senin haberin yok galiba, buras\u0131 camidir ve 6570 Say\u0131l\u0131 Kanun&#8217;un \u015fu maddesi gere\u011fince benim bunu kiralamam m\u00fcmk\u00fcn de\u011fildir&#8217; demi\u015f. Ne g\u00fczel demi\u015f. O g\u00fcnden bu yana cami olarak ibadete a\u00e7\u0131k de\u011fil.&#8221;<\/p>\n<p style=\"text-align: justify;\"><strong>&#8221;CEHALETE DAYANIYORSA AFFEDER\u0130Z, AMA&#8230;&#8221;<\/strong><\/p>\n<p style=\"text-align: justify;\">Ar\u0131n\u00e7, bu mesele ortaya \u00e7\u0131kt\u0131\u011f\u0131 g\u00fcnden bu yana Bursa&#8217;n\u0131n televizyonlar\u0131 ve medyas\u0131 da ulusal medya ve televizyonlar da bir k\u0131p\u0131rdanma ba\u015flad\u0131\u011f\u0131n\u0131 belirterek, \u015funlar\u0131 s\u00f6yledi:<\/p>\n<p style=\"text-align: justify;\">&#8221;Baz\u0131lar\u0131 yaz\u0131 yaz\u0131yor; &#8216;Ayasofya Kilisesi&#8217; cami mi olacak? Cehalete dayan\u0131yorsa affederiz, ama cehalete dayanm\u0131yorsa biraz kendinize \u00e7eki d\u00fczen verin. Buras\u0131 1330 y\u0131l\u0131ndan beri camidir. 680 senedir camidir. Halk da b\u00f6yle bilir, kay\u0131tlar da bunu s\u00f6yl\u00fcyor. Buraya kilise diyemezsiniz. 780 y\u0131l\u0131ndan bahsediyorsan\u0131z hakk\u0131n\u0131z var. Ama 680 y\u0131ldan bu yana diye konu\u015fuyorsan\u0131z b\u00fcy\u00fck bir cehaletin i\u00e7indesiniz. Buras\u0131 b\u00fct\u00fcn kay\u0131tlarda, kilise olarak de\u011fil cami olarak ge\u00e7iyor.<\/p>\n<p style=\"text-align: justify;\">Bir ba\u015fka yaz\u0131, &#8216;Efendim Ayasofya M\u00fczesi&#8217; cami mi olacak? Buras\u0131 kusura bakma m\u00fcze de de\u011fil. Buras\u0131 cami karde\u015fim, biraz g\u00f6z\u00fcn\u00fc a\u00e7, biraz kitap \u00e7evir, biraz bilene sor. \u0130yi ama burada eskiden d\u0131\u015far\u0131dan gelenden 5 TL, i\u00e7eriden gelenden 3 TL al\u0131nm\u0131\u015f da o zaman buras\u0131 m\u00fczeymi\u015f. Hay\u0131r, i\u015fg\u00fczarl\u0131k yapm\u0131\u015flar. K\u00f6ylere Hizmet G\u00f6t\u00fcrme Birli\u011fi &#8216;Buraya gelen giden \u00e7ok oluyor, ben de buray\u0131 ziyaretten \u00fc\u00e7 kuru\u015f para toplar\u0131m&#8217; diye d\u00fc\u015f\u00fcnm\u00fc\u015f, basit bir makbuz bast\u0131rm\u0131\u015f, &#8216;Deli Dumrul gibi &#8216; girenden 3 ak\u00e7e girmeyenden 5 ak\u00e7e almaya ba\u015flam\u0131\u015f. Hi\u00e7bir kay\u0131tta buran\u0131n m\u00fcze oldu\u011funa dair bir \u015fey yok.&#8221;<\/p>\n<p style=\"text-align: justify;\"><strong>&#8221;BAS\u0130T B\u0130R \u0130\u015e\u0130 B\u00dcY\u00dcTENLER OLDU AMA, B\u0130Z DO\u011eRUSUNU YAPTIK&#8221;<\/strong><\/p>\n<p style=\"text-align: justify;\">Kendilerinin resmiyete bakt\u0131\u011f\u0131n\u0131 anlatan Ar\u0131n\u00e7, \u015f\u00f6yle dedi:<\/p>\n<p style=\"text-align: justify;\">&#8221;Birisi buraya m\u00fcze demi\u015f olabilir. Birisi i\u015fg\u00fczarl\u0131k yapm\u0131\u015f oraya bir levha asm\u0131\u015f da olabilir. Birisi i\u015fg\u00fczarl\u0131\u011f\u0131n katmerlisini yapm\u0131\u015f, 3 TL, 5 TL toplamaya da \u00e7al\u0131\u015fm\u0131\u015f olabilir. Buras\u0131 m\u00fcze de de\u011fil Bursal\u0131lar. Kilise de\u011fil, m\u00fcze de de\u011fil. Orhan Camii, Ayasofya Camii 680 y\u0131ld\u0131r cami olarak a\u00e7\u0131k, cami olarak ibadet edilmi\u015f, cami olarak kay\u0131tlarda var. \u00c7ok \u015f\u00fck\u00fcr elimizden geleni yapt\u0131k, basit bir i\u015fi b\u00fcy\u00fctenler oldu ama, biz do\u011frusunu yapt\u0131k. \u00c7ok \u015f\u00fck\u00fcr milletvekillerimiz de ko\u015fmu\u015flar gitmi\u015fler, ben de ke\u015fke m\u00fcsait olsayd\u0131m. Cemaatle birlikte buras\u0131 i\u00e7inde yap\u0131lan basit bir d\u00fczenekle ibadete a\u00e7\u0131ld\u0131 Allah hay\u0131rl\u0131 u\u011furlu etsin.&#8221;<\/p>\n<p style=\"text-align: justify;\">Ar\u0131n\u00e7, bu meseleyi b\u00fcy\u00fctmemek gerekti\u011fini, yanl\u0131\u015fl\u0131kla &#8221;kilise&#8221; veya &#8221;m\u00fcze&#8221; diyenleri, sadece g\u00f6rd\u00fc\u011f\u00fcn\u00fc do\u011fru kabul edenleri mazur g\u00f6rmenin m\u00fcmk\u00fcn olabilece\u011fini ifade ederek, \u015funlar\u0131 dile getirdi:<\/p>\n<p style=\"text-align: justify;\">&#8221;Ama bir ba\u015fkas\u0131 da var bunun. Cami oldu\u011funu bile bile buran\u0131n ibadete a\u00e7\u0131lmas\u0131n\u0131 arzu etmeyenler de oldu. Say\u0131lar\u0131 az oldu, ama varl\u0131klar\u0131n\u0131 biliyorum. Ben de do\u011frusu buna \u00e7ok \u00fcz\u00fcld\u00fcm. Bursa&#8217;dan 3-5 da olsa bu d\u00fc\u015f\u00fcnceli birilerinin \u00e7\u0131kaca\u011f\u0131n\u0131 hi\u00e7 tahmin etmemi\u015ftim. Efendim, &#8216;Camidir cami olmas\u0131na ama \u0130znik&#8217;te 10 tane de 20 tane de cami var, buna ne ihtiya\u00e7 vard\u0131?&#8217; Efendim &#8216;Camidir cami olmas\u0131na ama b\u00f6ylesi daha orijinaldi. Gelen giden bak\u0131yordu, bir taraf\u0131 kilise gibi bir taraf\u0131 cami gibi, millete de para toplamak iyi olacakt\u0131 filan. Cami oldu\u011funu bile bile buran\u0131n ibadete a\u00e7\u0131lmamas\u0131 i\u00e7in mazeret \u00fcretenlere, bayram g\u00fcn\u00fcnde bir \u015fey s\u00f6yleyecek de\u011filim. A\u011fz\u0131m\u0131z\u0131 tatl\u0131 a\u00e7m\u0131\u015fken k\u00f6t\u00fc kapatma niyetim yok.<\/p>\n<p style=\"text-align: justify;\">Onlar\u0131 hemen hemen yan\u0131 ba\u015f\u0131m\u0131zda Bursa&#8217;n\u0131n fatihi olarak duran Orhangazi&#8217;ye \u015fikayet ediyorum. Bursa&#8217;y\u0131 fetheden, vakfiyesini kuran, vakfiyesinde &#8216;Buras\u0131 ilelebet cami olarak ibadete a\u00e7\u0131k olacakt\u0131r&#8217; diyen bir zat hemen yan\u0131 ba\u015f\u0131m\u0131zda yat\u0131yor. Allah onlardan raz\u0131 olsun. Onlar bizim iftihar\u0131m\u0131z, \u015ferefimiz. Biz onlara \u00e7ok \u015fey bor\u00e7luyuz. Cihangirhane bir devleti bir a\u015firetten, beylikten \u00e7\u0131karan o g\u00fczel insanlar\u0131n, Osmangazilerin \u015eeyh Edebalilerin \u00e7ok \u015f\u00fck\u00fcr biz izinden gidiyoruz. Onlar 600 k\u00fcsur sene d\u00fcnyaya h\u00fck\u00fcmran olmu\u015f bir b\u00fcy\u00fck medeniyetin sahipleri, onlar\u0131n y\u00fcz\u00fcne bakam\u0131yorduk, hamd olsun onlar\u0131n y\u00fcz\u00fcne bakacak hale geldik.&#8221;<\/p>\n<p style=\"text-align: justify;\"><a href=\"http:\/\/www.radikal.com.tr\/Radikal.aspx?aType=RadikalDetayV3&amp;ArticleID=1068824&amp;Date=07.11.2011&amp;CategoryID=78\" target=\"_blank\">Kaynak : Radikal.com.tr<\/a><\/p>\n","protected":false},"excerpt":{"rendered":"<p style=\"text-align: center;\">\n<p style=\"text-align: justify;\">Ba\u015fbakan Yard\u0131mc\u0131s\u0131 B\u00fclent Ar\u0131n\u00e7, cumhurba\u015fkanl\u0131\u011f\u0131 se\u00e7imini hat\u0131rlatarak &#8220;Bu millet in\u015fallah g\u00fcl gibi, lale gibi, s\u00fcmb\u00fcl gibi cumhurba\u015fkanlar\u0131 se\u00e7ecek&#8221; dedi.<\/p>\n<p style=\"text-align: justify;\">Ba\u015fbakan Yard\u0131mc\u0131s\u0131 B\u00fclent Ar\u0131n\u00e7, \u201cK\u0131l\u0131\u00e7daro\u011flu konu\u015fmas\u0131nda dedi ki; &#8216;Bu cumhuriyettir, bunu Erci\u015f&#8217;te de Van&#8217;da da kutlamal\u0131y\u0131z.&#8217; Be hey K\u0131l\u0131\u00e7daro\u011flu, madem bunu s\u00f6yl\u00fcyorsun da kendin niye yapmad\u0131n?\u201d dedi. Ar\u0131n\u00e7, AK <\/p>\n","protected":false},"author":1,"featured_media":0,"comment_status":"open","ping_status":"open","sticky":false,"template":"","format":"standard","meta":{"footnotes":""},"categories":[105],"tags":[],"class_list":["post-42075","post","type-post","status-publish","format-standard","hentry","category-gundem","odd"],"_links":{"self":[{"href":"http:\/\/www.korhanyilmaz.com\/index.php?rest_route=\/wp\/v2\/posts\/42075","targetHints":{"allow":["GET"]}}],"collection":[{"href":"http:\/\/www.korhanyilmaz.com\/index.php?rest_route=\/wp\/v2\/posts"}],"about":[{"href":"http:\/\/www.korhanyilmaz.com\/index.php?rest_route=\/wp\/v2\/types\/post"}],"author":[{"embeddable":true,"href":"http:\/\/www.korhanyilmaz.com\/index.php?rest_route=\/wp\/v2\/users\/1"}],"replies":[{"embeddable":true,"href":"http:\/\/www.korhanyilmaz.com\/index.php?rest_route=%2Fwp%2Fv2%2Fcomments&post=42075"}],"version-history":[{"count":0,"href":"http:\/\/www.korhanyilmaz.com\/index.php?rest_route=\/wp\/v2\/posts\/42075\/revisions"}],"wp:attachment":[{"href":"http:\/\/www.korhanyilmaz.com\/index.php?rest_route=%2Fwp%2Fv2%2Fmedia&parent=42075"}],"wp:term":[{"taxonomy":"category","embeddable":true,"href":"http:\/\/www.korhanyilmaz.com\/index.php?rest_route=%2Fwp%2Fv2%2Fcategories&post=42075"},{"taxonomy":"post_tag","embeddable":true,"href":"http:\/\/www.korhanyilmaz.com\/index.php?rest_route=%2Fwp%2Fv2%2Ftags&post=42075"}],"curies":[{"name":"wp","href":"https:\/\/api.w.org\/{rel}","templated":true}]}}