{"id":42070,"date":"2011-11-07T20:11:13","date_gmt":"2011-11-07T18:11:13","guid":{"rendered":"http:\/\/www.korhanyilmaz.com\/?p=42070"},"modified":"2011-11-07T21:24:27","modified_gmt":"2011-11-07T19:24:27","slug":"kurt-sorunu-nedir-ariyorum-bulamiyorum","status":"publish","type":"post","link":"http:\/\/www.korhanyilmaz.com\/?p=42070","title":{"rendered":"&#8216;K\u00fcrt sorunu nedir? Ar\u0131yorum, bulam\u0131yorum&#8217;"},"content":{"rendered":"<p style=\"text-align: center;\"><a href=\"http:\/\/www.korhanyilmaz.com\/wp-content\/uploads\/2011\/11\/7006.jpg\"  class=\"lightview\"><img loading=\"lazy\" decoding=\"async\" class=\"aligncenter  wp-image-42071\" src=\"http:\/\/www.korhanyilmaz.com\/wp-content\/uploads\/2011\/11\/7006.jpg\" alt=\"\" width=\"336\" height=\"223\" \/><\/a><\/p>\n<p style=\"text-align: justify;\">\u0130\u00e7i\u015fleri Bakan\u0131 \u0130dris Naim \u015eahin, K\u00fcrt insan\u0131n\u0131n esas itibariyle herhangi bir sorunu olmad\u0131\u011f\u0131n\u0131 dile getirerek, &#8220;Sorun sorun diyorlar. Sorun nedir yani? Sorun yol mu? Sorun \u015fark\u0131 m\u0131? Sorun k\u0131yafet mi? Sorun ibadet mi? Sorun hastane mi? Ben ar\u0131yorum sorunu bulam\u0131yorum&#8221; dedi.<!--more--><\/p>\n<p style=\"text-align: justify;\">AK Parti&#8217;nin kendine oy vermi\u015f veya vermemi\u015f herkesin sorumlulu\u011funu \u00fczerinde hisseden bir parti oldu\u011funu ifade eden \u015eahin \u015f\u00f6yle konu\u015ftu:<\/p>\n<p style=\"text-align: justify;\">\u201cDevlet, \u00fclke, bayrak bizatihi milletin kendi varl\u0131\u011f\u0131, her partinin oldu\u011fu gibi do\u011fal olarak AK Parti&#8217;nin de \u00fczerinde ki de\u011ferlerdir. Bu de\u011ferler siyasi partilerin ilkeleri ve varl\u0131klar\u0131n\u0131n da \u00fczerindeki de\u011ferlerdir. Dolays\u0131yla bu \u00fclkedeki her siyasi parti \u00f6ncelikle, \u00f6n kabul olarak bu \u00fclkenin hepimiz i\u00e7in olmazsa olmaz de\u011ferlerinin \u00f6nemini kabul ederek ondan sonra kendi siyasetlerini \u015fekillendirmek durumundad\u0131rlar. B\u00f6yle midir? \u0130lke olarak b\u00f6yledir. B\u00f6yle olmu\u015f mudur? \u0130stisnalar\u0131 vard\u0131r. Bug\u00fcn var m\u0131d\u0131r? Bu g\u00fcnde maalesef vard\u0131r. \u0130\u015fte devlet olarak, devleti idare eden h\u00fck\u00fcmet olarak, h\u00fck\u00fcmeti kuran AK Parti olarak biz b\u00f6yle bir ger\u00e7ekle de kar\u015f\u0131 kar\u015f\u0131yay\u0131z.<\/p>\n<p style=\"text-align: justify;\">Bir tarafta bu \u00fclkede milletin birli\u011fini, b\u00f6l\u00fcnmezli\u011fini, misak-\u0131 milliyi kabul eden siyasi partiler, bir tarafta da bu \u00fclkede, bu \u00fclkenin \u00f6zg\u00fcrl\u00fcklerinden, demokrasisinden, hukukundan yararlanarak, bu \u00fclkeyi varl\u0131\u011f\u0131 ile birli\u011fi ile s\u0131k\u0131nt\u0131l\u0131 hale getirmek isteyen siyasi partiler de vard\u0131r. Bu partiler toplum taraf\u0131ndan benimsenirler mi? Bana g\u00f6re m\u00fcmk\u00fcn de\u011fil, 200 y\u0131l ge\u00e7se yine benimsenmez, o halde s\u0131k\u0131nt\u0131 nedir? Sinek k\u00fc\u00e7\u00fckse de mide buland\u0131r\u0131yor.\u201d<\/p>\n<p style=\"text-align: justify;\"><strong>&#8216;KAN D\u00d6KMEK \u0130\u00c7\u0130N OLU\u015eMU\u015e \u015eEBEKE&#8217;<\/strong><\/p>\n<p style=\"text-align: justify;\">Bakan \u015eahin \u00fclkenin \u00f6zg\u00fcrl\u00fcklerinden yararlanarak, bu \u00fclkenin bir b\u00f6l\u00fcm\u00fcne veya bir kesimine &#8216;\u00f6zg\u00fcrl\u00fck&#8217; getirmek ad\u0131na kan d\u00f6kmek i\u00e7in olu\u015fmu\u015f bir \u015febekenin bulundu\u011funu da vurgulayarak, \u015f\u00f6yle devam etti:<\/p>\n<p style=\"text-align: justify;\">\u201cO \u015febeke uzaklardan, s\u0131n\u0131r \u00f6tesinden s\u0131n\u0131r i\u00e7erisine, da\u011flara, tenha yerlerden son zamanlarda \u015fehir merkezlerine kadar toplumun farkl\u0131 kesimlerine kadar, \u00fcniversitelerine, bir k\u0131s\u0131m bas\u0131n kurumlar\u0131n\u0131n i\u00e7erisine, ekonomik yap\u0131ya, soka\u011fa kadar inmek suretiyle,g\u00fcnd\u00fcz k\u00fclahl\u0131 gece silahl\u0131lardan olu\u015fan bir b\u00fcy\u00fck yap\u0131y\u0131 adeta ahtapotun kollar\u0131 gibi bu devletin varl\u0131\u011f\u0131na kastetmek i\u00e7in olu\u015fturmu\u015f durumdalar. Bu yap\u0131 \u015fehirde olu\u015fmu\u015f. B\u00f6yle bir yap\u0131y\u0131, ge\u00e7mi\u015fte de bu millet, bu devlet bertaraf etti. Bunun nice benzerleri cebelle\u015f oldu. Yerel tabiriyle bela oldu. Her defas\u0131nda, belki h\u0131z\u0131m\u0131zdan g\u00fcc\u00fcm\u00fczden kaybederek bu belalar defedildi, bug\u00fcn yine defedilecek. Def edilmeye de ba\u015fland\u0131 m\u0131? Ba\u015fland\u0131. Devam edebilir mi? Edecek\u201d diye konu\u015ftu.<\/p>\n<p style=\"text-align: justify;\"><strong>BASINI ELE\u015eT\u0130RD\u0130<\/strong><\/p>\n<p style=\"text-align: justify;\">Silahl\u0131 Kuvvetler&#8217;in ger\u00e7ekle\u015ftirdi\u011fi operasyonlarda etkisiz hale getirilen Sezer Arslan&#8217;\u0131n evine babas\u0131 Mehmet Arslan taraf\u0131ndan T\u00fcrk Bayra\u011f\u0131 as\u0131ld\u0131\u011f\u0131n\u0131 hat\u0131rlatan Bakan \u015eahin, \u201c\u0130\u015fte Sezer Aslan&#8217;\u0131n babas\u0131 dedi ki &#8216;hadi oradan, yeter at\u0131k d\u00fc\u015f\u00fcn yakam\u0131zdan, pis y\u0131lanlar, zehirli y\u0131lanlar, keneler, d\u00fc\u015f\u00fcn art\u0131k K\u00fcrt insan\u0131n\u0131n da b\u00f6lge insan\u0131n\u0131n da yakas\u0131ndan. Ben s\u00f6ylemedim bunu. Hatta bana dendi ki Bakan olarak, &#8216;ertesi g\u00fcn \u015fu Sezer&#8217;in babas\u0131n\u0131 arasan\u0131z da tebrik etseniz&#8217;. \u201cHay\u0131r&#8217; dedim. \u00d6yle bir d\u00f6nemde ya\u015f\u0131yoruz ki maalesef uzaktan \u00c7ankaya&#8217;dan, Ni\u015fanta\u015f\u0131&#8217;ndan, Etiler&#8217;den bo\u011faza bakarak denizi seyrederek, ye\u015filliklere bakarak, ka\u011f\u0131d\u0131 kalemi eline alm\u0131\u015f, muhtemelen de saatine bakarak, i\u00e7ece\u011fini yudumlayarak yaz\u0131 yazan birileri benim ya\u015fad\u0131\u011f\u0131m ger\u00e7e\u011fi, benim g\u00f6rd\u00fc\u011f\u00fcm Hakkari&#8217;yi, Mu\u015f&#8217;u farkl\u0131 yaz\u0131yorlar.<\/p>\n<p style=\"text-align: justify;\">Bunu da farkl\u0131 anlat\u0131rlar. Ben ertesi g\u00fcn Mehmet Arslan&#8217;\u0131 ararsam, pekala diyeceklerini biliyorum ki, &#8216;Mehmet Arslan&#8217;\u0131 bu \u0130\u00e7i\u015fleri Bakan\u0131 \u00f6nceden veya sonradan y\u00f6nlendirdi. O da onun i\u00e7in belki bir bayrak ast\u0131 diyeceklerdir. Bu kadar da gafiller var. Bu kadar da h\u0131yanete yak\u0131n tutum ve davran\u0131\u015f i\u00e7erisinde olanlar var. Bu memleketin ac\u0131 ger\u00e7e\u011fi kar\u015f\u0131s\u0131nda. Ben Mehmet Arslan&#8217;\u0131 gazetelerden \u00f6\u011frendim. Mehmet Arslan memleketini vatan\u0131n\u0131 \u00e7ocu\u011fundan da daha \u00e7ok sevdi ki vatan\u0131n ba\u011f\u0131ms\u0131zl\u0131\u011f\u0131n\u0131 sembolize eden bayra\u011f\u0131 \u00f6nce evine, sonra da hislerine hakim olamad\u0131, o\u011flunun mezar\u0131n\u0131n ba\u015f\u0131na dikti. \u0130\u015fte ger\u00e7ek T\u00fcrk insan\u0131n\u0131n, K\u00fcrt insan\u0131n\u0131n mertli\u011fi, yi\u011fitli\u011fi, inanc\u0131 budur. K\u00fcrt insan\u0131 hi\u00e7bir zaman b\u00f6l\u00fcc\u00fc de\u011fildir, olmam\u0131\u015ft\u0131r.\u201d<\/p>\n<p style=\"text-align: justify;\"><strong>&#8216;K\u00dcRT SORUNUNU ARIYORUM, BULAMIYORUM&#8217;<\/strong><\/p>\n<p style=\"text-align: justify;\">Bakan \u015eahin, K\u00fcrt insan\u0131n\u0131n esas itibariyle herhangi bir sorunu olmad\u0131\u011f\u0131n\u0131 dile getirerek, \u201cSorun sorun diyorlar. Sorun ne? Ben ar\u0131yorum sorunu bulam\u0131yorum.\u201d dedi.<\/p>\n<p style=\"text-align: justify;\">\u201cSorun yol mu? Sorun \u015fark\u0131 m\u0131? Sorun k\u0131yafet mi? Sorun ibadet mi? Sorun hastane mi?\u201d diyen Bakan \u015eahin, \u015funlar\u0131 kaydetti:<\/p>\n<p style=\"text-align: justify;\">\u201cHavadan geziyorum b\u00f6lgeyi, bir \u015fantiye halinde. Karadan geziyorum b\u00f6lgeyi, her taraf imar halinde. Bir \u015fey eksik, halka zorla sand\u0131k ba\u015f\u0131na y\u00f6nlendirilerek verdirilen oylarla se\u00e7ilmi\u015f belediyelerin pislikleri ortada dolan\u0131yor o b\u00f6lgede. Bir \u015fey eksik o. Hakkari&#8217;ye gidiyorum. Belediye Ba\u015fkan\u0131na \u00f6rg\u00fct, hangi \u00f6rg\u00fct? Ezberlediniz art\u0131k, KCK. Ne demek bu KCK bilirsiniz. K\u00fcrtleri cebren k\u00f6lele\u015ftirme hareketi. Emir veriyor Y\u00fcksekova Belediye Ba\u015fkan\u0131&#8217;na, &#8216;\u0130\u00e7i\u015fleri Bakan\u0131 geliyor. B\u00f6lgeyi terk edin.&#8217; Niye? \u0130\u00e7i\u015fleri Bakan\u0131 gelecek. Hakkari&#8217;de kanalizasyon yok. Her taraf\u0131 pislik g\u00f6t\u00fcr\u00fcyor.<\/p>\n<p style=\"text-align: justify;\">Ben de gidiyorum. Hakkari&#8217;nin kanalizasyonunu birlikte belediye ba\u015fkan\u0131 ile konu\u015fal\u0131m diye. Tarih ne zaman? Bu kay\u0131tlar gidecek onlara. 14 A\u011fustos g\u00fcn\u00fc Hakkari&#8217;ye gidece\u011fim. Y\u00fcksekova&#8217;n\u0131n i\u00e7me suyu yok. \u0130nsanlar gayri medeni bir \u015fekilde ya\u015f\u0131yorlar. Gecekondu \u015fehri. Her taraf\u0131n\u0131 toz, kirlilik g\u00f6t\u00fcr\u00fcyor. Ama orada bir partinin belediyesi var. Halka bak\u0131yorsun, masum. Nas\u0131l olmu\u015f? S\u00f6z\u00fcm ona demokrasi. Ad\u0131 bar\u0131\u015f, soyad\u0131 demokrasi. Ne dedim bir zamanlar. Tersten okursan\u0131z ne oldu\u011funu \u00e7ok iyi anlars\u0131n\u0131z. Form\u00fcl\u00fcn\u00fc s\u00f6yledim. Bar\u0131\u015f dedikleri yerde \u00f6ld\u00fcrme, demokrasi dedikleri yerde zul\u00fcm. B\u00f6yle okursan\u0131z, meseleyi kavrars\u0131n\u0131z. Hakkari&#8217;ye gidiyor devletin \u0130\u00e7i\u015fleri Bakan\u0131, kanalizasyonu ve suyu \u00e7\u00f6zmek i\u00e7in.<\/p>\n<p style=\"text-align: justify;\">B\u00fct\u00fcn samimiyetimle gidiyorum. Ondan sonra da do\u011fal olarak b\u00fct\u00fcn yetkimi kullan\u0131yorum ve diyorum ki acaba bu Hakkari bu kadar rezil daha \u00f6nceden Hakkari&#8217;de tefti\u015f yapm\u0131\u015f bir devlet memuruydum. O zaman\u0131n Hakkari&#8217;si \u015fimdi ki Hakkari&#8217;sinden \u00e7ok daha bak\u0131ml\u0131, \u00e7ok daha medeni bir \u015fehirdi inan\u0131n. Bug\u00fcn karmakar\u0131\u015f\u0131k. Vali bey yol yapacak, kald\u0131r\u0131m yapacak. O m\u00fcteahhitlere sald\u0131racaklar, tehdit edecekler. Nedir istedi\u011fin o zaman? Yat\u0131r\u0131m m\u0131? \u0130stedi\u011fin kadar. \u00d6zg\u00fcrl\u00fck m\u00fc? S\u0131n\u0131rs\u0131z. Ne kadar biliyor musunuz? B\u00f6lmek istedi\u011fin \u00fclkenin, b\u00f6l\u00fcnmesi i\u00e7in \u00e7al\u0131\u015facak kadar \u00f6zg\u00fcrl\u00fck var orada.\u201d<\/p>\n<p style=\"text-align: justify;\">Bakan \u015eahin ayr\u0131ca \u00f6rg\u00fct\u00fcn yap\u0131s\u0131n\u0131n farkl\u0131 \u0131rklardan bir araya getirilerek ortak payda da bulu\u015fturulduklar\u0131n\u0131 belirterek, \u201cO ortak paydan\u0131n \u00f6zellikleri de dinsizlik ve inan\u00e7s\u0131zl\u0131k\u201d dedi. Bakan \u015eahin Ordu&#8217;daki temaslar\u0131n\u0131n ard\u0131ndan kara yolu ile \u00f6nce Samsun&#8217;a, daha sonra da u\u00e7akla \u0130stanbul&#8217;a hareket etti.<\/p>\n<p style=\"text-align: justify;\"><a href=\"http:\/\/www.radikal.com.tr\/Radikal.aspx?aType=RadikalDetayV3&amp;ArticleID=1068841&amp;Date=07.11.2011&amp;CategoryID=78\" target=\"_blank\">Kaynak : Radikal.com.tr<\/a><\/p>\n","protected":false},"excerpt":{"rendered":"<p style=\"text-align: center;\">\n<p style=\"text-align: justify;\">\u0130\u00e7i\u015fleri Bakan\u0131 \u0130dris Naim \u015eahin, K\u00fcrt insan\u0131n\u0131n esas itibariyle herhangi bir sorunu olmad\u0131\u011f\u0131n\u0131 dile getirerek, &#8220;Sorun sorun diyorlar. Sorun nedir yani? Sorun yol mu? Sorun \u015fark\u0131 m\u0131? Sorun k\u0131yafet mi? Sorun ibadet mi? Sorun hastane mi? Ben ar\u0131yorum sorunu bulam\u0131yorum&#8221; dedi.<\/p>\n","protected":false},"author":1,"featured_media":0,"comment_status":"open","ping_status":"open","sticky":false,"template":"","format":"standard","meta":{"footnotes":""},"categories":[105],"tags":[],"class_list":["post-42070","post","type-post","status-publish","format-standard","hentry","category-gundem","odd"],"_links":{"self":[{"href":"http:\/\/www.korhanyilmaz.com\/index.php?rest_route=\/wp\/v2\/posts\/42070","targetHints":{"allow":["GET"]}}],"collection":[{"href":"http:\/\/www.korhanyilmaz.com\/index.php?rest_route=\/wp\/v2\/posts"}],"about":[{"href":"http:\/\/www.korhanyilmaz.com\/index.php?rest_route=\/wp\/v2\/types\/post"}],"author":[{"embeddable":true,"href":"http:\/\/www.korhanyilmaz.com\/index.php?rest_route=\/wp\/v2\/users\/1"}],"replies":[{"embeddable":true,"href":"http:\/\/www.korhanyilmaz.com\/index.php?rest_route=%2Fwp%2Fv2%2Fcomments&post=42070"}],"version-history":[{"count":0,"href":"http:\/\/www.korhanyilmaz.com\/index.php?rest_route=\/wp\/v2\/posts\/42070\/revisions"}],"wp:attachment":[{"href":"http:\/\/www.korhanyilmaz.com\/index.php?rest_route=%2Fwp%2Fv2%2Fmedia&parent=42070"}],"wp:term":[{"taxonomy":"category","embeddable":true,"href":"http:\/\/www.korhanyilmaz.com\/index.php?rest_route=%2Fwp%2Fv2%2Fcategories&post=42070"},{"taxonomy":"post_tag","embeddable":true,"href":"http:\/\/www.korhanyilmaz.com\/index.php?rest_route=%2Fwp%2Fv2%2Ftags&post=42070"}],"curies":[{"name":"wp","href":"https:\/\/api.w.org\/{rel}","templated":true}]}}