{"id":42066,"date":"2011-11-07T16:46:07","date_gmt":"2011-11-07T14:46:07","guid":{"rendered":"http:\/\/www.korhanyilmaz.com\/?p=42066"},"modified":"2011-11-07T19:54:54","modified_gmt":"2011-11-07T17:54:54","slug":"kck-operasyonlarini-elestirenleri-uyariyorum","status":"publish","type":"post","link":"http:\/\/www.korhanyilmaz.com\/?p=42066","title":{"rendered":"&#8216;KCK operasyonlar\u0131n\u0131 ele\u015ftirenleri uyar\u0131yorum&#8217;"},"content":{"rendered":"<p style=\"text-align: center;\"><a href=\"http:\/\/www.korhanyilmaz.com\/wp-content\/uploads\/2011\/11\/7005.jpg\"  class=\"lightview\"><img loading=\"lazy\" decoding=\"async\" class=\"aligncenter  wp-image-42067\" src=\"http:\/\/www.korhanyilmaz.com\/wp-content\/uploads\/2011\/11\/7005.jpg\" alt=\"\" width=\"322\" height=\"241\" \/><\/a><\/p>\n<p style=\"text-align: justify;\">Ba\u015fbakan Recep Tayyip Erdo\u011fan, KCK&#8217;ye y\u00f6nelik son operasyonlarla ilgili &#8220;Kimse bizden bunun da durmas\u0131n\u0131 beklemesin. KCK operasyonlar\u0131n\u0131 ele\u015ftirenleri uyar\u0131yorum&#8221; dedi.<\/p>\n<p style=\"text-align: justify;\">Rize- Rize&#8217;de halka hitap eden Ba\u015fbakan Recep Tayyip Erdo\u011fan, ter\u00f6r \u00f6rg\u00fct\u00fcnce \u00c7ukurca&#8217;da 25 askerin \u015fehit edilmesinin ard\u0131ndan, gerek i\u00e7erde, gerek d\u0131\u015farda bir \u00e7ok operasyon yapt\u0131klar\u0131n\u0131 hat\u0131rlatt\u0131.\u00a0<!--more--><\/p>\n<p style=\"text-align: justify;\">Erdo\u011fan, \u015f\u00f6yle konu\u015ftu: &#8221;Durmayaca\u011f\u0131z, yapmaya da devam edece\u011fiz. Bu konuda da bir \u015fey s\u00f6yl\u00fcyorum, \u00e7ok a\u00e7\u0131k net s\u00f6yl\u00fcyorum: Kimse ama kimse ister k\u0131rsalda, ister \u015fehir i\u00e7inde askerimizle polisimiz aras\u0131nda bir meslek rekabeti olu\u015fturmaya \u00e7al\u0131\u015fmas\u0131n. Bu her iki kurulu\u015fumuz da el ele omuz omuza ter\u00f6rle m\u00fccadeleyi s\u00fcrd\u00fcrmektedir. Birisi \u00f6nde, birisi geride diye bir \u015fey yok. Her ikisi de &#8216;Her \u015fey vatan i\u00e7in, her \u015fey T\u00fcrkiye i\u00e7in, her \u015fey milletimiz i\u00e7in&#8217; diyerek bu \u00e7al\u0131\u015fmay\u0131 s\u00fcrd\u00fcr\u00fcyor ve b\u00f6yle s\u00fcrd\u00fcrece\u011fiz. Bu m\u00fccadelemiz istihbarat payla\u015f\u0131m\u0131yla ba\u015flam\u0131\u015ft\u0131r, ayn\u0131 \u015fekilde devam etmektedir devam edecektir.&#8221;<\/p>\n<p style=\"text-align: justify;\"><strong>&#8216;KCK&#8217;y\u0131 iyi tan\u0131man\u0131z laz\u0131m&#8217;\u00a0<\/strong><\/p>\n<p style=\"text-align: justify;\">Erdo\u011fan, KCK&#8217;ye y\u00f6nelik son operasyonlara da de\u011findi\u011fi konu\u015fmas\u0131nda \u015funlar\u0131 belirtti: &#8221;Son KCK operasyonlar\u0131&#8230;Kimse bizden bunun da durmas\u0131n\u0131 beklemesin. KCK operasyonlar\u0131n\u0131 ele\u015ftirenlere uyar\u0131m\u0131 ben yine yap\u0131yorum: KCK&#8217;y\u0131 iyi tan\u0131man\u0131z laz\u0131m. \u0130yi tan\u0131m\u0131yorsan\u0131z ehillerinden iyi \u00f6\u011frenmeniz laz\u0131m. KCK&#8217;n\u0131n nereye vard\u0131\u011f\u0131n\u0131 bilmeden ve bu i\u015fin i\u00e7erisinde kimlerin ne t\u00fcr rol \u00fcstlendi\u011fini bilmeden yapt\u0131\u011f\u0131n\u0131z a\u00e7\u0131klamalar, ister medyada olsun, ister \u015furada, ister burada olsun; nerede olursa olsun ter\u00f6re destektir, ter\u00f6re hizmettir. Bu kadar a\u00e7\u0131k konu\u015fuyorum. \u00c7\u00fcnk\u00fc biz devletin i\u00e7inde devlete paralel bir devlet anlay\u0131\u015f\u0131na m\u00fcsaade edemeyiz. T\u00fcrkiye&#8217;de tek devlet vard\u0131r, o da T\u00fcrkiye Cumhuriyeti Devleti&#8217;dir. \u0130kinci bir devlet olamaz. Bu ifadelerim sebebiyle beni &#8216;devlet\u00e7i, milliyet\u00e7i&#8217; diye ifade edenler varsa, bu ifadeleri kullanmak devlet\u00e7ilikse, milliyet\u00e7ilikse evet, devlet\u00e7iyim, milliyet\u00e7iyim. \u00c7\u00fcnk\u00fc biz bu ger\u00e7ekleri ortaya koymaya mecburuz.&#8221;<\/p>\n<p style=\"text-align: justify;\">Rize&#8217;de halka hitap eden Erdo\u011fan, etnik unsurlar\u0131n birbirlerine \u00fcst\u00fcnl\u00fc\u011f\u00fcn\u00fcn olmad\u0131\u011f\u0131n\u0131 vurgulayarak, \u015funlar\u0131 kaydetti: &#8221;Biz birbirini Allah i\u00e7in seven, bu vatan i\u00e7in seven bir milletiz ve tarih boyunca bunun i\u00e7in bu m\u00fccadeleyi vermi\u015fiz. Dolay\u0131s\u0131yla bundan geri duramay\u0131z. Atalar\u0131m\u0131z hep b\u00f6yle y\u00fcr\u00fcm\u00fc\u015fler, bu yollarda b\u00f6yle y\u00fcr\u00fcm\u00fc\u015fler. Onun i\u00e7in de nerelere kadar gitti\u011fini biliyorsunuz. Biz birbirimizi sevece\u011fiz. T\u00fcrk&#8217;\u00fcn K\u00fcrt&#8217;e, K\u00fcrd&#8217;\u00fcn T\u00fcrk&#8217;e \u00fcst\u00fcnl\u00fc\u011f\u00fc yok. \u00dcst\u00fcnl\u00fc\u011f\u00fcn \u015fartlar\u0131 bellidir.&#8221;<\/p>\n<p style=\"text-align: justify;\">T\u00fcrkiye Cumhuriyeti olan her ferdin hakk\u0131n\u0131, hukukunu koruman\u0131n kendileri i\u00e7in g\u00f6rev oldu\u011funu ifade eden Ba\u015fbakan Erdo\u011fan, s\u00f6zlerini \u015f\u00f6yle s\u00fcrd\u00fcrd\u00fc: &#8221;Hi\u00e7bir etnik unsurun bir di\u011fer etnik unsura \u00fcst\u00fcnl\u00fc\u011f\u00fcn\u00fc kabul etmiyoruz. Bizim tek derdimiz var; biz T\u00fcrk&#8217;e ne kadar sayg\u0131 duyuyorsak K\u00fcrt&#8217;e de o kadar sayg\u0131 duyar\u0131z. Laz&#8217;a da o kadar sayg\u0131 duyar\u0131z. Bak Rize&#8217;de konu\u015fuyorum. Laz&#8217;a da o kadar sayg\u0131 duyar\u0131z. Bak G\u00fcrcistan&#8217;\u0131n yan\u0131nda konu\u015fuyorum. Ama i\u00e7imizde G\u00fcrc\u00fcler de var, G\u00fcrc\u00fc&#8217;ye de o kadar. Abhaz&#8217;a da o kadar, Roman&#8217;a da o kadar, Arnavut&#8217;a da o kadar sayg\u0131 g\u00f6steririz. Bu \u00fclkede kim varsa, hepsi bu \u00fclkenin vatanda\u015f\u0131ysa, T\u00fcrkiye Cumhuriyeti vatanda\u015f\u0131 olan her fert bizim can\u0131m\u0131zd\u0131r, ci\u011ferimizdir. Onlar\u0131n hakk\u0131n\u0131, hukukunu korumak bizim i\u00e7in bir g\u00f6revdir ve bu g\u00f6revi yapaca\u011f\u0131z.&#8221;<\/p>\n<p style=\"text-align: justify;\">T\u00fcrkiye&#8217;nin de\u011fi\u015fti\u011fine dikkati \u00e7eken Erdo\u011fan, \u015funlar\u0131 s\u00f6yledi: &#8221;Ama bizim sevgimizi dinamitlemek isteyenler var. Buna f\u0131rsat vermeyelim. Karde\u015fli\u011fimizi dinamitlemek isteyenler var. Buna f\u0131rsat vermeyelim. Biz karde\u015fiz. En b\u00fcy\u00fck zenginli\u011fimiz bu. Bu karde\u015fli\u011fimizi dinamitlemek isteyenlere in\u015fallah f\u0131rsat vermeyece\u011fiz. \u0130\u015fte bu bayram asl\u0131nda bu karde\u015fli\u011fi dinamitlemek isteyenlere en g\u00fczel cevapt\u0131r.&#8221;<\/p>\n<p style=\"text-align: justify;\"><strong>&#8216;Enkaz kald\u0131ma \u00e7al\u0131\u015fmalar\u0131n\u0131 da bitirmek \u00fczereyiz&#8217;\u00a0<\/strong><\/p>\n<p style=\"text-align: justify;\">Ba\u015fbakan Erdo\u011fan, bayram\u0131n t\u00fcm insanl\u0131k i\u00e7in, \u0130slam aleminin bar\u0131\u015f\u0131, karde\u015fli\u011fi i\u00e7in hay\u0131rlara vesile olmas\u0131 temennisinde bulundu. Van&#8217;da meydana gelen deprem felaketinde hayat\u0131n\u0131 kaybedenlere Allah&#8217;tan rahmet, yaralananlara acil \u015fifalar dileyen Ba\u015fbakan Erdo\u011fan, \u015f\u00f6yle konu\u015ftu: &#8221;\u015eu ana kadar Van&#8217;la ilgili h\u00fck\u00fcmet olarak, t\u00fcm sivil toplum \u00f6rg\u00fctleri olarak, elimizden gelen b\u00fct\u00fcn gayreti g\u00f6sterdik, g\u00f6steriyoruz, g\u00f6sterece\u011fiz. Bildi\u011finiz gibi \u00e7ok k\u0131sa bir s\u00fcrede arama kurtarma \u00e7al\u0131\u015fmalar\u0131n\u0131 sona erdirdik. 10 g\u00fcn gibi bir s\u00fcrede arama kurtarma \u00e7al\u0131\u015fmalar\u0131 bitti, \u015fimdi ise enkaz kald\u0131rma \u00e7al\u0131\u015fmalar\u0131n\u0131 da bitirmek \u00fczereyiz. Ge\u00e7ici konutlar\u0131n, \u00e7ad\u0131r gibi, Mevlana Evleri gibi, bunun yan\u0131nda konteynerler gibi k\u00f6ylere var\u0131ncaya kadar, bunlar\u0131n da t\u00fcm yap\u0131lar\u0131 in\u015fallah en ge\u00e7 \u00f6n\u00fcm\u00fczdeki ay\u0131n ortalar\u0131na kadar bitirece\u011fiz. \u00c7ad\u0131r olarak \u015fu ana kadar yakla\u015f\u0131k 50 bin civar\u0131nda \u00e7ad\u0131r da\u011f\u0131tt\u0131k. Mevlana Evleri&#8217;nin, konteynerlerin in\u015fas\u0131 devam ediyor. M\u00fcmk\u00fcn oldu\u011funca kara a\u00e7\u0131k b\u00f6lgelerde, konteynerleri, Mevlana Evleri&#8217;ni tercih ediyoruz ve vatanda\u015flar\u0131m\u0131z\u0131 bu karda k\u0131\u015fta a\u00e7\u0131k b\u0131rakmaman\u0131n gayreti i\u00e7erisindeyiz.&#8221;<\/p>\n<p style=\"text-align: justify;\">&#8221;B\u00fct\u00fcn bunlar\u0131 yaparken, yurt d\u0131\u015f\u0131ndan bizim bu deprem felaketine duyarl\u0131 olan t\u00fcm \u00fclkelerin devlet ba\u015fkanlar\u0131na, h\u00fck\u00fcmet ba\u015fkanlar\u0131na, daha do\u011frusu milletlere T\u00fcrkiye olarak bizler de kalbi muhabbetlerimizi bildiriyoruz&#8221; diyen Ba\u015fbakan Erdo\u011fan, \u015funlar\u0131 kaydetti: &#8221;Tabii buralarda kal\u0131c\u0131 konutlar\u0131m\u0131z\u0131 da in\u015fallah, fevkalade bir hal olmazsa temmuz sonuna kadar kal\u0131c\u0131 konutlar\u0131 yeti\u015ftirmeyi hedefliyoruz. \u015eu anda ihaleler bitiriliyor, s\u00fcratle in\u015faat \u00e7al\u0131\u015fmalar\u0131na ba\u015flayaca\u011f\u0131z. Nasip olursa cuma, cumartesi g\u00fcnleri ben de arkada\u015flar\u0131mla beraber orada olaca\u011f\u0131m. Bildi\u011finiz gibi bayram\u0131n birinci g\u00fcn\u00fc Cumhurba\u015fkan\u0131m\u0131z oradayd\u0131. S\u00fcrekli bakan arkada\u015flar\u0131m Van ve Erci\u015f&#8217;te. En az iki bakan arkada\u015f\u0131m s\u00fcrekli orada, milletvekillerimiz orada, b\u00fcrokrat arkada\u015flar\u0131m\u0131z orada asla Van&#8217;\u0131 Erci\u015f&#8217;i yaln\u0131z b\u0131rakmad\u0131k, b\u0131rakmayaca\u011f\u0131z. \u015eunu bilmenizi istiyorum. &#8216;Devlet nerede?&#8217; diyenler d\u00fcr\u00fcst davranm\u0131yorlar. Hepsi kesinlikle yalan s\u00f6yl\u00fcyorlar. Ve bunlar\u0131n art niyetli baz\u0131 \u00e7evreler oldu\u011funu sizler de zaten biliyorsunuz. \u015eahs\u0131m, deprem oldu\u011fu anda bakan arkada\u015flar\u0131mla beraber oradayd\u0131k ve gece yar\u0131s\u0131 saat 04.00&#8217;e kadar orada enkazlarda arkada\u015flar\u0131mla beraber dola\u015ft\u0131m, planlamay\u0131 yapt\u0131ktan sonra da Van&#8217;dan ayr\u0131ld\u0131m. \u00c7\u00fcnk\u00fc benim orada kalmam oradaki \u00e7al\u0131\u015fmalar\u0131 erteleyecekti. Onun i\u00e7in arkada\u015flar\u0131m\u0131z\u0131 g\u00f6revlendirip, ayr\u0131lmak suretiyle ondan sonra Ankara&#8217;dan \u0130stanbul&#8217;dan her yerden takip ettik. Bu bizim deprem felaketiyle ilgili ilk imtihan\u0131m\u0131z de\u011fil. Biz bu imtihan\u0131 Bing\u00f6l&#8217;de de \u00e7ok ba\u015far\u0131l\u0131 verdik. Bing\u00f6l&#8217;de adeta yeni bir Bing\u00f6l in\u015fa ettik. Erzurum H\u0131n\u0131s&#8217;ta, Horasan&#8217;da \u00e7ok ba\u015far\u0131yla verdik. Ayn\u0131 \u015fekilde Sakarya&#8217;da kalan b\u00fct\u00fcn \u00e7al\u0131\u015fmalar\u0131 hamd olsun y\u00fcr\u00fctt\u00fck, hala da y\u00fcr\u00fct\u00fcyoruz. B\u00f6yle bir durum var. Bunun d\u0131\u015f\u0131nda \u00e7e\u015fitli afetlerde, Simav&#8217;da ayn\u0131 \u015fekilde an\u0131nda oradayd\u0131k ve \u00e7al\u0131\u015fmalar\u0131m\u0131z yo\u011fun bir \u015fekilde orada da y\u00fcr\u00fcyor ve akl\u0131n\u0131za neresi gelirse. \u00c7\u00fcnk\u00fc biz sevgili hem\u015fehrilerim, dertliyiz, biz rahat durmay\u0131z, biz efendi de\u011filiz, biz bu milletin hizmetkar\u0131y\u0131z. Deprem \u00e7al\u0131\u015fmalar\u0131nda eme\u011fi ge\u00e7en devlet kurulu\u015flar\u0131m\u0131z, silahl\u0131 kuvvetlerimiz, emniyet te\u015fkilat\u0131m\u0131z ile AFAD, AKUT gibi benzeri t\u00fcm sivil toplum kurulu\u015flar\u0131, hep beraber el ele verdiler ve bu b\u00fcy\u00fck bir m\u00fccadele ile bu i\u015fin alt\u0131ndan kalkt\u0131k.&#8221;<\/p>\n<p style=\"text-align: justify;\"><a href=\"http:\/\/www.cumhuriyet.com.tr\/?hn=291420\" target=\"_blank\">Kaynak : Cumhuriyet Haber Portal\u0131<\/a><\/p>\n","protected":false},"excerpt":{"rendered":"<p style=\"text-align: center;\">\n<p style=\"text-align: justify;\">Ba\u015fbakan Recep Tayyip Erdo\u011fan, KCK&#8217;ye y\u00f6nelik son operasyonlarla ilgili &#8220;Kimse bizden bunun da durmas\u0131n\u0131 beklemesin. KCK operasyonlar\u0131n\u0131 ele\u015ftirenleri uyar\u0131yorum&#8221; dedi.<\/p>\n<p style=\"text-align: justify;\">Rize- Rize&#8217;de halka hitap eden Ba\u015fbakan Recep Tayyip Erdo\u011fan, ter\u00f6r \u00f6rg\u00fct\u00fcnce \u00c7ukurca&#8217;da 25 askerin \u015fehit edilmesinin ard\u0131ndan, gerek i\u00e7erde, gerek d\u0131\u015farda bir \u00e7ok operasyon yapt\u0131klar\u0131n\u0131 hat\u0131rlatt\u0131. <\/p>\n","protected":false},"author":1,"featured_media":0,"comment_status":"open","ping_status":"open","sticky":false,"template":"","format":"standard","meta":{"footnotes":""},"categories":[105],"tags":[],"class_list":["post-42066","post","type-post","status-publish","format-standard","hentry","category-gundem","odd"],"_links":{"self":[{"href":"http:\/\/www.korhanyilmaz.com\/index.php?rest_route=\/wp\/v2\/posts\/42066","targetHints":{"allow":["GET"]}}],"collection":[{"href":"http:\/\/www.korhanyilmaz.com\/index.php?rest_route=\/wp\/v2\/posts"}],"about":[{"href":"http:\/\/www.korhanyilmaz.com\/index.php?rest_route=\/wp\/v2\/types\/post"}],"author":[{"embeddable":true,"href":"http:\/\/www.korhanyilmaz.com\/index.php?rest_route=\/wp\/v2\/users\/1"}],"replies":[{"embeddable":true,"href":"http:\/\/www.korhanyilmaz.com\/index.php?rest_route=%2Fwp%2Fv2%2Fcomments&post=42066"}],"version-history":[{"count":0,"href":"http:\/\/www.korhanyilmaz.com\/index.php?rest_route=\/wp\/v2\/posts\/42066\/revisions"}],"wp:attachment":[{"href":"http:\/\/www.korhanyilmaz.com\/index.php?rest_route=%2Fwp%2Fv2%2Fmedia&parent=42066"}],"wp:term":[{"taxonomy":"category","embeddable":true,"href":"http:\/\/www.korhanyilmaz.com\/index.php?rest_route=%2Fwp%2Fv2%2Fcategories&post=42066"},{"taxonomy":"post_tag","embeddable":true,"href":"http:\/\/www.korhanyilmaz.com\/index.php?rest_route=%2Fwp%2Fv2%2Ftags&post=42066"}],"curies":[{"name":"wp","href":"https:\/\/api.w.org\/{rel}","templated":true}]}}