{"id":42061,"date":"2011-11-06T20:50:32","date_gmt":"2011-11-06T18:50:32","guid":{"rendered":"http:\/\/www.korhanyilmaz.com\/?p=42061"},"modified":"2011-11-07T21:27:59","modified_gmt":"2011-11-07T19:27:59","slug":"bakan-erginin-yeni-hali-sasirtti","status":"publish","type":"post","link":"http:\/\/www.korhanyilmaz.com\/?p=42061","title":{"rendered":"Bakan Ergin&#8217;in yeni hali \u015fa\u015f\u0131rtt\u0131"},"content":{"rendered":"<p style=\"text-align: justify;\"><a href=\"http:\/\/www.korhanyilmaz.com\/wp-content\/uploads\/2011\/11\/7004.jpg\"  class=\"lightview\"><img loading=\"lazy\" decoding=\"async\" class=\"aligncenter size-full wp-image-42062\" title=\"\" src=\"http:\/\/www.korhanyilmaz.com\/wp-content\/uploads\/2011\/11\/7004.jpg\" alt=\"\" width=\"292\" height=\"221\" \/><\/a><\/p>\n<p style=\"text-align: justify;\">Adalet Bakan\u0131 Sadullah Ergin, Kurban Bayram\u0131&#8217;n\u0131 se\u00e7im b\u00f6lgesi Hatay&#8217;da ge\u00e7irirken, huzurevinde ya\u015fl\u0131lar ve yurt \u00e7ocuklar\u0131yla bayramla\u015ft\u0131. Bakan Ergin&#8217;in b\u0131y\u0131ks\u0131z hali dikkat \u00e7ekti.<!--more--><\/p>\n<p style=\"text-align: justify;\">(DHA) &#8212; Beraberinde Hatay Valisi Mehmet Celalettin Lekesiz, AK Parti Hatay Milletvekili Adem Ye\u015fildal, Garnizon Komutan\u0131 Albay Semih Erdo\u011fan, Antakya Belediye Ba\u015fkan\u0131 L\u00fctf\u00fc Sava\u015f oldu\u011fu halde Serinyol Huzurevi Ya\u015fl\u0131 Bak\u0131m ve Rehabilitasyon Merkezi&#8217;ne giden Adalet Bakan\u0131 Sadullah Ergin, huzurevinin bah\u00e7esinde ya\u015fl\u0131lar ve Sosyal Hizmetler \u00c7ocuk Esirgeme Kurumu&#8217;nda (SH\u00c7EK) kalan \u00e7ocuklarla bayramla\u015ft\u0131.<\/p>\n<p style=\"text-align: justify;\">Ergin, Kurban Bayram\u0131&#8217;n\u0131n herkese hay\u0131rlar getirmesini, en k\u00f6t\u00fc g\u00fcn\u00fcn bayram tad\u0131nda olmas\u0131n\u0131 diledi.<\/p>\n<p style=\"text-align: justify;\">Ergin, bayramla\u015fma t\u00f6reninde ya\u015fl\u0131lara ve yurt \u00e7ocuklar\u0131na da \u00e7e\u015fitli hediyeler verdi.<\/p>\n<p style=\"text-align: justify;\">Uzun zamand\u0131r b\u0131y\u0131kl\u0131 haliyle bilinen Bakan Ergin&#8217;in Kurban Bayram\u0131&#8217;nda b\u0131y\u0131ks\u0131z g\u00f6r\u00fcnt\u00fc vermesi dikkatlerden ka\u00e7mad\u0131.<\/p>\n<p style=\"text-align: justify;\">Ergin&#8217;in yeni imaj\u0131n\u0131 bayramla\u015fma t\u00f6renine kat\u0131lanlar tebess\u00fcmle kar\u015f\u0131lad\u0131.<\/p>\n<p style=\"text-align: justify;\"><a href=\"http:\/\/www.cnnturk.com\/2011\/guncel\/11\/06\/bakan.erginin.yeni.hali.sasirtti\/635888.0\/index.html\" target=\"_blank\">Kaynak : CNN T\u00dcRK<\/a><\/p>\n","protected":false},"excerpt":{"rendered":"<p style=\"text-align: justify;\">\n<p style=\"text-align: justify;\">Adalet Bakan\u0131 Sadullah Ergin, Kurban Bayram\u0131&#8217;n\u0131 se\u00e7im b\u00f6lgesi Hatay&#8217;da ge\u00e7irirken, huzurevinde ya\u015fl\u0131lar ve yurt \u00e7ocuklar\u0131yla bayramla\u015ft\u0131. Bakan Ergin&#8217;in b\u0131y\u0131ks\u0131z hali dikkat \u00e7ekti.<\/p>\n","protected":false},"author":1,"featured_media":0,"comment_status":"open","ping_status":"open","sticky":false,"template":"","format":"standard","meta":{"footnotes":""},"categories":[105],"tags":[],"class_list":["post-42061","post","type-post","status-publish","format-standard","hentry","category-gundem","odd"],"_links":{"self":[{"href":"http:\/\/www.korhanyilmaz.com\/index.php?rest_route=\/wp\/v2\/posts\/42061","targetHints":{"allow":["GET"]}}],"collection":[{"href":"http:\/\/www.korhanyilmaz.com\/index.php?rest_route=\/wp\/v2\/posts"}],"about":[{"href":"http:\/\/www.korhanyilmaz.com\/index.php?rest_route=\/wp\/v2\/types\/post"}],"author":[{"embeddable":true,"href":"http:\/\/www.korhanyilmaz.com\/index.php?rest_route=\/wp\/v2\/users\/1"}],"replies":[{"embeddable":true,"href":"http:\/\/www.korhanyilmaz.com\/index.php?rest_route=%2Fwp%2Fv2%2Fcomments&post=42061"}],"version-history":[{"count":0,"href":"http:\/\/www.korhanyilmaz.com\/index.php?rest_route=\/wp\/v2\/posts\/42061\/revisions"}],"wp:attachment":[{"href":"http:\/\/www.korhanyilmaz.com\/index.php?rest_route=%2Fwp%2Fv2%2Fmedia&parent=42061"}],"wp:term":[{"taxonomy":"category","embeddable":true,"href":"http:\/\/www.korhanyilmaz.com\/index.php?rest_route=%2Fwp%2Fv2%2Fcategories&post=42061"},{"taxonomy":"post_tag","embeddable":true,"href":"http:\/\/www.korhanyilmaz.com\/index.php?rest_route=%2Fwp%2Fv2%2Ftags&post=42061"}],"curies":[{"name":"wp","href":"https:\/\/api.w.org\/{rel}","templated":true}]}}