{"id":42056,"date":"2011-11-06T18:03:51","date_gmt":"2011-11-06T16:03:51","guid":{"rendered":"http:\/\/www.korhanyilmaz.com\/?p=42056"},"modified":"2011-11-06T23:31:56","modified_gmt":"2011-11-06T21:31:56","slug":"corabim-yok-cumhurbaskanim","status":"publish","type":"post","link":"http:\/\/www.korhanyilmaz.com\/?p=42056","title":{"rendered":"&#8216;\u00c7orab\u0131m yok Cumhurba\u015fkan\u0131m&#8217;"},"content":{"rendered":"<p style=\"text-align: center;\"><a href=\"http:\/\/www.korhanyilmaz.com\/wp-content\/uploads\/2011\/11\/7003.jpg\"  class=\"lightview\"><img loading=\"lazy\" decoding=\"async\" class=\"aligncenter  wp-image-42057\" src=\"http:\/\/www.korhanyilmaz.com\/wp-content\/uploads\/2011\/11\/7003.jpg\" alt=\"\" width=\"345\" height=\"266\" \/><\/a><\/p>\n<p style=\"text-align: justify;\">Cumhurba\u015fkan\u0131 Abdullah G\u00fcl, bayram namaz\u0131n\u0131 Van\u2019da depremzelerle birlikte k\u0131ld\u0131. G\u00fcl, &#8220;Tabi ki bu bayrama biraz buruk girdik. B\u00fcy\u00fck bir afet, depremle girdik. Onun ac\u0131s\u0131 hala tezedir. B\u00fct\u00fcn karde\u015flerime herkese ba\u015fsa\u011fl\u0131\u011f\u0131 diliyorum. Hayat\u0131n\u0131 kaybeden herkese Allah\u2019tan rahmet diliyorum&#8221; dedi.<!--more--><\/p>\n<p style=\"text-align: justify;\">Van\u2019da 23 Ekim g\u00fcn\u00fc meydana gelen ve 604 ki\u015finin \u00f6l\u00fcm\u00fcne neden olan Richter \u00f6l\u00e7e\u011fine g\u00f6re 7.2 b\u00fcy\u00fckl\u00fc\u011f\u00fcndeki depremin ard\u0131ndan Cumhurba\u015fkan\u0131 Abdullah G\u00fcl, Kurban Bayram\u0131\u2019n\u0131n ilk g\u00fcn\u00fc Van\u2019a geldi. Cumhurba\u015fkanl\u0131\u011f\u0131\u2019na ait \u2019Ana\u2019 u\u00e7a\u011f\u0131yla sabah\u0131n ilk \u0131\u015f\u0131klar\u0131nda Van Ferit Melet Havaalan\u0131\u2019na inen Cumhurba\u015fkan\u0131 G\u00fcl\u2019\u00fc, Ba\u015fbakan Yard\u0131mc\u0131s\u0131 Be\u015fir Atalay, Van Valisi M\u00fcnir Karalo\u011flu, Belediye Ba\u015fkan\u0131 BDP\u2019li Bekir Kaya, Van B\u00f6lge Asayi\u015f Kolordu Komutan\u0131 Korgeneral Y\u0131ld\u0131r\u0131m G\u00fcven\u00e7, Ak Parti Van miletvekilleri G\u00fcl\u015fen Orhan ve Mustafa Bilici kar\u015f\u0131lad\u0131.<\/p>\n<p style=\"text-align: justify;\"><strong>Bayram namaz\u0131 Ulu Camii\u2019nde\u00a0<\/strong><\/p>\n<p style=\"text-align: justify;\">Cumhurba\u015fkan\u0131 G\u00fcl, bayram namaz\u0131n\u0131 k\u0131lmak i\u00e7in s\u0131k\u0131 g\u00fcvelik \u00f6nlemleri alt\u0131nda ara\u00e7 trafi\u011fine kapat\u0131lan Ordu Caddesi \u00fczerinde bulunan Ulu Cami\u2019ye ge\u00e7ti. G\u00fcl\u2019e namazda Ba\u015fbakan Yard\u0131mc\u0131s\u0131 Be\u015fir Atalay, Vali M\u00fcnir Karalo\u011flu, Belediye Ba\u015fkan\u0131 Bekir Kaya ile Vanl\u0131lar e\u015flik etti. Diyanet \u0130\u015fleri Ba\u015fkan Yard\u0131mc\u0131s\u0131 Ekrem Kele\u015f\u2019in k\u0131ld\u0131rd\u0131\u011f\u0131 bayram namaz\u0131n\u0131n ard\u0131ndan G\u00fcl, cami \u00e7\u0131k\u0131\u015f\u0131 gazetecilere a\u00e7\u0131klamalarda bulundu. G\u00fcl, \u015funlar\u0131 s\u00f6yledi:<\/p>\n<p style=\"text-align: justify;\">&#8220;\u00d6nce herkesin bayram\u0131n\u0131 tebrik ediyorum. B\u00fct\u00fcn vatanda\u015flar\u0131m\u0131n \u00f6zellikle de Vanl\u0131 karde\u015flerimin bayram\u0131 m\u00fcbarek olsun. Tabi ki bu bayrama biraz buruk girdik. B\u00fcy\u00fck bir afet depremle girdik, onun ac\u0131s\u0131 hala tezedir. B\u00fct\u00fcn karde\u015flerime, herkese ba\u015fsa\u011fl\u0131\u011f\u0131 diliyorum. Hayat\u0131n\u0131 kaybeden herkese Allah\u2019tan rahmet diliyorum. Cenab\u0131 Allah b\u00fct\u00fcn afetlerden milletimizi, b\u00fct\u00fcn insanl\u0131\u011f\u0131 herkesi korusun. Tabii ki bayram\u0131n da ne oldu\u011funu bilmemiz gerekir. \u0130\u015fte esas bu g\u00fcnlerde bayramlar daha anlamal\u0131d\u0131r. Bug\u00fcnlerde herkesin birbiriyle daha \u00e7ok dayan\u0131\u015fmas\u0131, birbiri ile daha \u00e7ok karde\u015f oldu\u011funu hissetmesi, hepimizin b\u00fcy\u00fck bir millet oldu\u011fumuzu, bu milletin par\u00e7alar\u0131 ve fertleri olarak hepimizin birbirimizle \u00e7ok kucakla\u015fmam\u0131z gerekti\u011fi, ihtiyac\u0131 olanlara hepimizin hep beraber ko\u015fmam\u0131z ve kucaklamam\u0131z gerekti\u011fi bir g\u00fcnd\u00fcr. Bayram\u0131n anlam\u0131 budur. B\u00f6yle bir afet, b\u00f6yle \u00fcz\u00fcnt\u00fcl\u00fc ve b\u00f6yle buruk bayram olmasa da, zaten yapmam\u0131z gereken buydu. Ama bu bayrama hepimiz biraz maalesef \u00fczg\u00fcn girdik. Onun i\u00e7in bu g\u00f6revlerimizi, vazifalerimizi \u00e7ok daha iyi hat\u0131rlamam\u0131z gerekir. Ben bir kez daha hayat\u0131n\u0131 kaybedenlere Allah\u2019tan rahmet diliyorum. \u015eehitlerimize Allah\u2019tan rahmet diliyorum. B\u00fct\u00fcn vatanda\u015flar\u0131m\u0131n bayram\u0131n\u0131 kutluyorum.&#8221;<\/p>\n<p style=\"text-align: justify;\">Cumhurba\u015fkan\u0131 G\u00fcl, daha sonra \u00e7ad\u0131rkente ge\u00e7erek depremzedeleri ziyaret etti, onlarla bayramla\u015ft\u0131.<\/p>\n<p style=\"text-align: justify;\"><strong>&#8220;\u00c7orab\u0131m yok Cumhurba\u015fkan\u0131m&#8221;\u00a0<\/strong><\/p>\n<p style=\"text-align: justify;\">Cumhurba\u015fkan\u0131 G\u00fcl, baz\u0131 depremzedelerin yaz\u0131l\u0131 taleplerini alarak Cumhurba\u015fkanl\u0131\u011f\u0131 g\u00f6revlilerine verdi. Bu s\u0131rada Cumhurba\u015fkanl\u0131\u011f\u0131 yetkilileri de vatanda\u015flar\u0131n dile getirdi\u011fi talepleri not etti.<\/p>\n<p style=\"text-align: justify;\">G\u00fcl, Mevlana Evleri&#8217;nin k\u00fc\u00e7\u00fck olmas\u0131ndan yak\u0131nan depremzedelere banyo ve tuvaleti olan daha b\u00fcy\u00fck bar\u0131naklar\u0131n yak\u0131n zamanda g\u00f6nderilece\u011fi haberini verdi.<\/p>\n<p style=\"text-align: justify;\">Abdullah G\u00fcl, Mevlana Evleri&#8217;ni gezerken yak\u0131ndan ilgilendi\u011fi \u00e7ocuklarla hat\u0131ra foto\u011fraf\u0131 da \u00e7ektirdi, \u00e7orab\u0131 olmad\u0131\u011f\u0131n\u0131 s\u00f6yleyen bir k\u0131z \u00e7ocu\u011funa \u00e7orap verilmesini istedi.<\/p>\n<p style=\"text-align: justify;\">Cumhurba\u015fkan\u0131 G\u00fcl&#8217;\u00fcn korumalar\u0131, depremzede \u00e7ocuklara 10&#8217;ar lira bayram har\u00e7l\u0131\u011f\u0131 da\u011f\u0131tt\u0131.<\/p>\n<p style=\"text-align: justify;\">Engelli 2 \u00e7ocu\u011funun sa\u011fl\u0131k giderlerinin y\u00fcksek oldu\u011funu ve kendisinin de i\u015fsiz oldu\u011funu ifade eden bir baban\u0131n i\u015f talebi de G\u00fcl&#8217;\u00fcn talimat\u0131 \u00fczerine yetkililer taraf\u0131ndan not al\u0131nd\u0131.<\/p>\n<p style=\"text-align: justify;\"><strong>\u00c7ad\u0131rda depremzedelerle kahvalt\u0131\u00a0<\/strong><\/p>\n<p style=\"text-align: justify;\">Cumharba\u015fkan\u0131 Abdullah G\u00fcl, bayram namaz\u0131n\u0131 k\u0131ld\u0131ktan sonra S\u00fcphan Mahallesi\u2019nde depremzedelerin bar\u0131nd\u0131r\u0131ld\u0131\u011f\u0131 Mevlana evlerinin bulundu\u011fu \u00e7ad\u0131rkente ge\u00e7ti. G\u00fcl, depremzelere ge\u00e7mi\u015f olsun diyerek, bayramlarn\u0131 kutlad\u0131. G\u00fcl\u2019e \u00e7ocuklar b\u00fcy\u00fck ilgi g\u00f6sterirken, depremzedeler de sorunlar\u0131 anlatt\u0131. Depremzedelerle ayak\u00fcst\u00fc sohbet eden G\u00fcl, eksikliklerin en k\u0131sa s\u00fcrede giderilece\u011fini s\u00f6yledi. G\u00fcl bir Mevlana evinin \u00f6n\u00fcnde kundakdaki \u00e7ocuklu bir aileyi g\u00f6r\u00fcnce &#8220;\u0130\u00e7eriye girin, \u00e7ocuklar \u00fc\u015futmesin, dikkat edin&#8221; dedi. Cumhurba\u015fkan\u0131 G\u00fcl, burada yapt\u0131\u011f\u0131 k\u0131sa a\u00e7\u0131klamada \u015funlar\u0131 s\u00f6yledi:<\/p>\n<p style=\"text-align: justify;\">&#8220;Herkesten Allah raz\u0131 olsun. Deprem kolay de\u011fil. Ancak, kimse a\u00e7 a\u00e7\u0131kta de\u011fil. Bir iki ki\u015fi de\u011fil, \u00e7ok \u015f\u00fck\u00fcr s\u0131cak bir yuvan\u0131z var, eviniz var. Bunlar ge\u00e7ici. Bunlar\u0131n daha iyisi gelecek. Kademe kademe olacak. Sa\u011folsun halk\u0131m\u0131z\u0131 kadir\u015finas, Burada bakanlara, K\u0131z\u0131lay\u2019a, valiye eme\u011fi ge\u00e7en herkese te\u015fekk\u00fcr ediyorum. Eksiklikler vard\u0131r. Bunlar planl\u0131 programl\u0131 giderilecek.&#8221;<\/p>\n<p style=\"text-align: justify;\">Cumhurba\u015fkan\u0131 G\u00fcl, daha sonra \u00e7ad\u0131rda depremzedeler ile birlikte kahvalt\u0131 yapt\u0131. G\u00fcl, \u0130l Afet Acil durum M\u00fcd\u00fcrl\u00fc\u011f\u00fc\u2019ne ge\u00e7erek, Vali M\u00fcnir Karalo\u011flu\u2019ndan deprem sonras\u0131 yap\u0131lan \u00e7al\u0131\u015fmalar hakk\u0131nda brifing ald\u0131.<\/p>\n<p style=\"text-align: justify;\"><a href=\"http:\/\/www.cnnturk.com\/2011\/turkiye\/11\/06\/corabim.yok.cumhurbaskanim\/635853.0\/index.html\" target=\"_blank\">Kaynak : CNN T\u00dcRK<\/a><\/p>\n","protected":false},"excerpt":{"rendered":"<p style=\"text-align: center;\">\n<p style=\"text-align: justify;\">Cumhurba\u015fkan\u0131 Abdullah G\u00fcl, bayram namaz\u0131n\u0131 Van\u2019da depremzelerle birlikte k\u0131ld\u0131. G\u00fcl, &#8220;Tabi ki bu bayrama biraz buruk girdik. B\u00fcy\u00fck bir afet, depremle girdik. Onun ac\u0131s\u0131 hala tezedir. B\u00fct\u00fcn karde\u015flerime herkese ba\u015fsa\u011fl\u0131\u011f\u0131 diliyorum. Hayat\u0131n\u0131 kaybeden herkese Allah\u2019tan rahmet diliyorum&#8221; dedi.<\/p>\n","protected":false},"author":1,"featured_media":0,"comment_status":"open","ping_status":"open","sticky":false,"template":"","format":"standard","meta":{"footnotes":""},"categories":[105],"tags":[],"class_list":["post-42056","post","type-post","status-publish","format-standard","hentry","category-gundem","odd"],"_links":{"self":[{"href":"http:\/\/www.korhanyilmaz.com\/index.php?rest_route=\/wp\/v2\/posts\/42056","targetHints":{"allow":["GET"]}}],"collection":[{"href":"http:\/\/www.korhanyilmaz.com\/index.php?rest_route=\/wp\/v2\/posts"}],"about":[{"href":"http:\/\/www.korhanyilmaz.com\/index.php?rest_route=\/wp\/v2\/types\/post"}],"author":[{"embeddable":true,"href":"http:\/\/www.korhanyilmaz.com\/index.php?rest_route=\/wp\/v2\/users\/1"}],"replies":[{"embeddable":true,"href":"http:\/\/www.korhanyilmaz.com\/index.php?rest_route=%2Fwp%2Fv2%2Fcomments&post=42056"}],"version-history":[{"count":0,"href":"http:\/\/www.korhanyilmaz.com\/index.php?rest_route=\/wp\/v2\/posts\/42056\/revisions"}],"wp:attachment":[{"href":"http:\/\/www.korhanyilmaz.com\/index.php?rest_route=%2Fwp%2Fv2%2Fmedia&parent=42056"}],"wp:term":[{"taxonomy":"category","embeddable":true,"href":"http:\/\/www.korhanyilmaz.com\/index.php?rest_route=%2Fwp%2Fv2%2Fcategories&post=42056"},{"taxonomy":"post_tag","embeddable":true,"href":"http:\/\/www.korhanyilmaz.com\/index.php?rest_route=%2Fwp%2Fv2%2Ftags&post=42056"}],"curies":[{"name":"wp","href":"https:\/\/api.w.org\/{rel}","templated":true}]}}