{"id":42047,"date":"2011-11-06T12:27:54","date_gmt":"2011-11-06T10:27:54","guid":{"rendered":"http:\/\/www.korhanyilmaz.com\/?p=42047"},"modified":"2011-11-06T23:15:19","modified_gmt":"2011-11-06T21:15:19","slug":"erdogandan-kilicdarogluna-ciddi-konularla-ugrasin","status":"publish","type":"post","link":"http:\/\/www.korhanyilmaz.com\/?p=42047","title":{"rendered":"Erdo\u011fan&#8217;dan K\u0131l\u0131\u00e7daro\u011flu&#8217;na: Ciddi konularla u\u011fra\u015f\u0131n"},"content":{"rendered":"<p style=\"text-align: center;\"><a href=\"http:\/\/www.korhanyilmaz.com\/wp-content\/uploads\/2011\/11\/7001.jpg\"  class=\"lightview\"><img loading=\"lazy\" decoding=\"async\" class=\"aligncenter  wp-image-42048\" src=\"http:\/\/www.korhanyilmaz.com\/wp-content\/uploads\/2011\/11\/7001.jpg\" alt=\"\" width=\"462\" height=\"210\" \/><\/a><\/p>\n<p style=\"text-align: justify;\">Ba\u015fbakan Recep Tayyip Erdo\u011fan, CHP Genel Ba\u015fkan\u0131 Kemal K\u0131l\u0131\u00e7daro\u011flu&#8217;nun bir s\u00fcre \u00f6nce kendisine g\u00f6nderdi\u011fi ve baz\u0131 iddialar\u0131 i\u00e7eren mektubunu, bir mektupla yan\u0131tlad\u0131.<\/p>\n<p style=\"text-align: justify;\">Ba\u015fbakan Erdo\u011fan, kendi imzas\u0131yla, CHP Genel Ba\u015fkan\u0131 K\u0131l\u0131\u00e7daro\u011flu&#8217;nun &#8221;yolsuzluk iddialar\u0131n\u0131&#8221; i\u00e7eren mektubuna kar\u015f\u0131l\u0131k, bir mektup kaleme ald\u0131.\u00a0<!--more--><\/p>\n<p style=\"text-align: justify;\">&#8221;Say\u0131n Kemal K\u0131l\u0131\u00e7daro\u011flu, Cumhuriyet Halk Partisi Genel Ba\u015fkan\u0131, Say\u0131n Genel Ba\u015fkan&#8230; Baz\u0131 yolsuzluk iddialar\u0131na ili\u015fkin olarak taraf\u0131ma g\u00f6ndermi\u015f oldu\u011funuz mektubu ald\u0131m&#8221; ifadesiyle ba\u015flayan mektubunda Ba\u015fbakan Erdo\u011fan, &#8221;Mektubunuzu, gerek \u00fcslup ve muhteva, gerek g\u00f6nderilmesinin ard\u0131ndan bas\u0131na ve kamuoyuna a\u00e7\u0131klanmas\u0131 y\u00f6n\u00fcyle yolsuzluklarla m\u00fccadele ve yolsuzluklara kar\u015f\u0131 hassasiyet noktas\u0131nda samimiyetten uzak buldu\u011fumu \u00f6ncelikle ifade etmek durumunday\u0131m&#8221; ifadelerine yer verdi.<\/p>\n<p style=\"text-align: justify;\">Erdo\u011fan, mektubunda \u015funlar\u0131 kaydetti:<\/p>\n<p style=\"text-align: justify;\">&#8221;Hat\u0131rlarsan\u0131z, s\u00f6z konusu iddialar\u0131 T\u00fcrkiye B\u00fcy\u00fck Millet Meclisinde ortaya att\u0131n\u0131z ve \u00fczerinden dakikalar ge\u00e7meden, belgeleriyle, delilleriyle iddialar\u0131n\u0131z\u0131 \u00e7\u00fcr\u00fctt\u00fcm. Sonraki s\u00fcre\u00e7te de Kayseri B\u00fcy\u00fck\u015fehir Belediyemiz ba\u015fta olmak \u00fczere, as\u0131ls\u0131z iddialarla t\u00f6hmet alt\u0131nda b\u0131rak\u0131lan taraflar, iddialar\u0131n ne kadar \u00e7\u00fcr\u00fck ve mesnetsiz oldu\u011funu defaatle kamuoyuna a\u00e7\u0131klad\u0131lar. Her iddian\u0131n \u00e7\u00fcr\u00fct\u00fclmesinin ard\u0131ndan ortaya at\u0131lan yeni iddialar da ciddiyetle takip edildi ve onlar da an\u0131nda delilleri de g\u00f6sterilmek suretiyle yalanland\u0131. Dahas\u0131, mesele yarg\u0131ya intikal etti ve sizin defter olarak nitelendirdi\u011finiz ka\u011f\u0131t par\u00e7as\u0131 da di\u011fer t\u00fcm deliller ve belgelerle birlikte yarg\u0131ya teslim edildi.&#8221;<\/p>\n<p style=\"text-align: justify;\"><strong>&#8221;DEVLET ADAMI C\u0130DD\u0130YET\u0130&#8230;&#8221;<\/strong><\/p>\n<p style=\"text-align: justify;\">Yarg\u0131y\u0131 yok h\u00fckm\u00fcnde g\u00f6r\u00fcp, yarg\u0131s\u0131z infazda bulunman\u0131n, hukuk devleti anlay\u0131\u015f\u0131yla da devlet adam\u0131 ciddiyetiyle de ba\u011fda\u015fmayaca\u011f\u0131 g\u00f6r\u00fc\u015f\u00fcn\u00fc ifade eden Ba\u015fbakan Erdo\u011fan, \u015f\u00f6yle devam etti:<\/p>\n<p style=\"text-align: justify;\">&#8221;Say\u0131n Genel Ba\u015fkan, delilleri sabit olmadan, bir B\u00fcy\u00fck\u015fehir Belediyesini ve B\u00fcy\u00fck\u015fehir Belediye Ba\u015fkan\u0131n\u0131, kamu y\u00f6neticilerini ve siyasileri t\u00f6hmet alt\u0131nda b\u0131rakman\u0131n ne denli b\u00fcy\u00fck bir haks\u0131zl\u0131k \u00f6rne\u011fi oldu\u011funu eminim ki sizler de takdir edersiniz.<\/p>\n<p style=\"text-align: justify;\">AK Parti, kuruldu\u011fu g\u00fcnden itibaren, siyaset kurumunun en g\u00fcvenilir kurum olmas\u0131, siyaset\u00e7ilere g\u00fcven katsay\u0131s\u0131n\u0131n y\u00fckselmesi i\u00e7in azami gayret g\u00f6stermi\u015f, bunda da b\u00fcy\u00fck ba\u015far\u0131 kaydetmi\u015f bir partidir. Bak\u0131n\u0131z girdi\u011fi be\u015f se\u00e7imden de ba\u015far\u0131yla \u00e7\u0131kan bir partinin genel ba\u015fkan\u0131 olarak size bir dost tavsiyesinde bulunay\u0131m: Siyasette a\u011f\u0131rl\u0131k ve ciddiyet sahibi olabilmenin \u00f6n ko\u015fulu ciddi konularla ilgilenmek ve halk\u0131n sorunlar\u0131n\u0131 \u00e7\u00f6zecek yakla\u015f\u0131mlara yo\u011funla\u015fmakt\u0131r.<\/p>\n<p style=\"text-align: justify;\">A\u011f\u0131z dolusu laf edip hi\u00e7bir \u015fey s\u00f6ylememek, sabah s\u00f6yledi\u011finden ak\u015fam \u00e7ark etmek, ucuz polemiklerle g\u00fcndem olu\u015fturmaya \u00e7al\u0131\u015fmak, asl\u0131 astar\u0131 olmayan iddialar da bulunmak, siyasette anl\u0131k ve sahte ba\u015far\u0131lar getirir. Uzun soluklu ve sahici ba\u015far\u0131lar, samimi ve tutarl\u0131 olmakla, ortaya bir vizyon ve \u00f6zg\u00fcn politikalar koymakla m\u00fcmk\u00fcnd\u00fcr.&#8221;<\/p>\n<p style=\"text-align: justify;\">Ba\u015fbakan Erdo\u011fan, mektubunun son b\u00f6l\u00fcm\u00fcnde \u015funlar\u0131 ifade etti:<\/p>\n<p style=\"text-align: justify;\">&#8221;Halk\u0131m\u0131z, do\u011fru konu\u015fmayan, masum insanlara kirli iftiralar atan ve y\u00fcz\u00fc k\u0131zarmayan siyaset\u00e7ilerden yaka silkmi\u015f, son d\u00f6nemdeki her se\u00e7im ve halk oylamas\u0131nda da bu tepkisini sand\u0131kta dile getirmi\u015ftir.<\/p>\n<p style=\"text-align: justify;\">Zat-\u0131 Alinizin Genel Ba\u015fkanl\u0131\u011f\u0131nda girilen 2010 halk oylamas\u0131n\u0131n ve 2011 genel se\u00e7imlerinin sonu\u00e7lar\u0131, her \u015feyden \u00f6nce i\u015fte milletimizin bu mesajlar\u0131n\u0131 haizdir. Parti ve y\u00f6netim olarak milletin verdi\u011fi mesajlar\u0131 do\u011fru okuman\u0131z\u0131 tavsiye ediyorum. Se\u00e7imden \u00f6nce b\u00fcy\u00fck iddialarla bina etti\u011finiz siyaset tarz\u0131n\u0131z, ne hukuken netice verdi, ne de siyaseten size bir ba\u015far\u0131 getirdi.<\/p>\n<p style=\"text-align: justify;\">Yap\u0131c\u0131 bir \u00fcsluba, yap\u0131c\u0131 ele\u015ftirel bak\u0131\u015fa, milletimizin hamurunda bulunan edep ve haya vas\u0131flar\u0131na sahip, \u00e7ark etmeyen, do\u011fru konu\u015fan, masum insanlara iftira atmayan bir muhalefet \u00f6zlemi, biliniz ki milletimiz kadar bizim de \u00f6zlemimizdir. Yolsuzluklara y\u00f6nelik hassasiyetinizin \u00f6ncelikle kendi te\u015fkilat\u0131n\u0131za ve partinize matuf iddialarda m\u00fc\u015fahhas hale gelmesini g\u00f6n\u00fclden temenni ediyorum.<\/p>\n<p style=\"text-align: justify;\">Kamuoyuyla payla\u015faca\u011f\u0131n\u0131z iddialar\u0131n, sa\u011flam, delilli, mesnetli olmas\u0131 i\u00e7in daha b\u00fcy\u00fck \u00e7aba g\u00f6sterece\u011finize inan\u0131yor, bug\u00fcne kadar sizi yan\u0131ltan k\u0131lavuzlar\u0131n\u0131z\u0131 bir kez daha sorgulaman\u0131z dile\u011fiyle hay\u0131rl\u0131 i\u015flerinizde ba\u015far\u0131lar diliyorum.&#8221;<\/p>\n<p style=\"text-align: justify;\"><a href=\"http:\/\/www.gazeteport.com.tr\/haber\/61647\/erdogandan_kilicdarogluna_ciddi_konularla_ugrasin\" target=\"_blank\">Kaynak : GAZETEPORT<\/a><\/p>\n","protected":false},"excerpt":{"rendered":"<p style=\"text-align: center;\">\n<p style=\"text-align: justify;\">Ba\u015fbakan Recep Tayyip Erdo\u011fan, CHP Genel Ba\u015fkan\u0131 Kemal K\u0131l\u0131\u00e7daro\u011flu&#8217;nun bir s\u00fcre \u00f6nce kendisine g\u00f6nderdi\u011fi ve baz\u0131 iddialar\u0131 i\u00e7eren mektubunu, bir mektupla yan\u0131tlad\u0131.<\/p>\n<p style=\"text-align: justify;\">Ba\u015fbakan Erdo\u011fan, kendi imzas\u0131yla, CHP Genel Ba\u015fkan\u0131 K\u0131l\u0131\u00e7daro\u011flu&#8217;nun &#8221;yolsuzluk iddialar\u0131n\u0131&#8221; i\u00e7eren mektubuna kar\u015f\u0131l\u0131k, bir mektup kaleme ald\u0131. <\/p>\n","protected":false},"author":1,"featured_media":0,"comment_status":"open","ping_status":"open","sticky":false,"template":"","format":"standard","meta":{"footnotes":""},"categories":[105],"tags":[],"class_list":["post-42047","post","type-post","status-publish","format-standard","hentry","category-gundem","odd"],"_links":{"self":[{"href":"http:\/\/www.korhanyilmaz.com\/index.php?rest_route=\/wp\/v2\/posts\/42047","targetHints":{"allow":["GET"]}}],"collection":[{"href":"http:\/\/www.korhanyilmaz.com\/index.php?rest_route=\/wp\/v2\/posts"}],"about":[{"href":"http:\/\/www.korhanyilmaz.com\/index.php?rest_route=\/wp\/v2\/types\/post"}],"author":[{"embeddable":true,"href":"http:\/\/www.korhanyilmaz.com\/index.php?rest_route=\/wp\/v2\/users\/1"}],"replies":[{"embeddable":true,"href":"http:\/\/www.korhanyilmaz.com\/index.php?rest_route=%2Fwp%2Fv2%2Fcomments&post=42047"}],"version-history":[{"count":0,"href":"http:\/\/www.korhanyilmaz.com\/index.php?rest_route=\/wp\/v2\/posts\/42047\/revisions"}],"wp:attachment":[{"href":"http:\/\/www.korhanyilmaz.com\/index.php?rest_route=%2Fwp%2Fv2%2Fmedia&parent=42047"}],"wp:term":[{"taxonomy":"category","embeddable":true,"href":"http:\/\/www.korhanyilmaz.com\/index.php?rest_route=%2Fwp%2Fv2%2Fcategories&post=42047"},{"taxonomy":"post_tag","embeddable":true,"href":"http:\/\/www.korhanyilmaz.com\/index.php?rest_route=%2Fwp%2Fv2%2Ftags&post=42047"}],"curies":[{"name":"wp","href":"https:\/\/api.w.org\/{rel}","templated":true}]}}