{"id":42043,"date":"2011-11-06T20:21:28","date_gmt":"2011-11-06T18:21:28","guid":{"rendered":"http:\/\/www.korhanyilmaz.com\/?p=42043"},"modified":"2011-11-06T23:08:25","modified_gmt":"2011-11-06T21:08:25","slug":"en-onemli-isim-atandi","status":"publish","type":"post","link":"http:\/\/www.korhanyilmaz.com\/?p=42043","title":{"rendered":"En \u00f6nemli isim atand\u0131"},"content":{"rendered":"<p style=\"text-align: center;\"><a href=\"http:\/\/www.korhanyilmaz.com\/wp-content\/uploads\/2011\/11\/7000.jpg\"  class=\"lightview\"><img loading=\"lazy\" decoding=\"async\" class=\"aligncenter  wp-image-42044\" src=\"http:\/\/www.korhanyilmaz.com\/wp-content\/uploads\/2011\/11\/7000.jpg\" alt=\"\" width=\"462\" height=\"210\" \/><\/a><\/p>\n<p style=\"text-align: justify;\">Ergenekon, Balyoz ve KCK soru\u015fturmalar\u0131n\u0131n ba\u015f\u0131ndaki isim Hakkari&#8217;ye atand\u0131.<\/p>\n<p style=\"text-align: justify;\">\u0130STANBUL- T\u00fcrkiye\u2019nin g\u00fcndemini sarsan Ergenekon, Balyoz ve KCK gibi soru\u015fturmalar\u0131n ba\u015f\u0131ndaki isim olan \u0130stanbul Ter\u00f6rle M\u00fccadele \u015eube M\u00fcd\u00fcrl\u00fc\u011f\u00fc\u2019nden sorumlu Emniyet M\u00fcd\u00fcr Yard\u0131mc\u0131s\u0131 Tufan Erg\u00fcder, Hakkari \u0130l Emniyet M\u00fcd\u00fcrl\u00fc\u011f\u00fc&#8217;ne atand\u0131.\u00a0<!--more--><\/p>\n<p style=\"text-align: justify;\">\u0130\u00e7i\u015fleri Bakanl\u0131\u011f\u0131 taraf\u0131ndan haz\u0131rlanarak Ba\u015fbakanl\u0131\u011fa g\u00f6nderilen \u0130l Emniyet M\u00fcd\u00fcrleri Kararnamesi\u2019nin, \u00f6nceki g\u00fcn Ba\u015fbakan Recep Tayyip Erdo\u011fan taraf\u0131ndan imzaland\u0131\u011f\u0131 ve bayramdan sonraki ilk mesai g\u00fcn\u00fc olan \u00c7ar\u015famba Resmi Gazete&#8217;de yay\u0131mlanarak y\u00fcr\u00fcrl\u00fc\u011fe girece\u011fi belirtildi.<\/p>\n<p style=\"text-align: justify;\">Ergenekon, Balyoz ve KCK gibi \u00f6nemli soru\u015fturmalar\u0131n ba\u015f\u0131ndaki isim \u0130stanbul Ter\u00f6rle M\u00fccadeleden Sorumlu Emniyet M\u00fcd\u00fcr Yard\u0131mc\u0131s\u0131 Tufan Erg\u00fcder, terfi ederek 1. s\u0131n\u0131f Emniyet M\u00fcd\u00fcr\u00fc olup bu g\u00f6revini s\u00fcrd\u00fcrm\u00fc\u015ft\u00fc. Kararnameyle, Tufan Erg\u00fcder\u2019in Hakkari \u0130l Emniyet M\u00fcd\u00fcrl\u00fc\u011f\u00fc\u2019ne atand\u0131\u011f\u0131 \u00f6\u011frenildi. 1.s\u0131n\u0131fa terfi eden Narkotik ve Mali \u015eube M\u00fcd\u00fcrl\u00fc\u011f\u00fc&#8217;nden sorumlu Emniyet M\u00fcd\u00fcr Yard\u0131mc\u0131s\u0131 Mehmet Liko\u011flu \u015eanl\u0131urfa \u0130l Emniyet M\u00fcd\u00fcr\u00fc, G\u00fcvenlik \u015eube M\u00fcd\u00fcrl\u00fc\u011f\u00fc&#8217;nden sorumlu Emniyet M\u00fcd\u00fcr Yard\u0131mc\u0131s\u0131 Mehmet Alt\u0131nok Bart\u0131n \u0130l Emniyet M\u00fcd\u00fcr\u00fc olarak g\u00f6revlendirildi.<\/p>\n<p style=\"text-align: justify;\"><a href=\"http:\/\/www.gazeteport.com.tr\/haber\/61708\/en_onemli_isim_atandi\" target=\"_blank\">Kaynak : GAZETEPORT<\/a><\/p>\n","protected":false},"excerpt":{"rendered":"<p style=\"text-align: center;\">\n<p style=\"text-align: justify;\">Ergenekon, Balyoz ve KCK soru\u015fturmalar\u0131n\u0131n ba\u015f\u0131ndaki isim Hakkari&#8217;ye atand\u0131.<\/p>\n<p style=\"text-align: justify;\">\u0130STANBUL- T\u00fcrkiye\u2019nin g\u00fcndemini sarsan Ergenekon, Balyoz ve KCK gibi soru\u015fturmalar\u0131n ba\u015f\u0131ndaki isim olan \u0130stanbul Ter\u00f6rle M\u00fccadele \u015eube M\u00fcd\u00fcrl\u00fc\u011f\u00fc\u2019nden sorumlu Emniyet M\u00fcd\u00fcr Yard\u0131mc\u0131s\u0131 Tufan Erg\u00fcder, Hakkari \u0130l Emniyet M\u00fcd\u00fcrl\u00fc\u011f\u00fc&#8217;ne atand\u0131. <\/p>\n","protected":false},"author":1,"featured_media":0,"comment_status":"open","ping_status":"open","sticky":false,"template":"","format":"standard","meta":{"footnotes":""},"categories":[105],"tags":[],"class_list":["post-42043","post","type-post","status-publish","format-standard","hentry","category-gundem","odd"],"_links":{"self":[{"href":"http:\/\/www.korhanyilmaz.com\/index.php?rest_route=\/wp\/v2\/posts\/42043","targetHints":{"allow":["GET"]}}],"collection":[{"href":"http:\/\/www.korhanyilmaz.com\/index.php?rest_route=\/wp\/v2\/posts"}],"about":[{"href":"http:\/\/www.korhanyilmaz.com\/index.php?rest_route=\/wp\/v2\/types\/post"}],"author":[{"embeddable":true,"href":"http:\/\/www.korhanyilmaz.com\/index.php?rest_route=\/wp\/v2\/users\/1"}],"replies":[{"embeddable":true,"href":"http:\/\/www.korhanyilmaz.com\/index.php?rest_route=%2Fwp%2Fv2%2Fcomments&post=42043"}],"version-history":[{"count":0,"href":"http:\/\/www.korhanyilmaz.com\/index.php?rest_route=\/wp\/v2\/posts\/42043\/revisions"}],"wp:attachment":[{"href":"http:\/\/www.korhanyilmaz.com\/index.php?rest_route=%2Fwp%2Fv2%2Fmedia&parent=42043"}],"wp:term":[{"taxonomy":"category","embeddable":true,"href":"http:\/\/www.korhanyilmaz.com\/index.php?rest_route=%2Fwp%2Fv2%2Fcategories&post=42043"},{"taxonomy":"post_tag","embeddable":true,"href":"http:\/\/www.korhanyilmaz.com\/index.php?rest_route=%2Fwp%2Fv2%2Ftags&post=42043"}],"curies":[{"name":"wp","href":"https:\/\/api.w.org\/{rel}","templated":true}]}}