{"id":42029,"date":"2011-11-06T07:15:03","date_gmt":"2011-11-06T05:15:03","guid":{"rendered":"http:\/\/www.korhanyilmaz.com\/?p=42029"},"modified":"2011-11-06T07:15:03","modified_gmt":"2011-11-06T05:15:03","slug":"bedelli-benim-icin-onemli-bir-konu-acil-bir-konu","status":"publish","type":"post","link":"http:\/\/www.korhanyilmaz.com\/?p=42029","title":{"rendered":"&#8220;Bedelli benim i\u00e7in \u00f6nemli bir konu, acil bir konu&#8221;"},"content":{"rendered":"<p style=\"text-align: justify;\"><a href=\"http:\/\/www.korhanyilmaz.com\/wp-content\/uploads\/2011\/11\/8016.jpg\"  class=\"lightview\"><img loading=\"lazy\" decoding=\"async\" class=\"aligncenter size-full wp-image-42030\" title=\"\" src=\"http:\/\/www.korhanyilmaz.com\/wp-content\/uploads\/2011\/11\/8016.jpg\" alt=\"\" width=\"359\" height=\"225\" \/><\/a><\/p>\n<p style=\"text-align: justify;\"><strong>SORU:<\/strong> Son harek\u00e2t\u0131n eylem cayd\u0131r\u0131c\u0131l\u0131\u011f\u0131 oldu. Genelkurmay ba\u015far\u0131l\u0131 diyebilir miyiz?<\/p>\n<p style=\"text-align: justify;\"><strong>YANIT:<\/strong> Diyebiliriz, \u00e7\u00fcnk\u00fc \u00fczerine \u00e7ok daha s\u0131k\u0131 gidiyor. \u015eu anda k\u0131rsalda \u00f6zellikle son harek\u00e2t son y\u0131llarda hi\u00e7 yap\u0131lmayan harek\u00e2tt\u0131r.<\/p>\n<p style=\"text-align: justify;\">BA\u015eBAKAN Recep Tayyip Erdo\u011fan, PKK\u2019ya kar\u015f\u0131 son g\u00fcnlerde yurti\u00e7i ve d\u0131\u015f\u0131nda d\u00fczenlenen askeri operasyonlar i\u00e7in \u201cGenelkurmay ba\u015far\u0131l\u0131 diyebiliriz\u201d ifadesini kulland\u0131, \u015f\u00f6yle devam etti: \u201c\u00c7\u00fcnk\u00fc \u00fczerine \u00e7ok daha s\u0131k\u0131 gidiyor. Kararl\u0131 gidiyor. \u015eu anda k\u0131rsalda \u00f6zellikle son harek\u00e2t, \u00f6yle zannediyorum ki son y\u0131llarda hi\u00e7 yap\u0131lmayan harek\u00e2tt\u0131r. Bir iyi taraf da polis asker iyi bir dayan\u0131\u015fma sergiliyor. \u0130stihbarat payla\u015f\u0131m\u0131 dahil, arazi, \u015fehir merkezi, k\u0131rsal g\u00fczel bir dayan\u0131\u015fmalar\u0131 var.\u201d<!--more--><\/p>\n<p style=\"text-align: justify;\">Erdo\u011fan, Merkel ile g\u00f6r\u00fc\u015fmesinde g\u00fcndeme gelen PKK yanda\u015f\u0131 say\u0131s\u0131 konusunda, \u201cOnlara g\u00f6re, Almanya\u2019da 10 bin k\u00fcsur PKK yanl\u0131s\u0131 var. \u2018Bunlar\u0131n takip\u00e7isiyiz\u2019 dedi. Yarg\u0131da olan say\u0131s\u0131 4 bin civar\u0131nda\u201d dedi. Bedelli askerlik geliri i\u00e7in \u201cBenim g\u00f6nl\u00fcmde bir \u015fey var, a\u00e7\u0131klamay\u0131 ben yapaca\u011f\u0131m\u201d diyen\u00a0Ba\u015fbakan\u2019a Ana u\u00e7a\u011f\u0131nda y\u00f6neltilen soru ve yan\u0131tlar\u0131 \u015f\u00f6yle:<\/p>\n<p style=\"text-align: justify;\"><strong>Yorgo\u2019yu s\u0131k\u0131\u015ft\u0131rd\u0131lar<\/strong><\/p>\n<p style=\"text-align: justify;\"><strong>G-20 zirvesinden nas\u0131l bir izlenimle d\u00f6n\u00fcyorsunuz? Avrupa kendini kurtarabilecek mi?<\/strong><\/p>\n<p style=\"text-align: justify;\">Birinci g\u00fcn de ikinci g\u00fcn de g\u00fcndemde a\u011f\u0131rl\u0131kl\u0131 olarak Yunanistan vard\u0131. 27 Ekim\u2019de yapt\u0131klar\u0131 toplant\u0131da al\u0131nan kararlara uyulmad\u0131 diye Avrupal\u0131 liderlerde ciddi bir s\u0131k\u0131nt\u0131 vard\u0131. \u00c7\u00fcnk\u00fc referandum olay\u0131, kendilerine d\u00fcr\u00fcst davran\u0131lmad\u0131\u011f\u0131n\u0131n bir ifadesiydi. Bundan dolay\u0131 da ciddi manada hem s\u0131k\u0131nt\u0131l\u0131yd\u0131lar hem de Papandreu\u2019ya k\u0131z\u0131yorlard\u0131. Tabii bu yap\u0131lan toplant\u0131 (Cannes\u2019daki Merkel, Sarkozy, Papandreu zirvesini kastediyor) ola\u011fan\u00fcst\u00fc bir toplant\u0131yd\u0131. O toplant\u0131da Papandreu\u2019yu iyice s\u0131k\u0131\u015ft\u0131rd\u0131lar. Ve son ald\u0131klar\u0131 kararlar neticesinde Papandreu da ba\u015fka \u00e7\u0131k\u0131\u015f yolu olmad\u0131\u011f\u0131n\u0131 g\u00f6rd\u00fc ve referandumdan vazge\u00e7ti. Papandreu istifa etmeyece\u011fini zaten a\u00e7\u0131klad\u0131. Bunun olmas\u0131 halinde daha s\u0131k\u0131nt\u0131l\u0131 bir s\u00fcre\u00e7 ba\u015flar.<\/p>\n<p style=\"text-align: justify;\">Bunun d\u0131\u015f\u0131nda bir de \u015fu var; d\u00fcnya art\u0131k egemen para istemiyor. Mesela Euro Zone \u00e7ok tart\u0131\u015f\u0131ld\u0131. Euro Zone\u2019un kurucusu \u00fclkeler hakl\u0131 olarak sahipleniyorlar, savunuyorlar. \u0130ngiltere kendi m\u00fcstakil paras\u0131n\u0131n rahatl\u0131\u011f\u0131 i\u00e7inde. Bu arada herkesin kendi paras\u0131yla kar\u015f\u0131l\u0131kl\u0131 olarak ticaret yapabilmesi noktas\u0131nda, bizim att\u0131\u011f\u0131m\u0131z ad\u0131m da hakl\u0131l\u0131k kazan\u0131yor. Ruslarla \u015fu an ba\u015flatt\u0131\u011f\u0131m\u0131z s\u00fcre\u00e7, \u0130ran\u2019la ba\u015flatt\u0131\u011f\u0131m\u0131z s\u00fcre\u00e7&#8230; \u00c7in\u2019le g\u00f6r\u00fc\u015fmelerimiz s\u00fcr\u00fcyor. Bu, merkez bankalar\u0131m\u0131z\u0131n da devreye girmesiyle olacak bir\u015fey.<\/p>\n<p style=\"text-align: justify;\"><strong>Merkel\u2019le ter\u00f6r konu\u015ftuk<\/strong><\/p>\n<p style=\"text-align: justify;\"><strong>Merkel, Medvedev, Obama ile ikili g\u00f6r\u00fc\u015fmelerde hangi konular g\u00fcndeme geldi?<\/strong><\/p>\n<p style=\"text-align: justify;\">ABD ile olan g\u00f6r\u00fc\u015fmelerimiz, BM\u2019de yapt\u0131\u011f\u0131m\u0131z g\u00f6r\u00fc\u015fmelerin devam\u0131 mahiyetindeydi. Daha \u00e7ok ter\u00f6re y\u00f6nelik&#8230; Predator, helikopter gibi konular\u0131 san\u0131yorum k\u0131sa zamanda halledecekler.<\/p>\n<p style=\"text-align: justify;\">Merkel\u2019le yapt\u0131\u011f\u0131m\u0131z g\u00f6r\u00fc\u015fme de yine a\u011f\u0131rl\u0131kl\u0131 olarak ter\u00f6r konusunda oldu. T\u00fcrk-Alman ili\u015fkileri zaten iyi bir noktada. Bu y\u0131l (ticaret hacmi) 29 milyar dolar\u0131 a\u015far\u0131z. \u00d6yle g\u00f6z\u00fck\u00fcyor.<\/p>\n<p style=\"text-align: justify;\">Ama g\u00f6r\u00fc\u015fmede \u0131srarla ter\u00f6r konusu \u00fczerinde durduk. Ve kendisine baz\u0131 belgeleri tekrar verdik, hat\u0131rlatt\u0131k. (Ba\u015fbakan Merkel\u2019e verdi\u011fi dosyay\u0131 ayr\u0131nt\u0131l\u0131 olarak anlatt\u0131. Alman Anayasas\u0131\u2019n\u0131n PKK ba\u011flant\u0131l\u0131 yap\u0131lanmalar\u0131 kapatmak i\u00e7in herhangi bir \u015fiddet eylemine kar\u0131\u015fmalar\u0131 \u015fart\u0131 aramad\u0131\u011f\u0131n\u0131, Alman istihbarat\u0131n\u0131n elinde bu \u00fclkedeki PKK \u00f6rg\u00fctlenmesine ili\u015fkin \u00e7ok ayr\u0131nt\u0131l\u0131 bir rapor oldu\u011funu s\u00f6yledi, bu rapordan b\u00f6l\u00fcmler okudu.) Bunlar\u0131 Merkel\u2019e de okudum. Onlara g\u00f6re Almanya\u2019da 10 bin k\u00fcsur PKK yanl\u0131s\u0131 var. Bunlar\u0131n takip\u00e7isiyiz dedi. Yarg\u0131da olan say\u0131s\u0131 4 bin civar\u0131nda.<\/p>\n<p style=\"text-align: justify;\">Hen\u00fcz yasaklanmam\u0131\u015f KON-KURD (Avrupa K\u00fcrt Dernekleri Konfederasyonu) alt\u0131nda \u00f6rg\u00fctlenmi\u015fler. PKK\u2019n\u0131n hakim oldu\u011fu geni\u015f kitle kurulu\u015flar\u0131, bunlar\u0131n baz\u0131lar\u0131n\u0131 biliyorlar, baz\u0131lar\u0131n\u0131 bilmiyorlar, gen\u00e7lik, kad\u0131n, aile, gazeteci, hukuk\u00e7u, \u00fcniversiteli, \u00f6\u011fretmen, Cemaati \u0130slami K\u00fcrdistan, Demokrat Aleviler Federasyonu, K\u00fcrdistan Yezidiler Birli\u011fi&#8230;. Hepsini kurmu\u015flar, a\u00e7\u0131kta kimseyi b\u0131rakmam\u0131\u015flar. Fazlas\u0131 vard\u0131r, az\u0131 yoktur. Hepsi onlar\u0131n raporlar\u0131nda var. Gazeteleri, dergileri&#8230; Yasaklanma kriterlerini fazlas\u0131yla yerine getiren bir yap\u0131.<\/p>\n<p style=\"text-align: justify;\"><strong>Bunlar\u0131 payla\u015ft\u0131ktan sonra Merkel\u2019in tepkisi ne oldu?<\/strong><\/p>\n<p style=\"text-align: justify;\">Bunlar\u0131 yak\u0131n takibe alma noktas\u0131nda talimat verdi. Ve ilgili arkada\u015flar\u0131m\u0131zla bu konuda daha s\u0131k\u0131 bir i\u015fbirli\u011fi i\u00e7erisinde olacaklar. Bir hafta \u00f6nce bir Alman Mahkemesi Roj TV\u2019nin Almanya\u2019da izlenme yasa\u011f\u0131n\u0131 kald\u0131rd\u0131.<\/p>\n<p style=\"text-align: justify;\"><strong>Barzani\u2019den s\u00f6z\u00a0<\/strong><\/p>\n<p style=\"text-align: justify;\"><strong>Barzani ile yar\u0131n (d\u00fcn) g\u00f6r\u00fc\u015feceksiniz, pe\u015fmergeler son talebimizden sonra Kandil\u2019e yak\u0131n b\u00f6lgelerde sorumluluk \u00fcstlenmeye ba\u015flad\u0131lar m\u0131?<\/strong><\/p>\n<p style=\"text-align: justify;\">Sorumluluk hissi ge\u00e7mi\u015f y\u0131llara g\u00f6re daha iyi bir noktada \u015fu anda. Yar\u0131nki g\u00f6r\u00fc\u015fmemizde neler yapt\u0131klar\u0131n\u0131 kendilerinden dinleyece\u011fiz. Orada m\u00fc\u015fterek \u00e7al\u0131\u015fman\u0131n s\u00f6z\u00fcn\u00fc almak istiyoruz. Bizim i\u00e7in \u00f6nem arzediyor.<\/p>\n<p style=\"text-align: justify;\"><strong>Kazan operasyonunda istihbarat deste\u011fi verdiler mi?<\/strong><\/p>\n<p style=\"text-align: justify;\">Orada tamamen kendi istihbarat\u0131m\u0131z\u0131 kulland\u0131k. \u0130nsani istihbarat da orada iyiydi.<\/p>\n<p style=\"text-align: justify;\"><strong>PKK kaynaklar\u0131 450-500 aras\u0131nda kay\u0131ptan s\u00f6zediyor. Size b\u00f6yle bir bilgi geldi mi?<\/strong><\/p>\n<p style=\"text-align: justify;\">Kendilerine g\u00f6re, kimyasal silah t\u00fcr\u00fcnden bir iftirayla kamuoyu olu\u015fturmak istiyorlar. Kesinlikle b\u00f6yle bir\u015fey s\u00f6zkonusu de\u011fil. Kazan Vadisi\u2019ndeki operasyon, insani istihbaratla, insans\u0131z hava ara\u00e7lar\u0131yla tespit edilen gruplar\u0131n, ma\u011faralar\u0131n u\u00e7aklarla bombalanmas\u0131d\u0131r. Bunun neticesinde orada \u00f6lenlerin cesetleri al\u0131nm\u0131\u015f, Malatya Adli T\u0131p\u2019a getirilmi\u015ftir&#8230; DNA testine var\u0131ncaya kadar \u00e7al\u0131\u015fma yap\u0131l\u0131yor.<\/p>\n<p style=\"text-align: justify;\"><strong>En etkili bombalama\u00a0<\/strong><\/p>\n<p style=\"text-align: justify;\"><strong>Son y\u0131llar\u0131n en etkili hava operasyonu ve bombalamas\u0131 yap\u0131ld\u0131. Afganistan\u2019da Bin Ladin i\u00e7in kullan\u0131lan s\u0131\u011f\u0131nak delen bombalar m\u0131 kullan\u0131ld\u0131?<\/strong><\/p>\n<p style=\"text-align: justify;\">Hay\u0131r, bunlar bizde olanlar. ABD bu t\u00fcr bombalar\u0131 bize vermi\u015f de\u011fil.<\/p>\n<p style=\"text-align: justify;\"><strong>Son harek\u00e2t\u0131n eylem cayd\u0131r\u0131c\u0131l\u0131\u011f\u0131 oldu. Bug\u00fcne kadar sa\u011flanamayan askeri ba\u015far\u0131 sa\u011flanm\u0131\u015f oldu. Genelkurmay ba\u015far\u0131l\u0131 diyebilir miyiz?<\/strong><\/p>\n<p style=\"text-align: justify;\">Diyebiliriz, \u00e7\u00fcnk\u00fc \u00fczerine \u00e7ok daha s\u0131k\u0131 gidiyor. Kararl\u0131 gidiyor. \u015eu anda k\u0131rsalda \u00f6zellikle son harek\u00e2t, \u00f6yle zannediyorum ki son y\u0131llarda hi\u00e7 yap\u0131lmayan harek\u00e2tt\u0131r.<\/p>\n<p style=\"text-align: justify;\"><strong>Ne de\u011fi\u015fti? Operasyona kat\u0131lan asker say\u0131s\u0131 m\u0131?<\/strong><\/p>\n<p style=\"text-align: justify;\">Anlay\u0131\u015f de\u011fi\u015fti. Daha \u00f6nce de 150 bin 200 bin ki\u015fi filan hep oraya giderdi. K\u0131rsaldaki PKK\u2019l\u0131lar\u0131n \u00fczerine \u00fczerine gitme olay\u0131 var. Bir iyi taraf da \u015fu an polis asker iyi bir dayan\u0131\u015fma sergiliyor. \u0130stihbarat payla\u015f\u0131m\u0131 dahil, arazi, \u015fehir merkezi, k\u0131rsal g\u00fczel bir dayan\u0131\u015fmalar\u0131 var.<\/p>\n<p style=\"text-align: justify;\"><strong>Askerle dayan\u0131\u015fma<\/strong><\/p>\n<p style=\"text-align: justify;\"><strong>Asker siyasetten \u00e7ekildi, olmas\u0131 gerekti\u011fi gibi tamamen askeri stratejiye y\u00f6neldi. Tamamen kendi i\u015fini yapt\u0131\u011f\u0131 i\u00e7in ba\u015far\u0131l\u0131 diyebilir miyiz?<\/strong><\/p>\n<p style=\"text-align: justify;\">Buras\u0131 da \u00f6nemli&#8230; Bir de meslek eskiden mesleki taassup vard\u0131. G\u00fcvenlikte bak\u0131yorsun birileri polisi tahrik ediyordu, i\u015fte biz \u00e7al\u0131\u015f\u0131yoruz, biz canla ba\u015fla var\u0131z ama asker yok&#8230; Asker diyordu ki biz var\u0131z, polis yok. \u015eu anda o meslek taassubu ortadan kalkt\u0131. \u015eimdi taassup ortadan kalk\u0131nca dayan\u0131\u015fma s\u00fcreci ba\u015flad\u0131. Tabii istihbarat payla\u015f\u0131m\u0131 da i\u015fimizi \u00e7ok kolayla\u015ft\u0131rd\u0131. Gelece\u011fe y\u00f6nelik de daha iyi neticeler alaca\u011f\u0131m\u0131z\u0131n umudunu veriyor.<\/p>\n<p style=\"text-align: justify;\"><strong>KCK tutuklamalar\u0131n\u0131n da etkisi olabilir mi sizce?<\/strong><\/p>\n<p style=\"text-align: justify;\">Olay sadece \u0130mral\u0131 de\u011fil, Kandil\u2019den de emir geliyor&#8230;<\/p>\n<p style=\"text-align: justify;\"><strong>Anayasa 2012\u2019de biter<\/strong><\/p>\n<p style=\"text-align: justify;\"><strong>Yeni anayasa ile ilgili neler s\u00f6yleyeceksiniz? Bu s\u00fcre\u00e7 nas\u0131l gidecek?<\/strong><\/p>\n<p style=\"text-align: justify;\">Biz yeni anayasay\u0131 ger\u00e7ekle\u015ftirmek i\u00e7in yola \u00e7\u0131kt\u0131k. Meydanlarda s\u00f6z verdik. Di\u011ferleri de s\u00f6z verdi. Biz \u00f6n kabulle gelmiyoruz, siz de \u00f6n kabulle gelmeyin. Buraya geldi\u011finizde de anayasa d\u0131\u015f\u0131 konular\u0131 konu\u015fmay\u0131n. Di\u011fer konular parlamentoda g\u00f6r\u00fc\u015f\u00fclebilir. Temennim, hi\u00e7bir \u00f6nyarg\u0131ya yeni anayasay\u0131 kurban etmeden bu \u00e7al\u0131\u015fma s\u00fcrd\u00fcr\u00fcl\u00fcr. Ve b\u00f6ylece in\u015fallah 2012 sonuna kadar da netice al\u0131r\u0131z. 2012\u2019yi olgun bir s\u00fcre olarak g\u00f6r\u00fcyorum. Rahat rahat o zamana kadar bitirilebilir. Se\u00e7im yok, g\u00fcndem rahat, bitirebiliriz.<\/p>\n<p style=\"text-align: justify;\"><strong>2015 G-20\u2019sini T\u00fcrkiye d\u00fczenleyecek. Ev sahibi siz mi olacaks\u0131n\u0131z?<\/strong><\/p>\n<p style=\"text-align: justify;\">\u0130n\u015fallah. Zirveyi illa y\u0131l sonu yapmak zorunda de\u011filiz. Se\u00e7im \u00f6ncesi yapabiliriz.<\/p>\n<p style=\"text-align: justify;\"><strong>Alman Anayasas\u0131 ne diyor\u00a0<\/strong><\/p>\n<p style=\"text-align: justify;\">BA\u015eBAKAN Recep Tayyip Erdo\u011fan, Alman Ba\u015fbakan\u0131 Angela Merkel ile g\u00f6r\u00fc\u015fmesinde Alman Anayasas\u0131\u2019n\u0131n 9. maddesinin 2. f\u0131kras\u0131n\u0131 hat\u0131rlatt\u0131. Bu maddeye g\u00f6re, Almanya\u2019da bir derne\u011fin yasaklanmas\u0131 i\u00e7in do\u011frudan ter\u00f6r eylemine kar\u0131\u015fma \u015fart\u0131 aranm\u0131yor. \u201cAlmanya d\u0131\u015f\u0131nda da olsa, halklar\u0131n uyumuna ayk\u0131r\u0131 \u015fiddet y\u00f6ntemli faaliyetlerin i\u00e7inde bulunulmas\u0131, bunlara dolayl\u0131 katk\u0131 sa\u011flanmas\u0131, dernek amac\u0131n\u0131n bu y\u00f6nde olu\u015fmas\u0131\u201d kapatmaya yeterli gerek\u00e7e say\u0131l\u0131yor. Erdo\u011fan, bu maddeyi \u00f6n\u00fcndeki dosyadan aynen okuyarak, PKK\u2019n\u0131n baz\u0131 paravan derneklerinin kapat\u0131lmas\u0131 talebini Merkel\u2019e iletti.<\/p>\n<p style=\"text-align: justify;\"><strong>Bedelli benim i\u00e7in acil konu\u00a0<\/strong><\/p>\n<p style=\"text-align: justify;\"><strong>Milli Savunma Bakan\u0131\u2019ndan bedelli askerlik bayramdan sonra diye a\u00e7\u0131klama var&#8230;<\/strong><\/p>\n<p style=\"text-align: justify;\">Bir tarih yok da, benim i\u00e7in \u00f6nemli bir konu, acil bir konu. B\u00fct\u00e7e \u00f6ncesine s\u0131k\u0131\u015ft\u0131rabilir miyiz bilmiyorum. Genelkurmay Ba\u015fkan\u0131 ile de \u00e7al\u0131\u015fmalar belli bir olgunlu\u011fa geldi. Biran \u00f6nce bitirip, beklentiler var, o beklentileri kar\u015f\u0131lar\u0131z, bir rahatlama sa\u011flar\u0131z.<\/p>\n<p style=\"text-align: justify;\"><strong>Herkese mi yoksa belli bir ya\u015f \u00fcst\u00fcne mi bedelli askerlik gelecek?<\/strong><\/p>\n<p style=\"text-align: justify;\">Belli bir ya\u015f\u0131n \u00fcst\u00fc. Yoksa \u00e7ok b\u00fcy\u00fck bir haks\u0131zl\u0131k, adaletsizlik olur.<\/p>\n<p style=\"text-align: justify;\"><strong>Para nerede kullan\u0131lacak?<\/strong><\/p>\n<p style=\"text-align: justify;\">Benim g\u00f6nl\u00fcmde bir \u015fey var, a\u00e7\u0131klamay\u0131 ben yapaca\u011f\u0131m.<\/p>\n<p style=\"text-align: justify;\"><strong>Sigara vergisine onay verdi\u00a0<\/strong><\/p>\n<p style=\"text-align: justify;\"><strong>Uluslararas\u0131 i\u015flemlerden vergi al\u0131nmas\u0131 g\u00fcndeme geldi mi?<\/strong><\/p>\n<p style=\"text-align: justify;\">O de\u011fil de, benim bir g\u00f6r\u00fc\u015fmeden \u00f6t\u00fcr\u00fc kat\u0131lmad\u0131\u011f\u0131m bir oturumda, Bill Gates\u2019in \u015f\u00f6yle bir a\u00e7\u0131klamas\u0131 olmu\u015f; onun bir vakf\u0131 var, jet yak\u0131t\u0131na d\u00fc\u015f\u00fck de olsa belli bir vergi koyal\u0131m; y\u00fczde 1 gibi filan, elde edilecek gelirle yoksullara, engellilere bir fon meydana getirelim. Bana da ikili g\u00f6r\u00fc\u015fmemizde \u2018Sigaraya kar\u015f\u0131 verdi\u011finiz m\u00fccadeleyi biliyorum\u2019 dedi. Onu da me\u011fer konu\u015fmas\u0131nda s\u00f6ylemi\u015f, sigaraya konulacak bir ek verginin de b\u00f6yle bir fonda toparlanmas\u0131n\u0131 \u00f6nermi\u015f. Bill Gates\u2019in vakf\u0131n\u0131n ya da \u00fclkelerin bu y\u00f6nde atacaklar\u0131 ad\u0131mlar\u0131n isabetli olaca\u011f\u0131 konusunda bir g\u00f6r\u00fc\u015f birli\u011fi olu\u015ftu.<\/p>\n<p style=\"text-align: justify;\"><strong>Bill Gates ile ikili g\u00f6r\u00fc\u015fme mi yapt\u0131n\u0131z?<\/strong><\/p>\n<p style=\"text-align: justify;\">Evet, \u00e7ok k\u0131sa. Davet \u00fczerine gelmi\u015f. G-20\u2019lerde gerek bu t\u00fcr isimler gerekse baz\u0131 \u00fclkeler ekstra davet edilir. Mesela Singapur bunlardan bir tanesidir. Birle\u015fik Arap Emirlikleri bu toplant\u0131ya davet edildi.<\/p>\n<p style=\"text-align: justify;\"><a href=\"http:\/\/www.hurriyet.com.tr\/gundem\/19178665.asp\" target=\"_blank\">Kaynak : Enis Berbero\u011flu &#8211; H\u00fcrriyet.com.tr<\/a><\/p>\n<p style=\"text-align: justify;\">\n","protected":false},"excerpt":{"rendered":"<p style=\"text-align: justify;\">\n<p style=\"text-align: justify;\">SORU: Son harek\u00e2t\u0131n eylem cayd\u0131r\u0131c\u0131l\u0131\u011f\u0131 oldu. Genelkurmay ba\u015far\u0131l\u0131 diyebilir miyiz?<\/p>\n<p style=\"text-align: justify;\">YANIT: Diyebiliriz, \u00e7\u00fcnk\u00fc \u00fczerine \u00e7ok daha s\u0131k\u0131 gidiyor. \u015eu anda k\u0131rsalda \u00f6zellikle son harek\u00e2t son y\u0131llarda hi\u00e7 yap\u0131lmayan harek\u00e2tt\u0131r.<\/p>\n<p style=\"text-align: justify;\">BA\u015eBAKAN Recep Tayyip Erdo\u011fan, PKK\u2019ya kar\u015f\u0131 son g\u00fcnlerde yurti\u00e7i ve d\u0131\u015f\u0131nda d\u00fczenlenen askeri operasyonlar i\u00e7in \u201cGenelkurmay ba\u015far\u0131l\u0131 <\/p>\n","protected":false},"author":1,"featured_media":0,"comment_status":"open","ping_status":"open","sticky":false,"template":"","format":"standard","meta":{"footnotes":""},"categories":[105],"tags":[],"class_list":["post-42029","post","type-post","status-publish","format-standard","hentry","category-gundem","odd"],"_links":{"self":[{"href":"http:\/\/www.korhanyilmaz.com\/index.php?rest_route=\/wp\/v2\/posts\/42029","targetHints":{"allow":["GET"]}}],"collection":[{"href":"http:\/\/www.korhanyilmaz.com\/index.php?rest_route=\/wp\/v2\/posts"}],"about":[{"href":"http:\/\/www.korhanyilmaz.com\/index.php?rest_route=\/wp\/v2\/types\/post"}],"author":[{"embeddable":true,"href":"http:\/\/www.korhanyilmaz.com\/index.php?rest_route=\/wp\/v2\/users\/1"}],"replies":[{"embeddable":true,"href":"http:\/\/www.korhanyilmaz.com\/index.php?rest_route=%2Fwp%2Fv2%2Fcomments&post=42029"}],"version-history":[{"count":0,"href":"http:\/\/www.korhanyilmaz.com\/index.php?rest_route=\/wp\/v2\/posts\/42029\/revisions"}],"wp:attachment":[{"href":"http:\/\/www.korhanyilmaz.com\/index.php?rest_route=%2Fwp%2Fv2%2Fmedia&parent=42029"}],"wp:term":[{"taxonomy":"category","embeddable":true,"href":"http:\/\/www.korhanyilmaz.com\/index.php?rest_route=%2Fwp%2Fv2%2Fcategories&post=42029"},{"taxonomy":"post_tag","embeddable":true,"href":"http:\/\/www.korhanyilmaz.com\/index.php?rest_route=%2Fwp%2Fv2%2Ftags&post=42029"}],"curies":[{"name":"wp","href":"https:\/\/api.w.org\/{rel}","templated":true}]}}