{"id":42023,"date":"2011-11-05T18:49:59","date_gmt":"2011-11-05T16:49:59","guid":{"rendered":"http:\/\/www.korhanyilmaz.com\/?p=42023"},"modified":"2011-11-06T06:54:39","modified_gmt":"2011-11-06T04:54:39","slug":"iktidar-gozlerini-kor-etmis-adeta","status":"publish","type":"post","link":"http:\/\/www.korhanyilmaz.com\/?p=42023","title":{"rendered":"&#8216;\u0130ktidar g\u00f6zlerini k\u00f6r etmi\u015f adeta&#8217;"},"content":{"rendered":"<p style=\"text-align: center;\"><a href=\"http:\/\/www.korhanyilmaz.com\/wp-content\/uploads\/2011\/11\/8015.jpg\"  class=\"lightview\"><img loading=\"lazy\" decoding=\"async\" class=\"aligncenter  wp-image-42024\" src=\"http:\/\/www.korhanyilmaz.com\/wp-content\/uploads\/2011\/11\/8015.jpg\" alt=\"\" width=\"302\" height=\"227\" \/><\/a><\/p>\n<p style=\"text-align: justify;\">BDP\u2019nin Siyaset Akademisi\u2019ne kat\u0131lan yazarlar, akademisyenler birer birer i\u00e7eri al\u0131n\u0131yor. Akademi\u2019ye dair t\u00fcrl\u00fc s\u00f6ylenti ve manip\u00fclasyon ortal\u0131kta dola\u015f\u0131yor. Bu s\u00fcre\u00e7te Akademi\u2019de \u00e7al\u0131\u015fmalara kat\u0131lan isimlerden ara\u015ft\u0131rmac\u0131 yazar Faik Bulut\u2019la akademi \u00fczerine ve geli\u015fen s\u00fcrece dair konu\u015ftuk.<!--more--><\/p>\n<p style=\"text-align: justify;\"><strong>K\u00fcrt sorununda neden yeniden sava\u015f d\u00f6nemine girdik? Nas\u0131l bir s\u00fcre\u00e7ten ge\u00e7iyoruz?<\/strong><\/p>\n<p style=\"text-align: justify;\">Ya\u015fad\u0131\u011f\u0131m\u0131z s\u00fcre\u00e7 topyekun sava\u015f konsepti. \u0130\u015fi sadece askeri y\u00f6ntemlerle de\u011fil, KCK operasyonlar\u0131 ad\u0131 alt\u0131nda BDP\u2019nin taban\u0131n\u0131 tasfiye ederek, etkisiz b\u0131rakarak \u00e7\u00f6zmek istiyorlar. Bu anlay\u0131\u015fla K\u00fcrt siyaset\u00e7ileri topluyorlar. Naziler Yahudileri kamplara topluyorlard\u0131, AKP K\u00fcrtleri cezaevine topluyor. Sadece o da de\u011fil: bar\u0131\u015f meselesine, sorunun bar\u0131\u015f\u00e7\u0131l y\u00f6ntemle \u00e7\u00f6z\u00fclmesine sempati duyan, ilgi duyan K\u00fcrtlerle empati kuran herkese de g\u00f6zda\u011f\u0131. Aman ha buras\u0131 ate\u015f yeridir, yang\u0131n yeridir, yakla\u015fmay\u0131n demeye getiriyorlar. Tarihte bunun \u00e7ok tipik \u00f6rnekleri var. Benzeri durumlar\u0131 d\u0131\u015far\u0131da aramaya gerek yok. Osmanl\u0131 d\u00f6neminde Kanuni, Yavuz Sultan d\u00f6nemlerinde \u015eeyh\u00fclislam fetva verirdi. I\u015f\u0131k taifesi yada K\u0131z\u0131lba\u015f taifesini al\u0131p, toplay\u0131p idam ederlerdi. S\u00fcreci biraz ona benzetiyorum. G\u00fcn\u00fcm\u00fczde de bakt\u0131\u011f\u0131m\u0131zda \u0130mam\u2019\u0131n birisi \u00e7\u0131k\u0131p bir fetva veriyor. \u0130\u015fte padi\u015fah da \u00e7\u0131k\u0131p bunu kolluk kuvvetleriyle uyguluyor. Kad\u0131lar da bunu yarg\u0131l\u0131yor. Her \u015feyi birbirine katarak toplumu kamplar \u015feklinde tarafla\u015ft\u0131r\u0131yorlar. 12 Mart d\u00f6neminde de bu tarz tutuklamalar \u00e7ok ya\u015fanm\u0131\u015ft\u0131. Bir gecede y\u00fcz bin ki\u015fi topland\u0131. Deniz Gezmi\u015fler i\u00e7in u\u00e7ak ka\u00e7\u0131r\u0131ld\u0131\u011f\u0131nda o d\u00f6nemde bu i\u015fle hi\u00e7 alakas\u0131 olmayacak sosyal demokrat Altan \u00d6ymen u\u00e7ak ka\u00e7\u0131rmaya yard\u0131m etti\u011fi gerek\u00e7esiyle al\u0131nm\u0131\u015ft\u0131. Ter\u00f6ristlere yard\u0131m, yatakl\u0131k bir tutuklama konsepti i\u00e7in mazeret olmu\u015ftu. 90\u2019larda Tansu \u00c7iller, Do\u011fan G\u00fcre\u015f bu konsepti uygulad\u0131. Son d\u00f6nemde bu noktaya gelinmesinde T\u00fcrkiye\u2019nin, Arap \u00fclkelerine model g\u00f6sterilmesini \u00f6nemli buluyorum. AKP model olman\u0131n gere\u011fi olarak ve olu\u015fan \u00f6zg\u00fcvenle i\u00e7eride s\u0131k\u0131nt\u0131 olmas\u0131n diye muhalefeti ezme noktas\u0131na geldi.<\/p>\n<p style=\"text-align: justify;\"><strong>AKP de \u015fimdi bunu yap\u0131yor diyorsunuz\u2026<\/strong><\/p>\n<p style=\"text-align: justify;\">AKP iktidar\u0131 askeri vesayeti ortadan kald\u0131rd\u0131 yada nispeten tasfiye etti. Ergenekon, Balyoz davalar\u0131 ad\u0131 alt\u0131nda bunu yaparken vesayet kendine kald\u0131. Kendine kar\u015f\u0131t olan odaklar\u0131n elinden g\u00fcc\u00fc ald\u0131, ancak g\u00fcc\u00fc kendi elinde toplad\u0131. Bu g\u00fcc\u00fc yine \u00f6ncekiler gibi halka kar\u015f\u0131 kullanmaya ba\u015flad\u0131. Mutlaka do\u011fru benim demek, g\u00fcc\u00fcn k\u00f6rl\u00fc\u011f\u00fcne saplan\u0131p kalmakt\u0131r. Bana kar\u015f\u0131 \u00e7\u0131kan herkes d\u00fc\u015fmand\u0131r diyerek gelen bir a\u015fama var. En nihayetinde iktidar\u0131n kendisinin k\u00f6rle\u015ftirici \u00f6zelli\u011fi oldu\u011funu g\u00f6r\u00fcyoruz.<\/p>\n<p style=\"text-align: justify;\"><strong>BDP Siyaset Akademisi\u2019nde ders verdi\u011fi gerek\u00e7esiyle tutukland\u0131. Siz de orada ders veren bir isimsiniz? Nas\u0131l de\u011ferlendiriyorsunuz?<\/strong><\/p>\n<p style=\"text-align: justify;\">Ben BDP Siyaset Akademisinde Ortado\u011fu \u00fczerine dersler verdim. Ortado\u011fu tarihi, \u0130slam tarihi, Hz. Muhammet\u2019ten ba\u015flayarak Ortado\u011fu\u2019nun kadim tarihi, g\u00fcn\u00fcm\u00fcze kadar petrol sava\u015f\u0131, su sava\u015f\u0131, etnik bo\u011fazla\u015fma konular\u0131nda dersler verdim. Araplar\u0131n ulusal kurtulu\u015f hareketlerini, Filistin\u2019i, K\u00fcrtlerin hak arama m\u00fccadelesini anlatt\u0131m. Benim verdi\u011fim derslere\/seminerlere bakt\u0131\u011f\u0131n\u0131zda, ben kat\u0131ld\u0131\u011f\u0131m CNN T\u00fcrk, NTV programlar\u0131nda da anlat\u0131yorum. Ya da gitti\u011fim \u00fcniversitelerde de anlat\u0131yorum. Ortado\u011fu\u2019daki geli\u015fmelerle birlikte ayn\u0131 \u015feyleri anlat\u0131yorum. Yurtd\u0131\u015f\u0131nda ayn\u0131 \u015feyleri anlat\u0131yorum. \u015eimdi buradan bakt\u0131\u011f\u0131m\u0131zda Rag\u0131p Zarakolu ve B\u00fc\u015fra Ersanl\u0131\u2019n\u0131n bu konseptin d\u0131\u015f\u0131na \u00e7\u0131kt\u0131klar\u0131n\u0131 zannetmiyorum. Ki AKP de kendi siyaset akademisinde kendi kadrolar\u0131n\u0131 e\u011fitiyor, yeti\u015ftiriyor. T\u00fcrkiye\u2019de neredeyse her siyasi partinin soldan sa\u011fa kadar siyaset okulu program\u0131nda yer al\u0131r. Siyaset akademisinde konu\u015fulanlar, tart\u0131\u015f\u0131lanlar normalde \u0130stanbul\u2019da, Diyarbak\u0131r\u2019da liberalinden, solcusuna, yurtd\u0131\u015f\u0131ndan gelen \u00f6\u011fretim \u00fcyesine kadar herkesin verdi\u011fi, anlatt\u0131\u011f\u0131 derslerdir. Stutgart\u2019ta ge\u00e7en ay d\u00fczenlenen bir derne\u011fin, K\u00fcrt meselesi nas\u0131l \u00e7\u00f6z\u00fcl\u00fcr panelinde sol liberaller konu\u015ftu. Cengiz \u00c7andar haz\u0131rlad\u0131\u011f\u0131 raporu gidip \u0130ngiliz Avam kameras\u0131na anlatt\u0131. \u0130ki ay \u00f6nce Mithat Sancar\u2019\u0131n d\u00fczenledi\u011fi bir organizasyonda AKP ve BDP\u2019li vekiller bir arada yer ald\u0131. Herkes kendi g\u00f6r\u00fc\u015f\u00fcn\u00fc s\u00f6yledi. \u015eu a\u00e7\u0131dan s\u00f6yl\u00fcyorum: Burada \u00f6le s\u00f6ylendi\u011fi gibi illegal bir durum s\u00f6z konusu de\u011fil. Biraz daha tersinden bakarsak Siyaset Akademilerinde, en az\u0131ndan kendi dersim a\u00e7\u0131s\u0131ndan biliyorum, oradaki k\u00f6yl\u00fc dahil, siz bunu sivil bir hayata al\u0131\u015ft\u0131r\u0131yorsunuz. Silaha, k\u00fclaha \u015fiddete al\u0131\u015ft\u0131rm\u0131yorsunuz. Eylemcili\u011fe al\u0131\u015ft\u0131rm\u0131yorsunuz. Tersine sivil ve siyasi bir hayata al\u0131\u015ft\u0131r\u0131yorsunuz. Buradan bakt\u0131\u011f\u0131n\u0131zda siyaset akademisinde anlat\u0131lanlar\u0131n, ben tersine kriminalize edilerek g\u00fcvenlik konsepti \u00e7er\u00e7evesinde su\u00e7lanmas\u0131 yerine, sevin\u00e7le kar\u015f\u0131lanmas\u0131 gerekiyor. Militan ruhlu biri varsa ders alan, sivil politika, sivil hayatta toplumla b\u00fct\u00fcnle\u015fmeyi siyasetin yolunu y\u00f6ntemini anlat\u0131yorsunuz.<\/p>\n<p style=\"text-align: justify;\"><strong>Derslerde kat\u0131l\u0131mc\u0131lar\u0131n tepkileri nas\u0131ld\u0131, nas\u0131l ge\u00e7iyordu dersler?<\/strong><\/p>\n<p style=\"text-align: justify;\">Ben ders verirken K\u00fcrtlerde \u015funu g\u00f6rd\u00fcm. Her ulus gibi tarihi kendilerinden ba\u015flat\u0131yorlar. K\u00fcrt sorunun e\u015fsiz bir \u015fey oldu\u011funu kabul ederler. \u0130radeci bi\u00e7imde \u2018ha\u2019 deyince her sorunun \u00e7\u00f6z\u00fclece\u011fini d\u00fc\u015f\u00fcnen insanlara siz ba\u015fka t\u00fcrl\u00fc anlat\u0131yorsunuz. D\u00fcnya haritas\u0131n\u0131 \u00e7\u0131kar\u0131p, bak\u0131n d\u00fcnya haritas\u0131 \u015fu kadar, Ortado\u011fu \u015fu kadar, T\u00fcrkiye \u015fu kadar. Sizin K\u00fcrdistan dedi\u011finiz yer de ancak d\u00fcnyada bu kadar yer kapl\u0131yor diye anlat\u0131yoruz. Demek ki sizin d\u00fcnya a\u00e7\u0131s\u0131ndan \u00f6neminiz de o kadar. Demek ki siz de d\u00fcnyadaki geli\u015fmeler bakacaks\u0131n\u0131z, demek ki d\u00fcnyadaki geli\u015fmelere, konjonkt\u00fcre bakacaks\u0131n\u0131z. Siyaset, nas\u0131l seyislikse, at terbiyecili\u011fi ise Arap\u00e7a\u2019da, militan ki\u015fiyi siyaset akademisinde aktard\u0131\u011f\u0131n\u0131z siyaset teknikleri ile onu kent ya\u015fam\u0131na al\u0131\u015ft\u0131r\u0131yorsunuz.<\/p>\n<p style=\"text-align: justify;\"><strong>Y\u0131ld\u0131ray O\u011fur yazm\u0131\u015ft\u0131 ge\u00e7en \u015fiddetin bu kadar kol gezdi\u011fi yerde siyaset akademilerinde konu\u015fulanlar ahlaki midir diye?<\/strong><\/p>\n<p style=\"text-align: justify;\">Bence \u00e7ok ahlakidir. \u00c7\u00fcnk\u00fc \u015fiddetin bu kadar kol gezdi\u011fi bir d\u00f6nemde siz siyaset akademisinde ders veriyorsan\u0131z, siz objektif olarak \u015funa hizmet ediyorsunuz: \u015eiddet dursun, yerine kent merkezli alternatif politikalar gelsin Ama siz illaki ben kriminalize edece\u011fim diyorsan\u0131z, edersiniz.<\/p>\n<p style=\"text-align: justify;\"><strong>Bir de Zerd\u00fc\u015ftl\u00fck meselesidir gidiyor. Dinler konusunda da \u00e7al\u0131\u015fan birisi olarak bu konuda ne diyeceksiniz?<\/strong><\/p>\n<p style=\"text-align: justify;\">Zerd\u00fc\u015ftl\u00fck meselesini \u015f\u00f6yle a\u00e7\u0131y\u0131m. Mersin \u00dcniversitesi\u2019nde Dengir Mir Mehmet F\u0131rat ile paneldeyim. Panelde liberal solcular anayasa i\u015fi kolay, hemen olur mahiyetinde s\u00f6zler sarfetti. Ben de bu mant\u0131k yeni bir anayasay\u0131 getirmez dedim. Bir de Ba\u015fbakan\u2019\u0131n Zerd\u00fc\u015ftl\u00fc\u011f\u00fc yeren s\u00f6zlerini hat\u0131rlatarak bu i\u015fin olmayaca\u011f\u0131n\u0131 hat\u0131rlatm\u0131\u015ft\u0131m. Ba\u015fbakan bir kere K\u00fcrtlerin Zerd\u00fc\u015ft olmad\u0131\u011f\u0131n\u0131 \u00e7ok iyi bilir. Zerd\u00fc\u015ftl\u00fck \u00f6lmekte olan bir din. K\u00fcrtlerin bunu benimsemesi m\u00fcmk\u00fcn de\u011fil. PKK kadrolar\u0131n\u0131n \u00e7o\u011fu ise materyalist d\u00fc\u015f\u00fcncelere sahip. Dolay\u0131s\u0131yla onlar\u0131n Zerd\u00fc\u015ftl\u00fck diye bir dertleri yok. K\u00fcrtler bir d\u00f6nem Zerd\u00fc\u015ft olmu\u015f\u2026 \u00c7ok da normal. T\u00fcrkler de bir zaman \u015eamanist ve Budist\u2019ti.K\u00fcrtlerin Zerd\u00fc\u015ftl\u00fc\u011f\u00fcn\u00fc yeriyorsan, T\u00fcrklerin \u015eamanist ve Budistli\u011fini niye yermiyorsun. Ben buna kat\u0131lm\u0131yorum. Ama mant\u0131k yanl\u0131\u015f. Velev ki bir insan Zerd\u00fc\u015ft\u2019t\u00fcr. Hani sen \u00f6teki t\u00fcm inan\u00e7lara sayg\u0131l\u0131yd\u0131n. B\u00f6yle bir mant\u0131k demokrasi getirmez, anayasa da yapamaz.<\/p>\n<p style=\"text-align: justify;\"><strong>Peki bu sorun nas\u0131l \u00e7\u00f6z\u00fclecek, bir uzla\u015fma bekliyor musunuz?<\/strong><\/p>\n<p style=\"text-align: justify;\">Bence K\u00fcrt meselesi \u00e7\u00f6z\u00fcm\u00fcn e\u015fi\u011fine gelip dayanm\u0131\u015ft\u0131r. PKK-M\u0130T g\u00f6r\u00fc\u015fmeler her ne kadar se\u00e7im etkisi olsa da art\u0131k bir a\u015famaya geldi\u011fimizin g\u00f6stergesidir. Devlet de \u00f6rg\u00fctte uzla\u015fma masas\u0131na oturabiliyor. \u0130ki taraf da uzla\u015fmadan yand\u0131r. Bu bizim bar\u0131\u015f dedi\u011fimiz \u015feydir. Bu e\u015fik de, b\u00fct\u00fcn d\u00fcnyadaki geli\u015fmeler bunu g\u00f6sterir, G\u00fcney Afrika\u2019daki, Vietnam, Filistin gibi s\u00fcre\u00e7lere bakt\u0131\u011f\u0131n\u0131zda i\u015f \u00e7\u00f6z\u00fcme geldi\u011finde en b\u00fcy\u00fck \u00e7at\u0131\u015fma bu d\u00f6nemde olur. Bu d\u00f6nem provokasyona a\u00e7\u0131k oluyor. T\u00fcrkiye\u2019ye bakarsan\u0131z bu d\u00f6nem de \u00f6yle. T\u00fcrk-K\u00fcrt \u00e7at\u0131\u015fmas\u0131n\u0131n e\u015fi\u011findeyiz. Sokaklara \u00e7\u0131kan bindirilmi\u015f k\u0131talar onun g\u00f6stergesidir. Etnik bo\u011fazla\u015fma e\u011fi\u011findeyiz. Bu nedenle endi\u015feliyim. Ama uzun vadede iyimserim. \u00c7\u00fcnk\u00fc masaya oturulduktan sonra bir \u00e7at\u0131\u015fma d\u00f6nemi, bir bar\u0131\u015f d\u00f6nemi gider\u2026 Bu s\u00fcre\u00e7te \u00f6zellikle bat\u0131da kamuoyunu iyi haz\u0131rlamak laz\u0131m. Bunu sadece bar\u0131\u015f talebi i\u00e7in s\u00f6ylemiyorum. Demokratik hak m\u00fccadelesi i\u00e7in yap\u0131lan m\u00fccadelenin K\u00fcrt sorunu olmad\u0131\u011f\u0131 ayn\u0131 zamanda T\u00fcrk sorunu oldu\u011funu da, \u00f6zellikle T\u00fcrkiye sorunu oldu\u011fu iyi anlat\u0131lmal\u0131d\u0131r. K\u00fcrtlerin durup dururken isyan etmedi\u011fini, nedenlerini iyi anlatmak gerekir. Bunun ancak bir karde\u015flikle \u00e7\u00f6z\u00fclebilece\u011fini daha g\u00fc\u00e7l\u00fc dillendirmek laz\u0131m. Burada tabii ne kadar zay\u0131f olursa olsun sol kesime i\u015f d\u00fc\u015f\u00fcyor: Solun \u00e7ok ciddi karde\u015flik zemininde i\u00e7 bo\u011fazla\u015fmaya kar\u015f\u0131 her platformda fikri m\u00fccadele yapmas\u0131 laz\u0131m. Pratikte t\u00fcm legal yollar\u0131, me\u015fru yollar\u0131 kullanmal\u0131. Sokak g\u00f6sterileri, gibi\u2026 Bu sadece sol yap\u0131lar\u0131n oldu\u011fu bir eylemlilik de\u011fil s\u0131radan insanlar\u0131n da kat\u0131labildi\u011fi eylemlilikler. Mesela B\u00fc\u015fra Ersanl\u0131 ve Rag\u0131p Zarakolu i\u00e7in toplanan 700 ayd\u0131n imzas\u0131 bu a\u00e7\u0131dan mesela \u00f6nemliydi.<\/p>\n<p style=\"text-align: justify;\"><a href=\"http:\/\/www.birgun.net\/politics_index.php?news_code=1320486600&amp;year=2011&amp;month=11&amp;day=05\" target=\"_blank\">Kaynak : Serbay Mansuro\u011flu &#8211; B\u0130RG\u00dcN<\/a><\/p>\n","protected":false},"excerpt":{"rendered":"<p style=\"text-align: center;\">\n<p style=\"text-align: justify;\">BDP\u2019nin Siyaset Akademisi\u2019ne kat\u0131lan yazarlar, akademisyenler birer birer i\u00e7eri al\u0131n\u0131yor. Akademi\u2019ye dair t\u00fcrl\u00fc s\u00f6ylenti ve manip\u00fclasyon ortal\u0131kta dola\u015f\u0131yor. Bu s\u00fcre\u00e7te Akademi\u2019de \u00e7al\u0131\u015fmalara kat\u0131lan isimlerden ara\u015ft\u0131rmac\u0131 yazar Faik Bulut\u2019la akademi \u00fczerine ve geli\u015fen s\u00fcrece dair konu\u015ftuk.<\/p>\n","protected":false},"author":1,"featured_media":0,"comment_status":"open","ping_status":"open","sticky":false,"template":"","format":"standard","meta":{"footnotes":""},"categories":[105],"tags":[],"class_list":["post-42023","post","type-post","status-publish","format-standard","hentry","category-gundem","odd"],"_links":{"self":[{"href":"http:\/\/www.korhanyilmaz.com\/index.php?rest_route=\/wp\/v2\/posts\/42023","targetHints":{"allow":["GET"]}}],"collection":[{"href":"http:\/\/www.korhanyilmaz.com\/index.php?rest_route=\/wp\/v2\/posts"}],"about":[{"href":"http:\/\/www.korhanyilmaz.com\/index.php?rest_route=\/wp\/v2\/types\/post"}],"author":[{"embeddable":true,"href":"http:\/\/www.korhanyilmaz.com\/index.php?rest_route=\/wp\/v2\/users\/1"}],"replies":[{"embeddable":true,"href":"http:\/\/www.korhanyilmaz.com\/index.php?rest_route=%2Fwp%2Fv2%2Fcomments&post=42023"}],"version-history":[{"count":0,"href":"http:\/\/www.korhanyilmaz.com\/index.php?rest_route=\/wp\/v2\/posts\/42023\/revisions"}],"wp:attachment":[{"href":"http:\/\/www.korhanyilmaz.com\/index.php?rest_route=%2Fwp%2Fv2%2Fmedia&parent=42023"}],"wp:term":[{"taxonomy":"category","embeddable":true,"href":"http:\/\/www.korhanyilmaz.com\/index.php?rest_route=%2Fwp%2Fv2%2Fcategories&post=42023"},{"taxonomy":"post_tag","embeddable":true,"href":"http:\/\/www.korhanyilmaz.com\/index.php?rest_route=%2Fwp%2Fv2%2Ftags&post=42023"}],"curies":[{"name":"wp","href":"https:\/\/api.w.org\/{rel}","templated":true}]}}