{"id":42014,"date":"2011-11-05T21:58:50","date_gmt":"2011-11-05T19:58:50","guid":{"rendered":"http:\/\/www.korhanyilmaz.com\/?p=42014"},"modified":"2011-11-06T06:38:50","modified_gmt":"2011-11-06T04:38:50","slug":"kurban-bayrami-basliyor","status":"publish","type":"post","link":"http:\/\/www.korhanyilmaz.com\/?p=42014","title":{"rendered":"Kurban Bayram\u0131 ba\u015fl\u0131yor"},"content":{"rendered":"<p style=\"text-align: center;\"><a href=\"http:\/\/www.korhanyilmaz.com\/wp-content\/uploads\/2011\/11\/8013.jpg\"  class=\"lightview\"><img loading=\"lazy\" decoding=\"async\" class=\"aligncenter  wp-image-42015\" src=\"http:\/\/www.korhanyilmaz.com\/wp-content\/uploads\/2011\/11\/8013.jpg\" alt=\"\" width=\"322\" height=\"241\" \/><\/a><\/p>\n<p style=\"text-align: justify;\">Kurban Bayram\u0131 yar\u0131n ba\u015fl\u0131yor. D\u00f6rt g\u00fcn s\u00fcrecek olan bayram\u0131n sakin ve g\u00fcvenli bir ortamda ge\u00e7irilmesi i\u00e7in al\u0131nan \u00f6nlemler artt\u0131r\u0131l\u0131yor.<\/p>\n<p style=\"text-align: justify;\">Ankara- \u0130slam aleminin g\u00fcnler \u00f6ncesinden haz\u0131rl\u0131klar\u0131na ba\u015flad\u0131\u011f\u0131, 4 g\u00fcn s\u00fcrecek Kurban Bayram\u0131 yar\u0131n ba\u015fl\u0131yor. Kurban Bayram\u0131 dolay\u0131s\u0131yla kurban pazarlar\u0131nda ve kesim alanlar\u0131nda haz\u0131rl\u0131klar tamamlan\u0131rken, denetimler de artt\u0131r\u0131l\u0131yor.<!--more--><\/p>\n<p style=\"text-align: justify;\">Kurban Bayram\u0131&#8217;n\u0131 \u015fehir d\u0131\u015f\u0131nda ge\u00e7irmek isteyen yurtta\u015flar i\u00e7in \u015fehirleraras\u0131 yollarda al\u0131nan tedbirler de artt\u0131r\u0131l\u0131rken, emniyet kuvvetleri Ankara, \u0130stanbul ve \u0130zmir ba\u015fta olmak \u00fczere t\u00fcm kentlerde al\u0131nan g\u00fcvenlik \u00f6nlemlerini s\u0131kla\u015ft\u0131r\u0131yor. Bayram s\u00fcresince vatanda\u015flar\u0131n su, do\u011falgaz ihtiya\u00e7lar\u0131n\u0131n kesintisiz kar\u015f\u0131lanmas\u0131 i\u00e7in belediyeler taraf\u0131ndan haz\u0131rl\u0131klar tamamlan\u0131rken, mezarl\u0131klara ula\u015f\u0131m kolayl\u0131\u011f\u0131 da sa\u011flanacak. Kurban Bayram\u0131 dolay\u0131s\u0131yla Ankaral\u0131lar bayram\u0131 s\u00fcresince kent i\u00e7i ula\u015f\u0131mda EGO otob\u00fcslerinden \u00fccretsiz yararlanabilecek. \u0130stanbul&#8217;da ise \u015fehir i\u00e7i ula\u015f\u0131m y\u00fczde 50 indirimli olacak.<\/p>\n<p style=\"text-align: justify;\"><strong>Liderlerin bayram program\u0131\u00a0<\/strong><\/p>\n<p style=\"text-align: justify;\">Kurban Bayram\u0131&#8217;na bir g\u00fcn kala liderlerin de bayram program\u0131 netle\u015fmeye ba\u015flad\u0131. Cumhurba\u015fkan\u0131 Abdullah G\u00fcl&#8217;\u00fcn ge\u00e7ti\u011fimiz hafta i\u00e7inde planlanan ancak ertelenen Van ziyareti Kurban Bayram\u0131&#8217;n\u0131n birinci g\u00fcn\u00fc ger\u00e7ekle\u015ftirilecek. G\u00fcl, bayram\u0131n birinci g\u00fcn\u00fc Van&#8217;a giderek, deprem b\u00f6lgesinde incelemelerde bulunacak. Ba\u015fbakan Recep Tayyip Erdo\u011fan ise Kurban Bayram\u0131&#8217;n\u0131 \u0130stanbul&#8217;da ge\u00e7irecek. Ge\u00e7en ay i\u00e7inde annesi Tenzile Erdo\u011fan&#8217;\u0131 kaybeden Erdo\u011fan, ilk defa annesi olmadan bir bayram ge\u00e7irecek.<\/p>\n<p style=\"text-align: justify;\">Cumhurba\u015fkan\u0131 G\u00fcl&#8217;\u00fcn yan\u0131 s\u0131ra CHP Genel Ba\u015fkan Kemal K\u0131l\u0131\u00e7daro\u011flu da bayram\u0131n birinci g\u00fcn\u00fc Van&#8217;da olacak. Burada depremzedelerle bayramla\u015facak olan K\u0131l\u0131\u00e7dao\u011flu, kurban\u0131 da Van&#8217;da kesecek. MHP Genel Ba\u015fkan\u0131 Devlet Bah\u00e7eli ise bayram\u0131n birinci ve ikinci g\u00fcn\u00fcn\u00fc Ankara&#8217;da ge\u00e7irecek. BDP heyeti de ilk g\u00fcn Van&#8217;da depremzedelerle bayramla\u015f\u0131rken partiler aras\u0131 bayramla\u015fma ise Kurban Bayram\u0131&#8217;n\u0131n ikinci g\u00fcn\u00fc ger\u00e7ekle\u015ftirilecek.<\/p>\n<p style=\"text-align: justify;\"><strong>Bayram namaz\u0131 vakitleri\u00a0<\/strong><\/p>\n<p style=\"text-align: justify;\">Diyanet \u0130\u015fleri Ba\u015fkanl\u0131\u011f\u0131&#8217;n\u0131n verilerine g\u00f6re Kurban Bayram\u0131 namaz\u0131 Ankara&#8217;da 7.04, \u0130stanbul&#8217;da 7.23, \u0130zmir&#8217;de 7.24, I\u011fd\u0131r&#8217;da 6.20, \u00c7anakkale&#8217;de 7.31&#8217;de k\u0131l\u0131nacak. Bayram namaz\u0131 7.2&#8217;lik depremin vurdu\u011fu Van&#8217;da ise 6.19&#8217;da ba\u015flayacak.<\/p>\n<p style=\"text-align: justify;\"><strong>Diyanet&#8217;ten kurban kesim uyar\u0131lar\u0131\u00a0<\/strong><\/p>\n<p style=\"text-align: justify;\">Kurban kesmek i\u00e7in haz\u0131rl\u0131klar s\u00fcrerken Diyanet \u0130\u015fleri Ba\u015fkanl\u0131\u011f\u0131, kurban keserken dikkat edilmesi gereken konulara ili\u015fkin de bilgi veriyor. Diyanet \u0130\u015fleri Ba\u015fkanl\u0131\u011f\u0131, koyun, ke\u00e7i, s\u0131\u011f\u0131r, manda ve devenin kurban edilebilece\u011fini ifade ederken, bu hayvanlar\u0131n kurban olarak kesilebilmesi i\u00e7in de koyun ve ke\u00e7inin bir, s\u0131\u011f\u0131r ve mandan\u0131n iki, devenin ise be\u015f ya\u015f\u0131n\u0131 doldurmu\u015f olmas\u0131 gerekti\u011fini belirtti. Diyanet yurtta\u015flara \u015fu uyar\u0131larda bulundu:<\/p>\n<p style=\"text-align: justify;\">&#8220;Kurban edilecek hayvana ac\u0131 \u00e7ektirilmemeli ve eziyet verilmemelidir. Hayvanlar ehil ki\u015filer taraf\u0131ndan kesilmeli ve kesim i\u015flemi s\u00fcratli bir \u015fekilde yerine getirilmelidir. Ayr\u0131ca, \u00e7evre temizli\u011fi i\u00e7in gerekli tedbirler al\u0131nmal\u0131d\u0131r. Hayvanlar\u0131n, birbirlerinin kesimini g\u00f6recek \u015fekilde yan yana bulundurulmamalar\u0131na \u00f6zen g\u00f6sterilmelidir.&#8221;<\/p>\n<p style=\"text-align: justify;\"><strong>Bayramda hava durumu\u00a0<\/strong><\/p>\n<p style=\"text-align: justify;\">Kurban Bayram\u0131 s\u00fcresince yurdun b\u00fcy\u00fck b\u00f6l\u00fcm\u00fcnde ya\u011f\u0131\u015f beklenmezken meteorolojik tahminlere g\u00f6re, ba\u015fta Do\u011fu Karadeniz olmak \u00fczere yer yer ya\u011f\u0131\u015f ge\u00e7i\u015fleri g\u00f6r\u00fclecek.<\/p>\n<p style=\"text-align: justify;\">Depremin vurdu\u011fu Van&#8217;da ise bayram\u0131n birinci g\u00fcn\u00fc \u00e7ok bulutlu, karla kar\u0131\u015f\u0131k ya\u011fmurlu, y\u00fcksekler ise kar ya\u011f\u0131\u015fl\u0131 ge\u00e7ecek. Sabah ve gece saatlerinde buzlanma ve don olay\u0131n\u0131n g\u00f6r\u00fclmesi beklenen deprem b\u00f6lgesinde Pazartesi g\u00fcn\u00fc de par\u00e7al\u0131 \u00e7ok bulutlu olacak.<\/p>\n<p style=\"text-align: justify;\">\u00d6te yandan bug\u00fcn do\u011fu b\u00f6lgelerde 1 ila 3 derece azalacak olan hava s\u0131cakl\u0131\u011f\u0131n\u0131n bayram\u0131n ilk g\u00fcn\u00fc t\u00fcm yurtta 1 ila 3 derece artmas\u0131 bekleniyor. Meteoroloji yetkilileri bayram s\u00fcresince i\u00e7 ve do\u011fu kesimlerde yer yer g\u00f6r\u00fclecek sis, buzlanma ve don olay\u0131n\u0131n neden olabilece\u011fi olumsuzluklara kar\u015f\u0131 da vatanda\u015flar\u0131 dikkatli olunmas\u0131 y\u00f6n\u00fcnde uyard\u0131.<\/p>\n<p style=\"text-align: justify;\"><a href=\"http:\/\/www.cumhuriyet.com.tr\/?kn=7&amp;hn=290986\" target=\"_blank\">Kaynak : Cumhuriyet Haber Portal\u0131<\/a><\/p>\n","protected":false},"excerpt":{"rendered":"<p style=\"text-align: center;\">\n<p style=\"text-align: justify;\">Kurban Bayram\u0131 yar\u0131n ba\u015fl\u0131yor. D\u00f6rt g\u00fcn s\u00fcrecek olan bayram\u0131n sakin ve g\u00fcvenli bir ortamda ge\u00e7irilmesi i\u00e7in al\u0131nan \u00f6nlemler artt\u0131r\u0131l\u0131yor.<\/p>\n<p style=\"text-align: justify;\">Ankara- \u0130slam aleminin g\u00fcnler \u00f6ncesinden haz\u0131rl\u0131klar\u0131na ba\u015flad\u0131\u011f\u0131, 4 g\u00fcn s\u00fcrecek Kurban Bayram\u0131 yar\u0131n ba\u015fl\u0131yor. Kurban Bayram\u0131 dolay\u0131s\u0131yla kurban pazarlar\u0131nda ve kesim alanlar\u0131nda haz\u0131rl\u0131klar tamamlan\u0131rken, denetimler de artt\u0131r\u0131l\u0131yor.<\/p>\n","protected":false},"author":1,"featured_media":0,"comment_status":"open","ping_status":"open","sticky":false,"template":"","format":"standard","meta":{"footnotes":""},"categories":[105],"tags":[],"class_list":["post-42014","post","type-post","status-publish","format-standard","hentry","category-gundem","odd"],"_links":{"self":[{"href":"http:\/\/www.korhanyilmaz.com\/index.php?rest_route=\/wp\/v2\/posts\/42014","targetHints":{"allow":["GET"]}}],"collection":[{"href":"http:\/\/www.korhanyilmaz.com\/index.php?rest_route=\/wp\/v2\/posts"}],"about":[{"href":"http:\/\/www.korhanyilmaz.com\/index.php?rest_route=\/wp\/v2\/types\/post"}],"author":[{"embeddable":true,"href":"http:\/\/www.korhanyilmaz.com\/index.php?rest_route=\/wp\/v2\/users\/1"}],"replies":[{"embeddable":true,"href":"http:\/\/www.korhanyilmaz.com\/index.php?rest_route=%2Fwp%2Fv2%2Fcomments&post=42014"}],"version-history":[{"count":0,"href":"http:\/\/www.korhanyilmaz.com\/index.php?rest_route=\/wp\/v2\/posts\/42014\/revisions"}],"wp:attachment":[{"href":"http:\/\/www.korhanyilmaz.com\/index.php?rest_route=%2Fwp%2Fv2%2Fmedia&parent=42014"}],"wp:term":[{"taxonomy":"category","embeddable":true,"href":"http:\/\/www.korhanyilmaz.com\/index.php?rest_route=%2Fwp%2Fv2%2Fcategories&post=42014"},{"taxonomy":"post_tag","embeddable":true,"href":"http:\/\/www.korhanyilmaz.com\/index.php?rest_route=%2Fwp%2Fv2%2Ftags&post=42014"}],"curies":[{"name":"wp","href":"https:\/\/api.w.org\/{rel}","templated":true}]}}