{"id":42009,"date":"2011-11-05T17:28:54","date_gmt":"2011-11-05T15:28:54","guid":{"rendered":"http:\/\/www.korhanyilmaz.com\/?p=42009"},"modified":"2011-11-05T19:31:27","modified_gmt":"2011-11-05T17:31:27","slug":"tubayi-cokerttiler","status":"publish","type":"post","link":"http:\/\/www.korhanyilmaz.com\/?p=42009","title":{"rendered":"T\u00dcBA&#8217;y\u0131 \u00e7\u00f6kerttiler"},"content":{"rendered":"<p style=\"text-align: center;\"><a href=\"http:\/\/www.korhanyilmaz.com\/wp-content\/uploads\/2011\/11\/8012.jpg\"  class=\"lightview\"><img loading=\"lazy\" decoding=\"async\" class=\"aligncenter  wp-image-42010\" src=\"http:\/\/www.korhanyilmaz.com\/wp-content\/uploads\/2011\/11\/8012.jpg\" alt=\"\" width=\"322\" height=\"241\" \/><\/a><\/p>\n<p style=\"text-align: justify;\">AKP h\u00fck\u00fcmeti T\u00dcBA&#8217;n\u0131n \u00f6zerkli\u011fine darbe vurmak i\u00e7in T\u00dcB\u0130TAK \u00fczerinden atama yetkisi al\u0131nca 50&#8217;ye yak\u0131n bilim insan\u0131 akademi \u00fcyeli\u011finden istifa etti. \u0130stifa eden isimlerden Prof. Dr. Naci G\u00f6r\u00fcr: &#8216;T\u00dcBA, art\u0131k bilim akademisi olmaktan \u00e7\u0131km\u0131\u015ft\u0131r&#8217; derken, Prof. Dr. Celal \u015eeng\u00f6r de, &#8216;Baz\u0131 arkada\u015flar yaln\u0131zca y\u0131ll\u0131k verilen 20 bin TL&#8217;den vazge\u00e7emiyorlar. Bu ay\u0131pt\u0131r, art\u0131k T\u00dcBA bitmi\u015ftir&#8217; diye konu\u015ftu.<!--more--><\/p>\n<p style=\"text-align: justify;\">Cumhuriyet &#8211; H\u00fck\u00fcmetin, kanun h\u00fckm\u00fcndeki kararname (KHK) ile T\u00fcrkiye Bilimler Akademisi\u2019ne (T\u00dcBA) atama yetkisi almas\u0131, bilim d\u00fcnyas\u0131nda b\u00fcy\u00fck tepkilere neden oldu ve 50\u2019ye yak\u0131n bilim insan\u0131 istifa etti. \u0130stifa eden isimler aras\u0131nda yer alan \u0130T\u00dc Maden Fak\u00fcltesi \u00d6\u011fretim \u00dcyesi Prof. Dr. Naci G\u00f6r\u00fcr, \u201c\u0130stifa eden bilim insanlar\u0131 yeni bir bilim akademisi alt\u0131nda dernek kurarak \u00e7ok daha g\u00fc\u00e7leneceklerdir\u201d diye konu\u015ftu. \u0130T\u00dc Maden Fak\u00fcltesi Jeoloji B\u00f6l\u00fcm\u00fc \u00d6\u011fretim \u00dcyesi Prof. Dr. Celal \u015eeng\u00f6r de \u201cT\u00dcBA art\u0131k bitmi\u015ftir\u201d dedi.<\/p>\n<p style=\"text-align: justify;\">T\u00dcBA\u2019n\u0131n \u00f6zerk yap\u0131s\u0131na darbe vuran d\u00fczenlemede yap\u0131lan g\u00f6stermelik de\u011fi\u015fiklikle, Bakanlar Kurulu\u2019nun, kurula do\u011frudan de\u011fil, dolayl\u0131 olarak \u00fcyelerinin \u00e7o\u011funlu\u011fu Ba\u015fbakan taraf\u0131ndan belirlenen T\u00dcB\u0130TAK Bilimler Kurulu \u00fczerinden atama yap\u0131lmas\u0131 sa\u011fland\u0131. Buna g\u00f6re 300 \u00fcyeden olu\u015fan T\u00dcBA\u2019ya 100 \u00fcye T\u00dcB\u0130TAK Bilim Kurulu, 100 \u00fcye Y\u00d6K taraf\u0131ndan atan\u0131rken, 100 \u00fcyeyi de akademinin kendisi se\u00e7ecek. Bu d\u00fczenleme ise T\u00dcBA\u2019da istifalar\u0131 g\u00fcndeme getirdi. 50\u2019ye yak\u0131n bilim insan\u0131 istifalar\u0131n\u0131 \u00f6nce elektronik posta ile daha sonra yetkili birimlere g\u00f6nderdikleri dilek\u00e7eleri ile duyurdu.<\/p>\n<p style=\"text-align: justify;\">T\u00dcBA \u00fcyelerinden \u0130T\u00dc Maden Fak\u00fcltesi \u00d6\u011fretim \u00dcyesi Prof. Dr. Naci G\u00f6r\u00fcr de istifa etti. Prof. Dr. G\u00f6r\u00fcr, t\u00fcm \u00e7a\u011fda\u015f \u00fclkelerdeki bilim akademilerinin \u00f6zerk oldu\u011funu, \u00fcye ve ba\u015fkanlar\u0131n\u0131 kendilerinin se\u00e7tiklerini vurgulad\u0131. \u201cT\u00dcBA kuruldu\u011fu 1993 y\u0131l\u0131ndan bu yana aynen \u00e7a\u011fda\u015flar\u0131 gibi \u00e7al\u0131\u015fm\u0131\u015f, \u00fcyelerini, ba\u015fkan\u0131n\u0131 bilimsel \u00f6l\u00e7\u00fclere g\u00f6re kendisi se\u00e7mi\u015ftir. T\u00fcrk bilimini de d\u00fcnya platformunda temsil etmi\u015ftir\u201d ifadelerini kullanan Prof. Dr. G\u00f6r\u00fcr, \u201cT\u00dcBA \u00e7al\u0131\u015fmalar\u0131na b\u00f6yle devam ederken, anla\u015f\u0131lmaz bir nedenle siyasi irade do\u011frudan ya da dolayl\u0131 olarak hem \u00fcyeleri hem de ba\u015fkan\u0131 kendi se\u00e7ebiliyor. B\u00f6yle bir yakla\u015f\u0131m bilimler akademisini yok eder. Bilim adamlar\u0131n\u0131n da burada kalmas\u0131na gerek yoktur. Bu nedenle, \u00fcyelerin b\u00fcy\u00fck \u00e7o\u011funlu\u011fu olarak istifa ettik. Bu say\u0131 daha da artacakt\u0131r\u201d diye konu\u015ftu.<\/p>\n<p style=\"text-align: justify;\">H\u00fck\u00fcmetin bu uygulamas\u0131n\u0131n kabul edilemez oldu\u011funa dikkat \u00e7eken Prof. Dr. G\u00f6r\u00fcr, \u201cBu istifa eden T\u00fcrkiye\u2019nin en elit bilim insanlar\u0131, yeni bir bilim akademisi alt\u0131nda dernek kurarak \u00e7ok daha g\u00fc\u00e7leneceklerdir. Uluslararas\u0131 bilim d\u00fcnyas\u0131nda yollar\u0131na devam edeceklerdir. S\u00f6z konusu bilim akademisinin haz\u0131rl\u0131\u011f\u0131 tamamlanm\u0131\u015ft\u0131r\u201d dedi.<\/p>\n<p style=\"text-align: justify;\">\u0130T\u00dc Maden Fak\u00fcltesi Jeoloji B\u00f6l\u00fcm\u00fc \u00d6gretim \u00dcyesi Prof. Dr. Celal \u015eeng\u00f6r de istifa eden isimler aras\u0131nda yer ald\u0131. Prof. Dr. \u015eeng\u00f6r, \u201cKendi \u00fcyelerini se\u00e7emeyen, politik g\u00fcce ba\u011fl\u0131 bir bilim akademisi olamaz. B\u00f6yle yaparlarsa d\u00fcnyay\u0131 kendilerine g\u00fcld\u00fcr\u00fcrler. B\u00f6yle giderse D\u00fcnya Bilimler Akademisi ile herhangi bir ba\u011flar\u0131 da kalmaz. \u015eimdi T\u00dcBA\u2019da kalan baz\u0131 bilim adamlar\u0131 var. Ve biz m\u00fccadelemizi i\u00e7erde devam ettirece\u011fiz diyorlar. B\u00f6yle bir \u015fey olamaz. Bu, g\u00fcce tutunmaktan ba\u015fka bir \u015fey de\u011fildir. Baz\u0131 arkada\u015flar yaln\u0131zca y\u0131ll\u0131k verilen 20 bin TL\u2019den vazge\u00e7emiyorlar. Bu ay\u0131pt\u0131r, art\u0131k T\u00dcBA bitmi\u015ftir\u201d diye konu\u015ftu.<\/p>\n<p style=\"text-align: justify;\"><a href=\"http:\/\/www.cumhuriyet.com.tr\/?hn=291002\" target=\"_blank\">Kaynak : Cumhuriyet Haber Portal\u0131<\/a><\/p>\n","protected":false},"excerpt":{"rendered":"<p style=\"text-align: center;\">\n<p style=\"text-align: justify;\">AKP h\u00fck\u00fcmeti T\u00dcBA&#8217;n\u0131n \u00f6zerkli\u011fine darbe vurmak i\u00e7in T\u00dcB\u0130TAK \u00fczerinden atama yetkisi al\u0131nca 50&#8217;ye yak\u0131n bilim insan\u0131 akademi \u00fcyeli\u011finden istifa etti. \u0130stifa eden isimlerden Prof. Dr. Naci G\u00f6r\u00fcr: &#8216;T\u00dcBA, art\u0131k bilim akademisi olmaktan \u00e7\u0131km\u0131\u015ft\u0131r&#8217; derken, Prof. Dr. Celal \u015eeng\u00f6r de, &#8216;Baz\u0131 arkada\u015flar yaln\u0131zca y\u0131ll\u0131k verilen 20 bin TL&#8217;den vazge\u00e7emiyorlar. Bu ay\u0131pt\u0131r, <\/p>\n","protected":false},"author":1,"featured_media":0,"comment_status":"open","ping_status":"open","sticky":false,"template":"","format":"standard","meta":{"footnotes":""},"categories":[105],"tags":[],"class_list":["post-42009","post","type-post","status-publish","format-standard","hentry","category-gundem","odd"],"_links":{"self":[{"href":"http:\/\/www.korhanyilmaz.com\/index.php?rest_route=\/wp\/v2\/posts\/42009","targetHints":{"allow":["GET"]}}],"collection":[{"href":"http:\/\/www.korhanyilmaz.com\/index.php?rest_route=\/wp\/v2\/posts"}],"about":[{"href":"http:\/\/www.korhanyilmaz.com\/index.php?rest_route=\/wp\/v2\/types\/post"}],"author":[{"embeddable":true,"href":"http:\/\/www.korhanyilmaz.com\/index.php?rest_route=\/wp\/v2\/users\/1"}],"replies":[{"embeddable":true,"href":"http:\/\/www.korhanyilmaz.com\/index.php?rest_route=%2Fwp%2Fv2%2Fcomments&post=42009"}],"version-history":[{"count":0,"href":"http:\/\/www.korhanyilmaz.com\/index.php?rest_route=\/wp\/v2\/posts\/42009\/revisions"}],"wp:attachment":[{"href":"http:\/\/www.korhanyilmaz.com\/index.php?rest_route=%2Fwp%2Fv2%2Fmedia&parent=42009"}],"wp:term":[{"taxonomy":"category","embeddable":true,"href":"http:\/\/www.korhanyilmaz.com\/index.php?rest_route=%2Fwp%2Fv2%2Fcategories&post=42009"},{"taxonomy":"post_tag","embeddable":true,"href":"http:\/\/www.korhanyilmaz.com\/index.php?rest_route=%2Fwp%2Fv2%2Ftags&post=42009"}],"curies":[{"name":"wp","href":"https:\/\/api.w.org\/{rel}","templated":true}]}}