{"id":42004,"date":"2011-11-05T16:59:07","date_gmt":"2011-11-05T14:59:07","guid":{"rendered":"http:\/\/www.korhanyilmaz.com\/?p=42004"},"modified":"2011-11-05T19:02:15","modified_gmt":"2011-11-05T17:02:15","slug":"yesil-ergenekonun-belgeleri-elimizde","status":"publish","type":"post","link":"http:\/\/www.korhanyilmaz.com\/?p=42004","title":{"rendered":"&#8216;Ye\u015fil Ergenekon&#8217;un belgeleri elimizde&#8217;"},"content":{"rendered":"<p style=\"text-align: center;\"><a href=\"http:\/\/www.korhanyilmaz.com\/wp-content\/uploads\/2011\/11\/8011.jpg\"  class=\"lightview\"><img loading=\"lazy\" decoding=\"async\" class=\"aligncenter  wp-image-42005\" src=\"http:\/\/www.korhanyilmaz.com\/wp-content\/uploads\/2011\/11\/8011.jpg\" alt=\"\" width=\"320\" height=\"240\" \/><\/a><\/p>\n<p style=\"text-align: justify;\">KCK Y\u00fcr\u00fctme Konseyi Ba\u015fkan\u0131 Murat Karay\u0131lan, G\u00fclen Cemaati \u00fcyelerinin her ilde komite halinde \u00f6rg\u00fctlendi\u011fini belirterek emniyet yetkililer ve valiler y\u00f6nlendirdi\u011fini kaydetti. Ellerinde Ye\u015fil Ergenekon\u2019un nas\u0131l \u00f6rg\u00fctlendi\u011fini g\u00f6steren belgeler oldu\u011funu s\u00f6yleyen Karay\u0131lan, bunlar\u0131 kendilerine g\u00fcvenen gazetecilere vermeye haz\u0131r olduklar\u0131n\u0131 a\u00e7\u0131klad\u0131.\u00a0<!--more--><\/p>\n<p style=\"text-align: justify;\">Karay\u0131lan \u015fu a\u00e7\u0131klamalarda bulundu: \u201cT\u00fcrkiye\u2019de NATO\u2019ya ba\u011fl\u0131 olu\u015fturulmu\u015f Gladio\u2019nun Ergenekon bi\u00e7iminde uzun bir s\u00fcre rol oynad\u0131\u011f\u0131 bir ger\u00e7ektir. Bu Gladio bug\u00fcn k\u0131l\u0131f de\u011fi\u015ftirmektedir. Ergenekon\u2019un yeterince y\u0131pranmas\u0131, \u00e7etele\u015fmesi ve devlet i\u00e7in de bir a\u011f\u0131rl\u0131k haline gelmesi nedeniyle Ergenekon\u2019un devre d\u0131\u015f\u0131 b\u0131rak\u0131lmas\u0131 projesi temelinde k\u0131l\u0131f de\u011fi\u015ftirmektedir. Do\u011frudur, bug\u00fcn Ergenekon\u2019un eski yap\u0131s\u0131 yarg\u0131lan\u0131yor ama yerine yeni bir Ergenekon (Ye\u015fil Ergenekon) da ge\u00e7mekte ve \u00f6rg\u00fctlenmi\u015f bulunmaktad\u0131r. A\u00e7\u0131k\u00e7a s\u00f6yl\u00fcyorum, <strong>G\u00fclen Cemaati<\/strong>\u2019nin \u00fcyeleri her ilde bir komite halinde \u00f6rg\u00fctlenmi\u015f bulunup o ildeki emniyet yetkililerinin, valinin devlet uygulamalar\u0131n\u0131n hangi do\u011frultuda ger\u00e7ekle\u015fmesi gerekti\u011fini karar alt\u0131na almakta ve esas y\u00f6nlendirme merkezi onlar olmaktad\u0131r. Belki her ilde \u00e7ok etkili olamamakta -devlet i\u00e7inde hen\u00fcz bu sisteme dahil edilmemi\u015f baz\u0131 kesimler de vard\u0131r- ama onlar\u0131 da istedi\u011fi do\u011frultuda y\u00f6nlendirebilmektedir. Hem merkezi d\u00fczeyde \u00f6rg\u00fctl\u00fc bir yap\u0131 hem de iller baz\u0131nda olduk\u00e7a \u00f6rg\u00fctlenmi\u015f bir yap\u0131 s\u00f6z konusudur. (&#8230;) Geriletilen askeri vesayet yerine yeni bir vesayet g\u00fcc\u00fc iktidar\u0131n\u0131 kurmaktad\u0131r. Bu s\u00fcreci Ye\u015fil Ergenekon y\u00f6netmektedir.&#8221;<\/p>\n<p style=\"text-align: justify;\"><span style=\"text-decoration: underline;\">Ellerinde belge oldu\u011funu kaydeden Karay\u0131lan, T\u00fcrkiye\u2019de kendine g\u00fcvenen ve verilen belgeleri t\u00fcm\u00fcyle yay\u0131nlayaca\u011f\u0131na dair kamuoyu \u00f6n\u00fcnde s\u00f6z veren gazetecilere belgeleri verebileceklerini s\u00f6yledi.<\/span>\u00a0<span style=\"color: #888888;\">(anf)<\/span><\/p>\n<p style=\"text-align: justify;\"><a href=\"http:\/\/www.birgun.net\/actuels_index.php?news_code=1320500744&amp;year=2011&amp;month=11&amp;day=05\" target=\"_blank\">Kaynak : B\u0130RG\u00fcn<\/a><\/p>\n","protected":false},"excerpt":{"rendered":"<p style=\"text-align: center;\">\n<p style=\"text-align: justify;\">KCK Y\u00fcr\u00fctme Konseyi Ba\u015fkan\u0131 Murat Karay\u0131lan, G\u00fclen Cemaati \u00fcyelerinin her ilde komite halinde \u00f6rg\u00fctlendi\u011fini belirterek emniyet yetkililer ve valiler y\u00f6nlendirdi\u011fini kaydetti. Ellerinde Ye\u015fil Ergenekon\u2019un nas\u0131l \u00f6rg\u00fctlendi\u011fini g\u00f6steren belgeler oldu\u011funu s\u00f6yleyen Karay\u0131lan, bunlar\u0131 kendilerine g\u00fcvenen gazetecilere vermeye haz\u0131r olduklar\u0131n\u0131 a\u00e7\u0131klad\u0131. <\/p>\n","protected":false},"author":1,"featured_media":0,"comment_status":"open","ping_status":"open","sticky":false,"template":"","format":"standard","meta":{"footnotes":""},"categories":[105],"tags":[],"class_list":["post-42004","post","type-post","status-publish","format-standard","hentry","category-gundem","odd"],"_links":{"self":[{"href":"http:\/\/www.korhanyilmaz.com\/index.php?rest_route=\/wp\/v2\/posts\/42004","targetHints":{"allow":["GET"]}}],"collection":[{"href":"http:\/\/www.korhanyilmaz.com\/index.php?rest_route=\/wp\/v2\/posts"}],"about":[{"href":"http:\/\/www.korhanyilmaz.com\/index.php?rest_route=\/wp\/v2\/types\/post"}],"author":[{"embeddable":true,"href":"http:\/\/www.korhanyilmaz.com\/index.php?rest_route=\/wp\/v2\/users\/1"}],"replies":[{"embeddable":true,"href":"http:\/\/www.korhanyilmaz.com\/index.php?rest_route=%2Fwp%2Fv2%2Fcomments&post=42004"}],"version-history":[{"count":0,"href":"http:\/\/www.korhanyilmaz.com\/index.php?rest_route=\/wp\/v2\/posts\/42004\/revisions"}],"wp:attachment":[{"href":"http:\/\/www.korhanyilmaz.com\/index.php?rest_route=%2Fwp%2Fv2%2Fmedia&parent=42004"}],"wp:term":[{"taxonomy":"category","embeddable":true,"href":"http:\/\/www.korhanyilmaz.com\/index.php?rest_route=%2Fwp%2Fv2%2Fcategories&post=42004"},{"taxonomy":"post_tag","embeddable":true,"href":"http:\/\/www.korhanyilmaz.com\/index.php?rest_route=%2Fwp%2Fv2%2Ftags&post=42004"}],"curies":[{"name":"wp","href":"https:\/\/api.w.org\/{rel}","templated":true}]}}