{"id":42000,"date":"2011-11-05T09:43:32","date_gmt":"2011-11-05T07:43:32","guid":{"rendered":"http:\/\/www.korhanyilmaz.com\/?p=42000"},"modified":"2011-11-05T18:51:47","modified_gmt":"2011-11-05T16:51:47","slug":"yardimci-degil-cetenin-reisi","status":"publish","type":"post","link":"http:\/\/www.korhanyilmaz.com\/?p=42000","title":{"rendered":"Yard\u0131mc\u0131 de\u011fil \u00e7etenin reisi"},"content":{"rendered":"<p style=\"text-align: center;\"><a href=\"http:\/\/www.korhanyilmaz.com\/wp-content\/uploads\/2011\/11\/8010.jpg\"  class=\"lightview\"><img loading=\"lazy\" decoding=\"async\" class=\"aligncenter  wp-image-42001\" src=\"http:\/\/www.korhanyilmaz.com\/wp-content\/uploads\/2011\/11\/8010.jpg\" alt=\"\" width=\"336\" height=\"223\" \/><\/a><\/p>\n<p style=\"text-align: justify;\">Mahkeme, A\u011far&#8217;\u0131n 5 y\u0131ll\u0131k hapis cezas\u0131n\u0131n gerek\u00e7eli karar\u0131n\u0131 a\u00e7\u0131klad\u0131: &#8220;Silahl\u0131 \u00f6rg\u00fct y\u00f6neticisi A\u011far, kamu g\u00fcc\u00fcyle \u00e7ete olu\u015fturdu.&#8221;<\/p>\n<p style=\"text-align: justify;\">ANKARA &#8211; Ankara 11. A\u011f\u0131r Ceza Mahkemesi, Mehmet A\u011far hakk\u0131nda verdi\u011fi hapis cezas\u0131 karar\u0131n\u0131n gerek\u00e7esini tamamlad\u0131. Gerek\u00e7eli kararda, A\u011far\u2019\u0131n eylemlerinin, Susurluk \u00c7etesi\u2019ne \u201cyard\u0131m boyutunu a\u015farak \u2018y\u00f6neticilik\u2019 konumunda oldu\u011fu kaydedildi. Kararda, \u2018ter\u00f6rle m\u00fccadele ad\u0131 alt\u0131nda hukuk d\u0131\u015f\u0131 olu\u015fumlar\u0131n devleti hukuk devleti olmaktan \u00e7\u0131karaca\u011f\u0131\u2019 anlat\u0131ld\u0131.<!--more--><\/p>\n<p style=\"text-align: justify;\">Ankara 11. A\u011f\u0131r Ceza Mahkemesi, Mehmet A\u011far hakk\u0131nda \u201cc\u00fcr\u00fcm i\u015flemek amac\u0131yla silahl\u0131 te\u015fekk\u00fcl olu\u015fturmak &#8211; silahl\u0131 te\u015fekk\u00fcl\u00fcn y\u00f6neticisi olmak\u201d su\u00e7undan verdi\u011fi 5 y\u0131ll\u0131k hapis cezas\u0131n\u0131n, 133 sayfadan olu\u015fan gerek\u00e7eli karar\u0131n\u0131 d\u00fcn a\u00e7\u0131klad\u0131. \u00c7arp\u0131c\u0131 de\u011ferlendirmelere yer verilen kararda, \u201cT\u00fcrkiye Cumhuriyeti Devleti\u2019nin i\u00e7 ve d\u0131\u015f g\u00fcvenli\u011finin katillere, uyu\u015fturucu ka\u00e7ak\u00e7\u0131lar\u0131na, kumarhane i\u015fletmecilerine emanet edilmesi, bunlardan medet umulmas\u0131, affedilmez, kabul edilmez bir davran\u0131\u015ft\u0131r\u201d denildi.<\/p>\n<p style=\"text-align: justify;\">Gerek\u00e7eli kararda, savc\u0131n\u0131n esasa ili\u015fkin m\u00fctalaas\u0131nda A\u011far i\u00e7in sadece \u00e7eteye yard\u0131m etme su\u00e7undan ceza talep edilmesi de ele\u015ftirildi.<\/p>\n<p style=\"text-align: justify;\"><strong>\u00c7eteyi olu\u015fturdu\u00a0<\/strong><\/p>\n<p style=\"text-align: justify;\">San\u0131k A\u011far\u2019\u0131n 1993 y\u0131l\u0131nda Emniyet Genel M\u00fcd\u00fcrl\u00fc\u011f\u00fc\u2019ne atand\u0131ktan k\u0131sa bir s\u00fcre sonra \u00e7etenin \u00fcyelerinden \u0130brahim \u015eahin\u2019i \u00d6zel Harekat Daire Ba\u015fkanl\u0131\u011f\u0131\u2019na getirdi\u011fi, Korkut Eken\u2019i de m\u00fc\u015favir olarak yan\u0131na ald\u0131\u011f\u0131na dikkat \u00e7ekilen gerek\u00e7eli kararda, aralar\u0131nda Ayhan \u00c7ark\u0131n\u2019\u0131n da bulundu\u011fu \u00f6zel harekat\u00e7\u0131 polislerle, 7 T\u0130P\u2019li gencin katliam san\u0131\u011f\u0131 Hal\u0131k K\u0131rc\u0131 ve Abdullah \u00c7atl\u0131\u2019n\u0131n te\u015fekk\u00fcl\u00fcn i\u00e7inde oldu\u011fu vurguland\u0131. Mahkeme, bu durumu \u015f\u00f6yle \u00f6zetledi: \u201dTe\u015fekk\u00fcl i\u00e7erisinde y\u00f6netici konumunda olan \u0130brahim \u015eahin ve Mehmet Korkut Eken ile di\u011fer te\u015fekk\u00fcl \u00fcyelerinin kendisinden emir ve talimat ald\u0131\u011f\u0131, te\u015fekk\u00fcl y\u00f6netimi ve denetimiyle organize etti\u011fi, san\u0131\u011f\u0131n eylem ve faaliyetlerinin niteli\u011fi, yo\u011funlu\u011fu, icra kuvveti nazara al\u0131nd\u0131\u011f\u0131nda, kast\u0131n silahl\u0131 \u00e7eteye yard\u0131m boyutunu a\u015farak \u00e7etenin y\u00f6neticisi konumunda oldu\u011fu kanaatine var\u0131lm\u0131\u015ft\u0131r.\u201d<\/p>\n<p style=\"text-align: justify;\"><strong>G\u00fcc\u00fc k\u00f6t\u00fcye kulland\u0131\u00a0<\/strong><\/p>\n<p style=\"text-align: justify;\">Kararda, A\u011far\u2019\u0131n, Emniyet Genel M\u00fcd\u00fcrl\u00fc\u011f\u00fc ve \u0130\u00e7i\u015fleri Bakanl\u0131\u011f\u0131 g\u00f6revlerinde elde etti\u011fi yetkileri ve n\u00fcfuzu k\u00f6t\u00fcye kulland\u0131\u011f\u0131 belirtildi. A\u011far\u2019\u0131n uyu\u015fturucu i\u015fi yapt\u0131\u011f\u0131 iddia edilen Sami Ho\u015ftan\u2019\u0131n silah ruhsat\u0131 almas\u0131n\u0131 sa\u011flad\u0131\u011f\u0131, uyu\u015fturucu ka\u00e7ak\u00e7\u0131s\u0131 Ya\u015far \u00d6z ve Abdullah \u00c7atl\u0131\u2019ya sahte silah ruhsatlar\u0131, ye\u015fil pasaportlar verilmesini temin etti\u011fi ve bu ki\u015filer hakk\u0131nda adli i\u015flem yap\u0131lmas\u0131n\u0131 engelledi\u011fi ifade edildi.<\/p>\n<p style=\"text-align: justify;\"><strong>Korku hakim olur\u00a0<\/strong><\/p>\n<p style=\"text-align: justify;\">Hukuk devletinde \u00e7etele\u015fmelerin yerinin olmad\u0131\u011f\u0131 belirtilen kararda, \u201cter\u00f6rle m\u00fccadele ad\u0131 alt\u0131nda\u201d da olsa hukuk d\u0131\u015f\u0131 bir \u00f6rg\u00fctlenmenin, \u201cyasad\u0131\u015f\u0131 bir sistem\u201d olu\u015fturaca\u011f\u0131 vurgulanarak, \u201cSonu\u00e7ta yurtta\u015f \u2013 devlet ili\u015fkisinde hukuk kurallar\u0131 yerine korkununge\u00e7erli olaca\u011f\u0131 bunun da bir anayasa ve yasa ihlalinin \u00f6tesinde tam bir hukuk ihlali niteli\u011fi ta\u015f\u0131maktad\u0131r\u201d denildi.<\/p>\n<p style=\"text-align: justify;\"><strong>\u00c7atl\u0131\u2019ya Ye\u015fil Pasaport verdi\u00a0<\/strong><\/p>\n<p style=\"text-align: justify;\">Abdullah \u00c7atl\u0131\u2019n\u0131n Mehmet \u00d6zbay sahte kimli\u011fiyle Maliye Bakanl\u0131\u011f\u0131\u2019nda 1. derece Maliye M\u00fcfetti\u015fi oldu\u011fundan bahisle ye\u015fil pasaport sa\u011flanmas\u0131nda gerekli talimat\u0131n da yine A\u011far taraf\u0131ndan verildi\u011fi belirtildi. Kararda, \u201cA\u011far\u2019\u0131n, \u00c7atl\u0131\u2019n\u0131n ger\u00e7ek kimli\u011fini bilmesine ra\u011fmen yakalanmas\u0131n\u0131 engelleyici faaliyetler i\u00e7erisinde bulundu\u011fu\u201d ifade edildi. Kararda M\u0130T\u2019\u00e7i Tar\u0131k \u00dcmit\u2019in ka\u00e7\u0131r\u0131lmas\u0131n\u0131n A\u011far\u2019a iletilmesi \u00fczerine \u201cBizim tosunlar bana sormadan bir \u015fey yapmazlar. \u0130lgilenece\u011fim dedi\u011fi\u201d ancak olay\u0131 kapatt\u0131\u011f\u0131 da ifade edildi.<\/p>\n<p style=\"text-align: justify;\"><strong>En tehlikeli \u00e7ete\u00a0<\/strong><\/p>\n<p style=\"text-align: justify;\">Mehmet A\u011far hakk\u0131ndaki gerek\u00e7eli kararda, su\u00e7 i\u015flemek i\u00e7in olu\u015fturulan \u00e7etelerin en tehlikesinin, \u201cSilahl\u0131 emniyet g\u00f6revlilerinin ve \u00fcst d\u00fczey emniyet y\u00f6neticilerinin verdi\u011fi yetkiyi kullanan\u201d ki\u015filerden olu\u015fan \u00e7eteler oldu\u011fu da anlat\u0131ld\u0131.<\/p>\n<p style=\"text-align: justify;\"><strong>Karanl\u0131k ili\u015fkiler a\u011f\u0131<\/strong><\/p>\n<p style=\"text-align: justify;\">Gerek\u00e7eli kararda Yarg\u0131tay 8. Ceza Dairesi\u2019nin 2002 y\u0131l\u0131nda Susurluk Davas\u0131\u2019na il\u015fikin verdi\u011fi karara da at\u0131f yap\u0131larak \u015fu tespitlere yer verildi: \u201cSan\u0131klar\u0131n ter\u00f6rle m\u00fccadele ad\u0131 alt\u0131nda yola \u00e7\u0131k\u0131p bir s\u00fcre sonra kendi \u00e7\u0131karlar\u0131n\u0131 g\u00f6zeterek her t\u00fcrl\u00fc yasa d\u0131\u015f\u0131l\u0131\u011f\u0131 me\u015fru say\u0131p yanlar\u0131na uyu\u015fturucu ka\u00e7ak\u00e7\u0131s\u0131 ile katliam san\u0131\u011f\u0131 ve h\u00fck\u00fcml\u00fcs\u00fcn\u00fc de alarak tam bir dayan\u0131\u015fma ve i\u015fbirli\u011fi i\u00e7inde hareket edip \u00e7etele\u015fme s\u00fcrecine girmeleri \u00e7ete su\u00e7undan \u00f6te Anayasa\u2019n\u0131n 6. maddesindeki \u2018Hi\u00e7bir kimse ve oran kayna\u011f\u0131n\u0131 anayasadan almayan bir devlet yetkisi kullanamaz\u2019 h\u00fckm\u00fcne kar\u015f\u0131n bir \u00f6rg\u00fctlenme ve yetki kullan\u0131m\u0131 yoluna gittikleri g\u00f6r\u00fclm\u00fc\u015ft\u00fcr.\u201d<\/p>\n<p style=\"text-align: justify;\"><strong>Pi\u015fmanl\u0131k g\u00f6stermedi\u00a0<\/strong><\/p>\n<p style=\"text-align: justify;\">Kararda, A\u011far\u2019\u0131n su\u00e7tan sonra pi\u015fmanl\u0131k g\u00f6stermeyen hal ve tav\u0131rlar sergiledi\u011fi de belirtildi.<\/p>\n<p style=\"text-align: justify;\"><a href=\"http:\/\/www.radikal.com.tr\/Radikal.aspx?aType=RadikalDetayV3&amp;ArticleID=1068596&amp;Date=05.11.2011&amp;CategoryID=77\" target=\"_blank\">Kaynak : Radikal.com.tr<\/a><\/p>\n","protected":false},"excerpt":{"rendered":"<p style=\"text-align: center;\">\n<p style=\"text-align: justify;\">Mahkeme, A\u011far&#8217;\u0131n 5 y\u0131ll\u0131k hapis cezas\u0131n\u0131n gerek\u00e7eli karar\u0131n\u0131 a\u00e7\u0131klad\u0131: &#8220;Silahl\u0131 \u00f6rg\u00fct y\u00f6neticisi A\u011far, kamu g\u00fcc\u00fcyle \u00e7ete olu\u015fturdu.&#8221;<\/p>\n<p style=\"text-align: justify;\">ANKARA &#8211; Ankara 11. A\u011f\u0131r Ceza Mahkemesi, Mehmet A\u011far hakk\u0131nda verdi\u011fi hapis cezas\u0131 karar\u0131n\u0131n gerek\u00e7esini tamamlad\u0131. Gerek\u00e7eli kararda, A\u011far\u2019\u0131n eylemlerinin, Susurluk \u00c7etesi\u2019ne \u201cyard\u0131m boyutunu a\u015farak \u2018y\u00f6neticilik\u2019 konumunda oldu\u011fu kaydedildi. Kararda, \u2018ter\u00f6rle <\/p>\n","protected":false},"author":1,"featured_media":0,"comment_status":"open","ping_status":"open","sticky":false,"template":"","format":"standard","meta":{"footnotes":""},"categories":[105],"tags":[],"class_list":["post-42000","post","type-post","status-publish","format-standard","hentry","category-gundem","odd"],"_links":{"self":[{"href":"http:\/\/www.korhanyilmaz.com\/index.php?rest_route=\/wp\/v2\/posts\/42000","targetHints":{"allow":["GET"]}}],"collection":[{"href":"http:\/\/www.korhanyilmaz.com\/index.php?rest_route=\/wp\/v2\/posts"}],"about":[{"href":"http:\/\/www.korhanyilmaz.com\/index.php?rest_route=\/wp\/v2\/types\/post"}],"author":[{"embeddable":true,"href":"http:\/\/www.korhanyilmaz.com\/index.php?rest_route=\/wp\/v2\/users\/1"}],"replies":[{"embeddable":true,"href":"http:\/\/www.korhanyilmaz.com\/index.php?rest_route=%2Fwp%2Fv2%2Fcomments&post=42000"}],"version-history":[{"count":0,"href":"http:\/\/www.korhanyilmaz.com\/index.php?rest_route=\/wp\/v2\/posts\/42000\/revisions"}],"wp:attachment":[{"href":"http:\/\/www.korhanyilmaz.com\/index.php?rest_route=%2Fwp%2Fv2%2Fmedia&parent=42000"}],"wp:term":[{"taxonomy":"category","embeddable":true,"href":"http:\/\/www.korhanyilmaz.com\/index.php?rest_route=%2Fwp%2Fv2%2Fcategories&post=42000"},{"taxonomy":"post_tag","embeddable":true,"href":"http:\/\/www.korhanyilmaz.com\/index.php?rest_route=%2Fwp%2Fv2%2Ftags&post=42000"}],"curies":[{"name":"wp","href":"https:\/\/api.w.org\/{rel}","templated":true}]}}