{"id":41991,"date":"2011-11-05T15:52:38","date_gmt":"2011-11-05T13:52:38","guid":{"rendered":"http:\/\/www.korhanyilmaz.com\/?p=41991"},"modified":"2011-11-05T18:31:03","modified_gmt":"2011-11-05T16:31:03","slug":"karaoglan-unutulmadi","status":"publish","type":"post","link":"http:\/\/www.korhanyilmaz.com\/?p=41991","title":{"rendered":"Karao\u011flan unutulmad\u0131"},"content":{"rendered":"<p style=\"text-align: center;\"><a href=\"http:\/\/www.korhanyilmaz.com\/wp-content\/uploads\/2011\/11\/8006.jpg\"  class=\"lightview\"><img loading=\"lazy\" decoding=\"async\" class=\"aligncenter  wp-image-41992\" src=\"http:\/\/www.korhanyilmaz.com\/wp-content\/uploads\/2011\/11\/8006.jpg\" alt=\"\" width=\"435\" height=\"188\" \/><\/a><\/p>\n<p style=\"text-align: justify;\">B\u00fclent Ecevit \u00f6l\u00fcm\u00fcn\u00fcn 5. y\u0131l\u0131nda an\u0131ld\u0131. Anma toplant\u0131s\u0131nda konu\u015fan Demirel &#8216;T\u00fcrkiye&#8217;de siyaset\u00e7iler birbirine k\u00fcsmeye devam etmeli mi?&#8217; diye sordu.<\/p>\n<p style=\"text-align: justify;\">Eski Ba\u015fbakanlardan B\u00fclent Ecevit \u00f6l\u00fcm\u00fcn\u00fcn 5. y\u0131l\u0131nda mezar\u0131 ba\u015f\u0131nda d\u00fczenlenen t\u00f6renle an\u0131ld\u0131.\u00a0<!--more--><\/p>\n<p style=\"text-align: justify;\">Devlet Mezarl\u0131\u011f\u0131ndaki t\u00f6rene CHP Genel Ba\u015fkan Yard\u0131mc\u0131s\u0131 Emrehan Hal\u0131c\u0131, CHP Ankara \u0130l Ba\u015fkan\u0131 Zeki Al\u00e7\u0131n ve \u00e7ok say\u0131da partilil kat\u0131ld\u0131. T\u00f6rene kat\u0131lanlar Ecevit&#8217;in kabrine \u00e7elenk koyarak, dua etti. Rah\u015fan Ecevit&#8217;in so\u011fuk alg\u0131nl\u0131\u011f\u0131 nedeniyle rahats\u0131z oldu\u011fu ve bu nedenle t\u00f6rene kat\u0131lamad\u0131\u011f\u0131 \u00f6\u011frenildi.<\/p>\n<p style=\"text-align: justify;\">CHP Genel Ba\u015fkan\u0131 Kemal K\u0131l\u0131\u00e7daro\u011flu ve 9. Cumhurba\u015fkan\u0131 S\u00fcleyman Demirel ise, B\u00fclent Ecevit&#8217;in 5. \u00f6l\u00fcm y\u0131ld\u00f6n\u00fcm\u00fc nedeniyle d\u00fczenlenen &#8220;CHP 3. Genel Ba\u015fkan\u0131 B\u00fclent Ecevit&#8217;i Anma Toplant\u0131s\u0131&#8221;na kat\u0131ld\u0131.<\/p>\n<p style=\"text-align: justify;\"><strong><a href=\"http:\/\/www.korhanyilmaz.com\/wp-content\/uploads\/2011\/11\/8007.jpg\"  class=\"lightview\"><img loading=\"lazy\" decoding=\"async\" class=\"alignleft  wp-image-41993\" style=\"margin-left: 10px; margin-right: 10px;\" src=\"http:\/\/www.korhanyilmaz.com\/wp-content\/uploads\/2011\/11\/8007.jpg\" alt=\"\" width=\"288\" height=\"167\" \/><\/a>DEM\u0130REL DE TOPLANTIDAYDI<\/strong><\/p>\n<p style=\"text-align: justify;\">9. Cumhurba\u015fkan\u0131 S\u00fcleyman Demirel, &#8220;Bu toplant\u0131ya beni davet eden CHP&#8217;nin de\u011ferli Genel Ba\u015fkan\u0131&#8217;na te\u015fekk\u00fcr ediyorum. Bu davet bir onurdur. Uygarl\u0131k numunesidir. Tart\u0131\u015f\u0131lacak bir taraf\u0131 yoktur. Asl\u0131nda demokratik bir harekettir. T\u00fcrkiye&#8217;de siyaset\u00e7iler birbirine k\u00fcsmeye devam etmeli mi? Bir s\u00f6z\u00fcm\u00fcz var. Bar\u0131\u015fmas\u0131n\u0131 bilmeyen kavga etmemeli. &#8220;Siyaseti kendimiz i\u00e7in yap\u0131yor de\u011filiz. Halk i\u00e7in yap\u0131yoruz. Siyaset yapanlar\u0131n s\u0131k\u0131nt\u0131lar\u0131 vard\u0131r. Gelirler, \u015fartlar, f\u0131rsatlar, imk\u00e2nlar \u00fclke yarar\u0131na d\u00fc\u015f\u00fcnd\u00fckleri \u00e7e\u015fitli pozisyonlara koyar. Her \u015fey bu \u00fclke i\u00e7indir. Bizim de ge\u00e7mi\u015fte yapt\u0131\u011f\u0131m\u0131z m\u00fccadeleler T\u00fcrkiye i\u00e7indi. \u00d6yleydi \u00f6yle olmaya devam edecektir. Muhterem Rah\u015fan Han\u0131mefendi&#8217;yi sayg\u0131 ile selaml\u0131yorum. Ona da ba\u015fsa\u011fl\u0131\u011f\u0131 diliyorum.&#8221;<\/p>\n<p style=\"text-align: justify;\"><a href=\"http:\/\/www.ntvmsnbc.com\/id\/25295244\" target=\"_blank\">Kaynak : NTVMSNBC<\/a><\/p>\n","protected":false},"excerpt":{"rendered":"<p style=\"text-align: center;\">\n<p style=\"text-align: justify;\">B\u00fclent Ecevit \u00f6l\u00fcm\u00fcn\u00fcn 5. y\u0131l\u0131nda an\u0131ld\u0131. Anma toplant\u0131s\u0131nda konu\u015fan Demirel &#8216;T\u00fcrkiye&#8217;de siyaset\u00e7iler birbirine k\u00fcsmeye devam etmeli mi?&#8217; diye sordu.<\/p>\n<p style=\"text-align: justify;\">Eski Ba\u015fbakanlardan B\u00fclent Ecevit \u00f6l\u00fcm\u00fcn\u00fcn 5. y\u0131l\u0131nda mezar\u0131 ba\u015f\u0131nda d\u00fczenlenen t\u00f6renle an\u0131ld\u0131. <\/p>\n","protected":false},"author":1,"featured_media":0,"comment_status":"open","ping_status":"open","sticky":false,"template":"","format":"standard","meta":{"footnotes":""},"categories":[105],"tags":[],"class_list":["post-41991","post","type-post","status-publish","format-standard","hentry","category-gundem","odd"],"_links":{"self":[{"href":"http:\/\/www.korhanyilmaz.com\/index.php?rest_route=\/wp\/v2\/posts\/41991","targetHints":{"allow":["GET"]}}],"collection":[{"href":"http:\/\/www.korhanyilmaz.com\/index.php?rest_route=\/wp\/v2\/posts"}],"about":[{"href":"http:\/\/www.korhanyilmaz.com\/index.php?rest_route=\/wp\/v2\/types\/post"}],"author":[{"embeddable":true,"href":"http:\/\/www.korhanyilmaz.com\/index.php?rest_route=\/wp\/v2\/users\/1"}],"replies":[{"embeddable":true,"href":"http:\/\/www.korhanyilmaz.com\/index.php?rest_route=%2Fwp%2Fv2%2Fcomments&post=41991"}],"version-history":[{"count":0,"href":"http:\/\/www.korhanyilmaz.com\/index.php?rest_route=\/wp\/v2\/posts\/41991\/revisions"}],"wp:attachment":[{"href":"http:\/\/www.korhanyilmaz.com\/index.php?rest_route=%2Fwp%2Fv2%2Fmedia&parent=41991"}],"wp:term":[{"taxonomy":"category","embeddable":true,"href":"http:\/\/www.korhanyilmaz.com\/index.php?rest_route=%2Fwp%2Fv2%2Fcategories&post=41991"},{"taxonomy":"post_tag","embeddable":true,"href":"http:\/\/www.korhanyilmaz.com\/index.php?rest_route=%2Fwp%2Fv2%2Ftags&post=41991"}],"curies":[{"name":"wp","href":"https:\/\/api.w.org\/{rel}","templated":true}]}}