{"id":41977,"date":"2011-11-04T15:36:32","date_gmt":"2011-11-04T13:36:32","guid":{"rendered":"http:\/\/www.korhanyilmaz.com\/?p=41977"},"modified":"2011-11-05T09:07:57","modified_gmt":"2011-11-05T07:07:57","slug":"turk-tabipler-birliginden-sert-cikis","status":"publish","type":"post","link":"http:\/\/www.korhanyilmaz.com\/?p=41977","title":{"rendered":"T\u00fcrk Tabipler Birli\u011fi&#8217;nden sert \u00e7\u0131k\u0131\u015f"},"content":{"rendered":"<p style=\"text-align: justify;\"><a href=\"http:\/\/www.korhanyilmaz.com\/wp-content\/uploads\/2011\/11\/8003.jpg\"  class=\"lightview\"><img loading=\"lazy\" decoding=\"async\" class=\"aligncenter size-full wp-image-41979\" title=\"\" src=\"http:\/\/www.korhanyilmaz.com\/wp-content\/uploads\/2011\/11\/8003.jpg\" alt=\"\" width=\"313\" height=\"240\" \/><\/a><\/p>\n<p style=\"text-align: justify;\">T\u00fcrk Tabipler Birli\u011fi (TTB) Merkez Konseyi, Sa\u011fl\u0131k Bakanl\u0131\u011f\u0131 ve Ba\u011fl\u0131 Kurulu\u015flar\u0131n\u0131n Te\u015fkilat ve G\u00f6revleri Hakk\u0131nda Kanun H\u00fckm\u00fcnde Kararname ile getirilen d\u00fczenlemeleri ele\u015ftirerek &#8220;Bu anlay\u0131\u015f\u0131, hekimli\u011fi, m\u00fc\u015fteri pe\u015finde ko\u015fan tezgahtarlar haline getiren bu \u00e7er\u00e7eveyi, temel felsefesiyle reddediyoruz&#8221; a\u00e7\u0131klamas\u0131nda bulundu.<!--more--><\/p>\n<p style=\"text-align: justify;\">T\u00fcrk Tabipler Birli\u011fi (TTB) Merkez Konseyi, Sa\u011fl\u0131k Bakanl\u0131\u011f\u0131 ve Ba\u011fl\u0131 Kurulu\u015flar\u0131n\u0131n Te\u015fkilat ve G\u00f6revleri Hakk\u0131nda Kanun H\u00fckm\u00fcnde Kararname ile getirilen d\u00fczenlemeleri ele\u015ftirdi.<\/p>\n<p style=\"text-align: justify;\">TTB Merkez Konseyi Ba\u015fkan\u0131 Eri\u015f Bilalo\u011flu, TTB&#8217;de d\u00fczenlenen bas\u0131n toplant\u0131s\u0131nda, &#8220;sa\u011fl\u0131k alan\u0131nda i\u015flerin d\u00fczeltilmesini, iyile\u015ftirilmesini beklediklerini ancak aksine bir felaket ve iflas belgesinin ortaya \u00e7\u0131kt\u0131\u011f\u0131n\u0131&#8221; s\u00f6yledi.<\/p>\n<p style=\"text-align: justify;\">KHK ile vatanda\u015fa sa\u011fl\u0131k hizmetlerini sunmak \u00fczere y\u00fcr\u00fct\u00fclmesi gerekenlerin, ortadan kald\u0131r\u0131ld\u0131\u011f\u0131n\u0131 \u00f6ne s\u00fcren Bilalo\u011flu, &#8220;Bunu TTB yasas\u0131n\u0131n birinci maddesinde yapt\u0131klar\u0131 de\u011fi\u015fiklikle kan\u0131tlam\u0131\u015flard\u0131r. Yasam\u0131zdaki &#8216;Tabipli\u011fin kamu ve ki\u015fi yarar\u0131na uygulan\u0131p geli\u015ftirilmesi&#8217; s\u00f6zc\u00fc\u011f\u00fcn\u00fc \u00e7\u0131kard\u0131lar. Bu, b\u00fct\u00fcn yasan\u0131n temel ruhunu anlatmaktad\u0131r&#8221; diye konu\u015ftu.<\/p>\n<p style=\"text-align: justify;\">Kararname ile &#8220;sa\u011fl\u0131k serbest b\u00f6lgeleri kurulabilece\u011fine&#8221; i\u015faret eden Bilalo\u011flu, burada &#8220;Serbest b\u00f6lgelerde verilecek sa\u011fl\u0131k hizmetlerine ili\u015fkin usul ve esaslar\u0131n Bakanl\u0131k\u00e7a belirlenece\u011finin&#8221; belirtildi\u011fini s\u00f6yledi.<\/p>\n<p style=\"text-align: justify;\">Sa\u011fl\u0131k hizmetlerinin usul ve esaslar\u0131n\u0131n b\u00f6lgeye g\u00f6re de\u011fi\u015femeyece\u011fini ifade eden Bilalo\u011flu, &#8220;Anla\u015f\u0131lan de\u011fi\u015fecek usul ve esas, kar meselesi, giri\u015fim keyfiyeti, spek\u00fclasyon yap\u0131yorum; insanlar\u0131n sa\u011fl\u0131klar\u0131 \u00fczerinde deneme yapma gibi her \u015feyi dahil eden b\u00f6lgelerden bahsediyorlar&#8221; g\u00f6r\u00fc\u015f\u00fcn\u00fc savundu.<\/p>\n<p style=\"text-align: justify;\"><strong>&#8220;Ulvi gerek\u00e7eler&#8230;&#8221;\u00a0<\/strong><\/p>\n<p style=\"text-align: justify;\">Kararnamede &#8220;g\u00f6n\u00fcll\u00fc sa\u011fl\u0131k hizmeti ve sa\u011fl\u0131k g\u00f6zlemcili\u011fi&#8221; maddesinin bulundu\u011funu belirten Bilalo\u011flu, \u015f\u00f6yle devam etti:<\/p>\n<p style=\"text-align: justify;\">&#8220;Hem &#8216;kimi ger\u00e7ek ve t\u00fczel ki\u015filerce sosyal dayan\u0131\u015fma ve yard\u0131mla\u015fma amac\u0131yla sa\u011fl\u0131k hizmeti verilebilir&#8217; ifadesi var hem de &#8216;sa\u011fl\u0131k g\u00f6n\u00fcll\u00fcs\u00fc ki\u015filerle hasta kar\u015f\u0131lama, bilgilendirme, ki\u015fisel bak\u0131m, sosyal ihtiya\u00e7lar\u0131n kar\u015f\u0131lanmas\u0131 gibi destek hizmeti \u015feklinde de verilebilece\u011fi&#8217; belirtiliyor. Kamu ve ki\u015fi yarar\u0131na hizmet sunma meselesi ortadan kald\u0131r\u0131l\u0131nca, birtak\u0131m yard\u0131mseverler kurulu\u015flar, o \u00e7ok ulvi gerek\u00e7elerle muhtemelen, devletin kamudan \u00e7ekildi\u011fi noktada ba\u015fka ama\u00e7larla s\u00fcrece dahil olacaklar.&#8221;<\/p>\n<p style=\"text-align: justify;\">KHK ile ilgili Mecliste yeni se\u00e7ilmi\u015f milletvekillerinin hi\u00e7birinin g\u00f6r\u00fc\u015flerinin al\u0131nmad\u0131\u011f\u0131n\u0131 savunan Bilalo\u011flu, Meclisteki siyasi partilerin bu konudaki g\u00f6r\u00fc\u015flerini a\u00e7\u0131klamalar\u0131n\u0131, desteklemeyen milletvekilleri, siyasi partiler ve herkesten sorumluluk almas\u0131n\u0131 istediklerini belirtti.<\/p>\n<p style=\"text-align: justify;\"><strong>Doktorlar\u0131 tezgahtara \u00e7evirmek&#8230;\u00a0<\/strong><\/p>\n<p style=\"text-align: justify;\">Bilalo\u011flu, &#8220;Biz, bu anlay\u0131\u015f\u0131, hekimli\u011fi, m\u00fc\u015fteri pe\u015finde ko\u015fan tezgahtarlar haline getiren bu \u00e7er\u00e7eveyi, temel felsefesiyle reddediyoruz. \u00d6n\u00fcm\u00fczdeki g\u00fcnlerde gerek meslek birlikleri, sendikalar, siyasi partilerle \u00e7ok h\u0131zl\u0131 bir payla\u015f\u0131m\u0131 ger\u00e7ekle\u015ftirece\u011fiz. TTB, mesleklerine ve bu \u00fclkede ya\u015fayanlar\u0131n sa\u011fl\u0131\u011f\u0131na sahip \u00e7\u0131kan tutumunu \u0131srarla s\u00fcrd\u00fcrecektir&#8221; dedi.<\/p>\n<p style=\"text-align: justify;\">TTB Merkez Konseyi 2. Ba\u015fkan\u0131 \u00d6zdemir Aktan, kararnamede y\u0131llardan beri tart\u0131\u015f\u0131lan &#8220;ithal hekim&#8221; kavram\u0131n\u0131n bulundu\u011funu, bu kapsamda T\u00fcrkiye&#8217;de \u00e7al\u0131\u015fmak i\u00e7in &#8220;yabanc\u0131 ve doktor olmas\u0131&#8221; ko\u015fulunun arand\u0131\u011f\u0131n\u0131, &#8220;T\u00fcrk\u00e7e bilmesi, belli standart ve birikimlere sahip olmas\u0131&#8221; gibi kavramlar\u0131n ise bulunmad\u0131\u011f\u0131n\u0131 ifade etti.<\/p>\n<p style=\"text-align: justify;\">TTB Merkez Konseyi Genel Sekreteri Feride Aksu Tan\u0131k da Merkez Konseyi ad\u0131na bas\u0131n a\u00e7\u0131klamas\u0131n\u0131 okudu. KHK ile ikili, merkeziyet\u00e7i, b\u00fcrokratik ve hantal bir yap\u0131n\u0131n olu\u015fturuldu\u011fu belirten Tan\u0131k, Sa\u011fl\u0131k Meslek Kurulu kurulmas\u0131n\u0131 ve Kamu Hastane Birliklerin Genel Sekreter taraf\u0131ndan y\u00f6netilmesini ele\u015ftirdi.<\/p>\n<p style=\"text-align: justify;\">Bas\u0131n toplant\u0131s\u0131n\u0131n ard\u0131ndan sorular\u0131 yan\u0131tlayan Bilalo\u011flu, &#8220;insanlar\u0131n sa\u011fl\u0131klar\u0131 \u00fczerinde deneme yapma&#8221; \u015feklindeki s\u00f6zlerinin sorulmas\u0131 \u00fczerine, &#8220;Bunu \u00f6rnek olarak s\u00f6yledim. Kobay gibi kullanmak diye bir ifade kullanmad\u0131m. Usul ve esaslar konusunda, bu b\u00f6lge b\u00f6lge de\u011fi\u015fmez. Daha fazla kar edilecek ve kimi kontrolleri gev\u015fetecek mekanizmalard\u0131r herhalde. Akl\u0131m\u0131za bunlar\u0131n gelmesi de \u00e7ok do\u011fald\u0131r. \u00c7\u00fcnk\u00fc T\u00fcrkiye&#8217;ye ciddi bir ila\u00e7 ara\u015ft\u0131rma pazar\u0131 olabilecek bir \u00fclke potansiyeli g\u00f6z\u00fcyle bak\u0131ld\u0131\u011f\u0131n\u0131 biliyoruz&#8221; diye konu\u015ftu.<\/p>\n<p style=\"text-align: justify;\"><a href=\"http:\/\/www.cnnturk.com\/2011\/turkiye\/11\/04\/turk.tabipler.birliginden.sert.cikis\/635684.0\/index.html\" target=\"_blank\">Kaynak : CNN T\u00dcRK<\/a><\/p>\n","protected":false},"excerpt":{"rendered":"<p style=\"text-align: justify;\">\n<p style=\"text-align: justify;\">T\u00fcrk Tabipler Birli\u011fi (TTB) Merkez Konseyi, Sa\u011fl\u0131k Bakanl\u0131\u011f\u0131 ve Ba\u011fl\u0131 Kurulu\u015flar\u0131n\u0131n Te\u015fkilat ve G\u00f6revleri Hakk\u0131nda Kanun H\u00fckm\u00fcnde Kararname ile getirilen d\u00fczenlemeleri ele\u015ftirerek &#8220;Bu anlay\u0131\u015f\u0131, hekimli\u011fi, m\u00fc\u015fteri pe\u015finde ko\u015fan tezgahtarlar haline getiren bu \u00e7er\u00e7eveyi, temel felsefesiyle reddediyoruz&#8221; a\u00e7\u0131klamas\u0131nda bulundu.<\/p>\n","protected":false},"author":1,"featured_media":0,"comment_status":"open","ping_status":"open","sticky":false,"template":"","format":"standard","meta":{"footnotes":""},"categories":[105],"tags":[],"class_list":["post-41977","post","type-post","status-publish","format-standard","hentry","category-gundem","odd"],"_links":{"self":[{"href":"http:\/\/www.korhanyilmaz.com\/index.php?rest_route=\/wp\/v2\/posts\/41977","targetHints":{"allow":["GET"]}}],"collection":[{"href":"http:\/\/www.korhanyilmaz.com\/index.php?rest_route=\/wp\/v2\/posts"}],"about":[{"href":"http:\/\/www.korhanyilmaz.com\/index.php?rest_route=\/wp\/v2\/types\/post"}],"author":[{"embeddable":true,"href":"http:\/\/www.korhanyilmaz.com\/index.php?rest_route=\/wp\/v2\/users\/1"}],"replies":[{"embeddable":true,"href":"http:\/\/www.korhanyilmaz.com\/index.php?rest_route=%2Fwp%2Fv2%2Fcomments&post=41977"}],"version-history":[{"count":0,"href":"http:\/\/www.korhanyilmaz.com\/index.php?rest_route=\/wp\/v2\/posts\/41977\/revisions"}],"wp:attachment":[{"href":"http:\/\/www.korhanyilmaz.com\/index.php?rest_route=%2Fwp%2Fv2%2Fmedia&parent=41977"}],"wp:term":[{"taxonomy":"category","embeddable":true,"href":"http:\/\/www.korhanyilmaz.com\/index.php?rest_route=%2Fwp%2Fv2%2Fcategories&post=41977"},{"taxonomy":"post_tag","embeddable":true,"href":"http:\/\/www.korhanyilmaz.com\/index.php?rest_route=%2Fwp%2Fv2%2Ftags&post=41977"}],"curies":[{"name":"wp","href":"https:\/\/api.w.org\/{rel}","templated":true}]}}