{"id":41971,"date":"2011-11-04T16:08:15","date_gmt":"2011-11-04T14:08:15","guid":{"rendered":"http:\/\/www.korhanyilmaz.com\/?p=41971"},"modified":"2011-11-05T02:15:24","modified_gmt":"2011-11-05T00:15:24","slug":"yetmezamaevetciler-soruyor-yahu-ne-oluyor","status":"publish","type":"post","link":"http:\/\/www.korhanyilmaz.com\/?p=41971","title":{"rendered":"Yetmezamaevet&#8217;\u00e7iler soruyor: &#8220;Yahu ne oluyor?&#8221;"},"content":{"rendered":"<p style=\"text-align: center;\"><a href=\"http:\/\/www.korhanyilmaz.com\/wp-content\/uploads\/2011\/11\/8002.jpg\"  class=\"lightview\"><img loading=\"lazy\" decoding=\"async\" class=\"aligncenter  wp-image-41972\" src=\"http:\/\/www.korhanyilmaz.com\/wp-content\/uploads\/2011\/11\/8002.jpg\" alt=\"\" width=\"336\" height=\"252\" \/><\/a><\/p>\n<p style=\"text-align: justify;\">KCK tutuklamalar\u0131n\u0131n ardarda geldi\u011fi g\u00fcnlerde, \u201csilahl\u0131 \u00f6rg\u00fctle, \u015fiddetten uzak siyaset yapanlar\u0131 birbirine kar\u0131\u015ft\u0131rmayal\u0131m\u201d mealinde tepki g\u00f6steren eski solcu-yeni sa\u011f liberalleri izliyor musunuz? Belli ki bir yerlerden balans ayar\u0131 yemi\u015fler; KCK\u2019n\u0131n esasen PKK\u2019n\u0131n \u015fehir \u00f6rg\u00fctlenmesi, dolay\u0131s\u0131yla \u015fiddetin bir par\u00e7as\u0131 oldu\u011funa dair psikolojik sava\u015f arg\u00fcman\u0131n\u0131n arkas\u0131na dizilmeye ba\u015flad\u0131lar. Meselenin art\u0131k PKK ya da KCK\u2019dan \u00e7\u0131kt\u0131\u011f\u0131n\u0131, silahl\u0131-silahs\u0131z, yasad\u0131\u015f\u0131-yasal demeden b\u00fct\u00fcn bir K\u00fcrt muhalefetini \u201cetkisiz hale getirme\u201d operasyonuna d\u00f6n\u00fc\u015ft\u00fc\u011f\u00fcn\u00fc g\u00f6rm\u00fcyorlar; ya da g\u00f6r\u00fcyorlar ve gizlemeye \u00e7al\u0131\u015f\u0131yorlar.\u00a0<!--more--><\/p>\n<p style=\"text-align: justify;\">B\u0131rak\u0131n K\u00fcrt muhalefetini, B\u00fc\u015fra Ersanl\u0131 ve Rag\u0131p Zarakolu\u2019nun tutuklanmas\u0131 a\u00e7\u0131k bir mesaj de\u011fil mi? \u201cKarde\u015fim,\u201d diyor iktidar, \u201cbundan sonra K\u00fcrt-T\u00fcrk falan tan\u0131mam; ya bendensin ya da ter\u00f6rist!\u201d<\/p>\n<p style=\"text-align: justify;\"><strong>Ne kadar tan\u0131d\u0131k bir s\u00f6ylem!\u00a0<\/strong><\/p>\n<p style=\"text-align: justify;\">Son olarak Afganistan\u2019da iki, Irak\u2019ta bir ku\u015fa\u011f\u0131 p\u0131rasa gibi do\u011frayan George W. Bush\u2019tan duymu\u015ftuk ayn\u0131 s\u00f6zleri.<\/p>\n<p style=\"text-align: justify;\">Bu, kendisinden olmayan herkesi d\u00fc\u015fman g\u00f6ren, topyekun bir sava\u015f siyasetinin slogan\u0131d\u0131r. Nitekim bu siyaset halen AKP iktidar\u0131 eliyle bu \u00fclkenin vatanda\u015flar\u0131n\u0131n bir k\u0131sm\u0131na kar\u015f\u0131 uygulanmaktad\u0131r.<\/p>\n<p style=\"text-align: justify;\">* * *<\/p>\n<p style=\"text-align: justify;\">Ger\u00e7ek bu! AKP, yasama, y\u00fcr\u00fctme ve yarg\u0131 organlar\u0131n\u0131 b\u00fct\u00fcn\u00fcyle ele ge\u00e7irdi. Kar\u015f\u0131s\u0131nda muhalefet istemiyor.<\/p>\n<p style=\"text-align: justify;\">\u0130ster K\u00fcrt meselesi olsun, ister HES meselesi, farketmez!<\/p>\n<p style=\"text-align: justify;\">M\u00fcstakbel \u201cba\u015fkan baba\u201dya biat etmi\u015f tek sesli bir toplum yaratmak i\u00e7in elinden geleni ard\u0131na koymayacak<\/p>\n<p style=\"text-align: justify;\">Bu i\u015fler s\u0131rayla&#8230; \u00d6nce silahl\u0131 K\u00fcrde, sonra silahs\u0131za&#8230; Pe\u015finden bar\u0131\u015f isteyenlere, adalet isteyenlere&#8230; Ard\u0131ndan \u201cyahu ne oluyor\u201d diyenlere&#8230; Hatta zaman\u0131 gelince CHP bile bu s\u00fcre\u00e7ten nasibini alacak. Baksan\u0131za, Ba\u015fbakan ana muhalefeti h\u00fck\u00fcmete y\u00f6nelik ele\u015ftirileri sebebiyle \u201cter\u00f6re destek vermekle\u201d su\u00e7lamaya ba\u015flad\u0131 bile&#8230;<\/p>\n<p style=\"text-align: justify;\">Taktik belli: A\u00e7\u0131klamak zorunda olmad\u0131\u011f\u0131n \u201cdelillere\u201d (kimden geldi\u011fi belirsiz ihbar mektuplar\u0131, ipe sapa gelmez telefon dinlemeleri, bilgisayarlara vir\u00fcs marifetiyle y\u00fcklenen dosyalar vd.) dayanarak bir kez tutukla; ondan sonra aylarca, y\u0131llarca i\u00e7erde yat\u0131r! Lafa gelince, tutukluluk s\u00fcrelerinin uzun olmas\u0131 onlar\u0131 da rahats\u0131z ediyormu\u015f! K\u00fclliyen yalan. Rahats\u0131z ediyorsa yap yasal d\u00fczenlemeyi. Yapar m\u0131! En sevdikleri \u015fey sonu belirsiz, uzun tutukluluk s\u00fcreleri. B\u00f6yle \u015fey olur mu, dedi\u011finizde cevap haz\u0131r: \u201cEfendim, T\u00fcrkiye\u2019de yarg\u0131 ba\u011f\u0131ms\u0131zd\u0131r!\u201d Yersen.<\/p>\n<p style=\"text-align: justify;\">Mesele bunlar a\u00e7\u0131s\u0131ndan, tek sesli bir toplum yaratmakla s\u0131n\u0131rl\u0131 de\u011fil; bu arada b\u00fct\u00fcn tarihsel hesapla\u015fmalar\u0131 da aradan \u00e7\u0131karmak istiyorlar.<\/p>\n<p style=\"text-align: justify;\">\u00a0\u0130\u015fte, h\u00e2l\u00e2 \u0130lhan Cihaner\u2019in pe\u015findeler.<\/p>\n<p style=\"text-align: justify;\">Sen misin, \u0130smaila\u011fa cemaatine dava a\u00e7an!<\/p>\n<p style=\"text-align: justify;\">\u00d6yle milletvekili olmak da kurtaramayacak seni, diyorlar. Adalet Bakanl\u0131\u011f\u0131\u2019n\u0131n se\u00e7ti\u011fi HSYK Cihaner\u2019in yarg\u0131lanmas\u0131na izin verdi bile. Onunla da yetinmediler. Cihaner\u2019in avukat\u0131 Turgut Kazan\u2019\u0131 hem hapse at\u0131p hem de meslekten men etme derdindeler.<\/p>\n<p style=\"text-align: justify;\">Sen misin, bu adam\u0131 savunan!<\/p>\n<p style=\"text-align: justify;\">* * *<\/p>\n<p style=\"text-align: justify;\">Vaktiyle solcu olup epey zamand\u0131r siyasetle ili\u015fkileri AKP iktidar\u0131na entelekt\u00fcel ve moral me\u015fruiyet sa\u011flamak olan yeni sa\u011f-liberallerin B\u00fc\u015fra Ersanl\u0131 ve Rag\u0131p Zarakolu\u2019nun ard\u0131ndan, s\u0131k\u0131nt\u0131 i\u00e7inde \u201cHay allah, bu tutuklamalar da \u015fimdi nerden \u00e7\u0131kt\u0131, yanl\u0131\u015f yap\u0131yorsunuz, k\u0131n\u0131yoruz\u201d gibi laflar\u0131na bakmay\u0131n. Son tahlilde, hiza alacaklar\u0131 yer yine AKP siyaseti olacak. Zaten bunlardan bir k\u0131sm\u0131, \u201cdevlet yapt\u0131\u201d diyor. Sanki bug\u00fcn devletin K\u00fcrt politikas\u0131n\u0131 AKP belirlemiyor, polisi ve yarg\u0131y\u0131 kontrol etmiyor; ortada soyut bir devlet var, b\u00fct\u00fcn \u201ckaka\u201d i\u015fleri o yap\u0131yor. Kurnazl\u0131k i\u015fte! Maksat, sureti haktan g\u00f6r\u00fcn\u00fcrm\u00fc\u015f gibi yap\u0131p ger\u00e7e\u011fi \u00f6rtbas etmek, AKP\u2019yi kollamak.<\/p>\n<p style=\"text-align: justify;\">\u0130\u015fin hazin taraf\u0131, y\u0131llard\u0131r AKP\u2019nin de\u011firmenine su ta\u015f\u0131yan bu yeni sa\u011f-liberallerin, esasen AKP ve elbette Tayyip Erdo\u011fan nezdinde -art\u0131k- aman aman bir k\u0131ymeti de yok. \u00c7\u00fcnk\u00fc Erdo\u011fan\u2019\u0131n -art\u0131k- onlara ihtiyac\u0131 da yok. Daha \u00f6nce de \u00f6rneklerine rastlad\u0131k; biraz \u00e7izgi d\u0131\u015f\u0131na \u00e7\u0131kt\u0131klar\u0131nda f\u0131r\u00e7ay\u0131 yediler. Ondan sonra s\u00fckl\u00fcm p\u00fckl\u00fcm olup \u201cileri demokrasi\u201d \u015fak\u015fak\u00e7\u0131l\u0131\u011f\u0131na r\u00fccu ettiler. Yine edecekler. (Derken&#8230; Tayyip Erdo\u011fan\u2019\u0131n uyar\u0131s\u0131na gerek kalmad\u0131; \u00f6nceki g\u00fcn Fethullah cemaatinin s\u00f6zc\u00fcs\u00fc H\u00fcseyin G\u00fclerce arkada\u015flara s..tir\u2019i \u00e7ekti!)<\/p>\n<p style=\"text-align: justify;\">* * *<\/p>\n<p style=\"text-align: justify;\">Bu arada&#8230; T\u00fcrkiye\u2019de, Yarg\u0131tay hakimleri, a\u00e7\u0131k\u00e7a tecav\u00fcze u\u011frayan 13 ya\u015f\u0131nda bir k\u0131z \u00e7ocu\u011funun 26 tane \u015ferefsizle, \u201ckendi r\u0131zas\u0131yla\u201d birlikte oldu\u011funa karar verdi. Art\u0131k bu 26 tane \u015ferefsiz her kimse&#8230;<\/p>\n<p style=\"text-align: justify;\">Hadi ge\u00e7mi\u015f olsun T\u00fcrkiye!<\/p>\n<p style=\"text-align: justify;\"><a href=\"http:\/\/www.birgun.net\/politics_index.php?news_code=1320401767&amp;year=2011&amp;month=11&amp;day=04\" target=\"_blank\">Kaynak :\u00a0<strong>ADNAN BOSTANIO\u011eLU &#8211;\u00a0<\/strong> B\u0130RG\u00fcn<\/a><\/p>\n","protected":false},"excerpt":{"rendered":"<p style=\"text-align: center;\">\n<p style=\"text-align: justify;\">KCK tutuklamalar\u0131n\u0131n ardarda geldi\u011fi g\u00fcnlerde, \u201csilahl\u0131 \u00f6rg\u00fctle, \u015fiddetten uzak siyaset yapanlar\u0131 birbirine kar\u0131\u015ft\u0131rmayal\u0131m\u201d mealinde tepki g\u00f6steren eski solcu-yeni sa\u011f liberalleri izliyor musunuz? Belli ki bir yerlerden balans ayar\u0131 yemi\u015fler; KCK\u2019n\u0131n esasen PKK\u2019n\u0131n \u015fehir \u00f6rg\u00fctlenmesi, dolay\u0131s\u0131yla \u015fiddetin bir par\u00e7as\u0131 oldu\u011funa dair psikolojik sava\u015f arg\u00fcman\u0131n\u0131n arkas\u0131na dizilmeye ba\u015flad\u0131lar. Meselenin art\u0131k PKK ya <\/p>\n","protected":false},"author":1,"featured_media":0,"comment_status":"open","ping_status":"open","sticky":false,"template":"","format":"standard","meta":{"footnotes":""},"categories":[105],"tags":[],"class_list":["post-41971","post","type-post","status-publish","format-standard","hentry","category-gundem","odd"],"_links":{"self":[{"href":"http:\/\/www.korhanyilmaz.com\/index.php?rest_route=\/wp\/v2\/posts\/41971","targetHints":{"allow":["GET"]}}],"collection":[{"href":"http:\/\/www.korhanyilmaz.com\/index.php?rest_route=\/wp\/v2\/posts"}],"about":[{"href":"http:\/\/www.korhanyilmaz.com\/index.php?rest_route=\/wp\/v2\/types\/post"}],"author":[{"embeddable":true,"href":"http:\/\/www.korhanyilmaz.com\/index.php?rest_route=\/wp\/v2\/users\/1"}],"replies":[{"embeddable":true,"href":"http:\/\/www.korhanyilmaz.com\/index.php?rest_route=%2Fwp%2Fv2%2Fcomments&post=41971"}],"version-history":[{"count":0,"href":"http:\/\/www.korhanyilmaz.com\/index.php?rest_route=\/wp\/v2\/posts\/41971\/revisions"}],"wp:attachment":[{"href":"http:\/\/www.korhanyilmaz.com\/index.php?rest_route=%2Fwp%2Fv2%2Fmedia&parent=41971"}],"wp:term":[{"taxonomy":"category","embeddable":true,"href":"http:\/\/www.korhanyilmaz.com\/index.php?rest_route=%2Fwp%2Fv2%2Fcategories&post=41971"},{"taxonomy":"post_tag","embeddable":true,"href":"http:\/\/www.korhanyilmaz.com\/index.php?rest_route=%2Fwp%2Fv2%2Ftags&post=41971"}],"curies":[{"name":"wp","href":"https:\/\/api.w.org\/{rel}","templated":true}]}}