{"id":4197,"date":"2009-02-28T10:03:05","date_gmt":"2009-02-28T08:03:05","guid":{"rendered":"http:\/\/www.korhanyilmaz.com\/?p=4197"},"modified":"2009-02-28T10:03:05","modified_gmt":"2009-02-28T08:03:05","slug":"ap-turkiye-raportoru-rujiten-ermeni-lobisi-beni-tehdit-ediyor","status":"publish","type":"post","link":"http:\/\/www.korhanyilmaz.com\/?p=4197","title":{"rendered":"AP T\u00fcrkiye raport\u00f6r\u00fc Rujiten: Ermeni lobisi beni tehdit ediyor"},"content":{"rendered":"<p style=\"text-align: center;\"><img loading=\"lazy\" decoding=\"async\" class=\"aligncenter size-full wp-image-4198\" title=\"Avrupa Parlamentosu'nun T\u00fcrkiye raport\u00f6r\u00fc Ria Oomen-Ruijten\" src=\"http:\/\/www.korhanyilmaz.com\/wp-content\/uploads\/2009\/02\/610x.jpg\" alt=\"Avrupa Parlamentosu'nun T\u00fcrkiye raport\u00f6r\u00fc Ria Oomen-Ruijten\" width=\"366\" height=\"245\" \/><\/p>\n<p style=\"text-align: justify;\">\n<p style=\"text-align: justify;\"><strong>Avrupa Parlamentosu&#8217;nun T\u00fcrkiye raport\u00f6r\u00fc Ria Oomen-Ruijten, 1915 hadiselerine &#8220;soyk\u0131r\u0131m&#8221; olarak at\u0131f yapmad\u0131\u011f\u0131 i\u00e7in Ermeni lobisinden tehdit ald\u0131\u011f\u0131n\u0131 s\u00f6yledi. <\/strong><\/p>\n<p style=\"text-align: justify;\">12 \u015eubat&#8217;ta D\u0131\u015f \u0130li\u015fkiler Komitesi&#8217;nde raporu b\u00fcy\u00fck bir farkla onaylanan Hollandal\u0131 Ruijten, ilgin\u00e7 a\u00e7\u0131klamalarda bulundu.<\/p>\n<p style=\"text-align: justify;\">Bask\u0131lara ra\u011fmen kaleme ald\u0131\u011f\u0131 iki raporda da 1915 olaylar\u0131na &#8220;soyk\u0131r\u0131m&#8221; ifadesinden ka\u00e7\u0131nan Ruijten, bu y\u00fczden Ermeni lobisinin kendisinden pek hazzetmedi\u011fini kaydetti. Raport\u00f6r, &#8220;AP&#8217;ye tekrar se\u00e7ilmemi engellemek i\u00e7in ellerinden gelen her \u015feyi yapacaklar\u0131na dair bana s\u00f6z verdiler.&#8221; dedi. Oomen, &#8220;Ama bu s\u00f6zler tehdit de\u011fil mi?&#8221; sorusuna ise, &#8220;Kesinlikle. Bir de ofisime sorun. \u015eimdiye kadar ne tehditler ald\u0131m.&#8221; cevab\u0131n\u0131 verdi. Parlamentonun en k\u0131demli \u00fcyelerinden olan Ruijten&#8217;in hazirandaki se\u00e7imlerde AP&#8217;ye tekrar girmesi bekleniyor.<!--more--><\/p>\n<p style=\"text-align: justify;\">Ermeni lobisinin muazzam bask\u0131s\u0131na ra\u011fmen T\u00fcrkiye&#8217;ye ili\u015fkin kaleme ald\u0131\u011f\u0131 iki raporda da 1915 olaylar\u0131na &#8220;soyk\u0131r\u0131m&#8221; olarak at\u0131f yapmaktan ka\u00e7\u0131nan Oomen-Ruijten, Ermeni lobisinin kendisinden pek hazzetmedi\u011fini do\u011frularken, lobinin tehditlerine maruz kald\u0131\u011f\u0131na i\u015faret etti. &#8220;Avrupa Parlamentosu&#8217;na tekrar se\u00e7ilmemi engellemek i\u00e7in ellerinden gelen her \u015feyi yapacaklar\u0131na dair bana s\u00f6z verdiler.&#8221; diyen Oomen, &#8220;Ama bu s\u00f6zler tehdit de\u011fil mi?&#8221; sorusuna &#8220;Kesinlikle. Bir de ofisime sorun. \u015eimdiye kadar ne tehditler ald\u0131m.&#8221; cevab\u0131n\u0131 verdi.<\/p>\n<p style=\"text-align: justify;\">Samanyoluhaber televizyonunda d\u00fcn gece yay\u0131nlanan Avrupa Masas\u0131 program\u0131na T\u00fcrkiye-AB Karma Parlamento Komisyonu E\u015fba\u015fkan\u0131 Joost Lagendijk ile birlikte kat\u0131lan Oomen-Ruijten&#8217;in T\u00fcrkiye raporu 11 Mart&#8217;ta AP Genel Kurulu&#8217;nda oylanacak. Raporun, b\u00fcy\u00fck de\u011fi\u015fiklik olmadan AP&#8217;de kabul edilmesi bekleniyor.<\/p>\n<p style=\"text-align: justify;\">Oomen&#8217;in kaleme ald\u0131\u011f\u0131 T\u00fcrkiye raporlar\u0131 selefi ve kendisi gibi Hollandal\u0131 bir H\u0131ristiyan Demokrat olan Camiel Eurlings ile mukayese edildi\u011finde olduk\u00e7a dengeli bulunuyor. Eurlings&#8217;in T\u00fcrkiye raporlar\u0131, Ermeni lobisinin etkisine \u00e7ok a\u00e7\u0131k belgeler oldu\u011fu gerek\u00e7esiyle yo\u011fun ele\u015ftiriler alm\u0131\u015ft\u0131.<\/p>\n<p style=\"text-align: justify;\">Oomen, raporunda son anda Ermeni meselesinde de\u011fi\u015fikliklere m\u00fcsaade etmeyece\u011fini s\u00f6ylerken, &#8220;Ben bu ifadelerin hem T\u00fcrkler hem de Ermeniler i\u00e7in iyi oldu\u011funu d\u00fc\u015f\u00fcn\u00fcyorum. Dolay\u0131s\u0131yla raporumu aynen bu \u015fekilde korumaya ve taviz vermemeye kararl\u0131y\u0131m.&#8221; dedi.<\/p>\n<p style=\"text-align: justify;\">Cumhurba\u015fkan\u0131 Abdullah G\u00fcl&#8217;\u00fcn Ermenistan ziyareti ile D\u0131\u015fi\u015fleri Bakan\u0131 Ali Babacan&#8217;\u0131n gayretlerini &#8220;\u00e7ok takdir&#8221; etti\u011fini vurgulayan Oomen, ancak bu ad\u0131mlar\u0131n yeterli olmad\u0131\u011f\u0131n\u0131 savundu. &#8220;Daha yap\u0131lmas\u0131 gerekenler var. Bunlar\u0131n ba\u015f\u0131nda da s\u0131n\u0131r\u0131n a\u00e7\u0131lmas\u0131 geliyor.&#8221; diyen T\u00fcrkiye raport\u00f6r\u00fc Avrupa ve ABD&#8217;de ya\u015fayan Ermeni lobisinin ise beklentilerinin tersine s\u0131n\u0131r\u0131n a\u00e7\u0131lmas\u0131 ile pek ilgilenmedi\u011fini kaydetti.<\/p>\n<p style=\"text-align: justify;\">Avrupa Masas\u0131&#8217;n\u0131n di\u011fer misafiri Joost Lagendijk ise Oomen&#8217;in Ermeni meselesindeki tavr\u0131ndan son derece memnun oldu\u011funu; zira son 8 y\u0131ld\u0131r AP&#8217;nin kendisini &#8220;soyk\u0131r\u0131m m\u0131 de\u011fil mi?&#8221; tuza\u011f\u0131na soktu\u011funu s\u00f6yledi. &#8220;Bu \u00e7ok k\u0131s\u0131r bir tart\u0131\u015fmayd\u0131 ve bug\u00fcnk\u00fc sorunlara ili\u015fkin bir \u015fey s\u00f6ylemiyordu. Ben bu hassas sorunun \u00e7\u00f6z\u00fcm\u00fcnde ilk ad\u0131m\u0131n hep bug\u00fcn\u00fcn sorunlar\u0131yla at\u0131labilece\u011fini d\u00fc\u015f\u00fcn\u00fcyorum.&#8221; dedi.<\/p>\n<p style=\"text-align: justify;\"><strong>Ergenekon ayd\u0131nlat\u0131lmal\u0131 <\/strong><\/p>\n<p style=\"text-align: justify;\">Bu y\u0131lki AP raporunda Ergenekon&#8217;a atf\u0131 kuvvetlendiren Ria Oomen-Ruijten, Ergenekon meselesinin a\u00e7\u0131kl\u0131\u011fa kavu\u015fturulmas\u0131n\u0131n T\u00fcrk toplumu i\u00e7in azami ehemmiyette oldu\u011funa i\u015faret ederken, san\u0131k haklar\u0131na riayet edilmesi gerekti\u011fini de bir defa daha vurgulad\u0131. Lagendijk da Ergenekon paragraf\u0131n\u0131n g\u00fc\u00e7lendirilmesinden son derece memnun oldu\u011funu vurgularken, yetkilileri de uyard\u0131. &#8220;Ergenekon davas\u0131 T\u00fcrkiye&#8217;nin kirli tarihinin temizlenmesi. Ancak bu i\u015fi yaparken kitaba, kurallara uyarak yapmak laz\u0131m. E\u011fer kurallar\u0131 kaale almazsan\u0131z b\u00fct\u00fcn dikkatler adl\u00ee i\u015flemlere \u00e7evrilecektir.&#8221; dedi.<\/p>\n<p style=\"text-align: justify;\"><span style=\"color: #888888;\"><strong>Kaynak :<\/strong> Sel\u00e7uk G\u00fclta\u015fl\u0131 \/ Br\u00fcksel, Zaman Gazetesi<\/span><\/p>\n","protected":false},"excerpt":{"rendered":"<p style=\"text-align: center;\">\n<p style=\"text-align: justify;\">\n<p style=\"text-align: justify;\">Avrupa Parlamentosu&#8217;nun T\u00fcrkiye raport\u00f6r\u00fc Ria Oomen-Ruijten, 1915 hadiselerine &#8220;soyk\u0131r\u0131m&#8221; olarak at\u0131f yapmad\u0131\u011f\u0131 i\u00e7in Ermeni lobisinden tehdit ald\u0131\u011f\u0131n\u0131 s\u00f6yledi. <\/p>\n<p style=\"text-align: justify;\">12 \u015eubat&#8217;ta D\u0131\u015f \u0130li\u015fkiler Komitesi&#8217;nde raporu b\u00fcy\u00fck bir farkla onaylanan Hollandal\u0131 Ruijten, ilgin\u00e7 a\u00e7\u0131klamalarda bulundu.<\/p>\n<p style=\"text-align: justify;\">Bask\u0131lara ra\u011fmen kaleme ald\u0131\u011f\u0131 iki raporda da 1915 olaylar\u0131na <\/p>\n","protected":false},"author":1,"featured_media":0,"comment_status":"open","ping_status":"closed","sticky":false,"template":"","format":"standard","meta":{"footnotes":""},"categories":[3],"tags":[],"class_list":["post-4197","post","type-post","status-publish","format-standard","hentry","category-dunya","odd"],"_links":{"self":[{"href":"http:\/\/www.korhanyilmaz.com\/index.php?rest_route=\/wp\/v2\/posts\/4197","targetHints":{"allow":["GET"]}}],"collection":[{"href":"http:\/\/www.korhanyilmaz.com\/index.php?rest_route=\/wp\/v2\/posts"}],"about":[{"href":"http:\/\/www.korhanyilmaz.com\/index.php?rest_route=\/wp\/v2\/types\/post"}],"author":[{"embeddable":true,"href":"http:\/\/www.korhanyilmaz.com\/index.php?rest_route=\/wp\/v2\/users\/1"}],"replies":[{"embeddable":true,"href":"http:\/\/www.korhanyilmaz.com\/index.php?rest_route=%2Fwp%2Fv2%2Fcomments&post=4197"}],"version-history":[{"count":0,"href":"http:\/\/www.korhanyilmaz.com\/index.php?rest_route=\/wp\/v2\/posts\/4197\/revisions"}],"wp:attachment":[{"href":"http:\/\/www.korhanyilmaz.com\/index.php?rest_route=%2Fwp%2Fv2%2Fmedia&parent=4197"}],"wp:term":[{"taxonomy":"category","embeddable":true,"href":"http:\/\/www.korhanyilmaz.com\/index.php?rest_route=%2Fwp%2Fv2%2Fcategories&post=4197"},{"taxonomy":"post_tag","embeddable":true,"href":"http:\/\/www.korhanyilmaz.com\/index.php?rest_route=%2Fwp%2Fv2%2Ftags&post=4197"}],"curies":[{"name":"wp","href":"https:\/\/api.w.org\/{rel}","templated":true}]}}