{"id":41967,"date":"2011-11-04T16:49:40","date_gmt":"2011-11-04T14:49:40","guid":{"rendered":"http:\/\/www.korhanyilmaz.com\/?p=41967"},"modified":"2011-11-05T01:56:22","modified_gmt":"2011-11-04T23:56:22","slug":"rizamiz-yok-isyanimiz-var","status":"publish","type":"post","link":"http:\/\/www.korhanyilmaz.com\/?p=41967","title":{"rendered":"R\u0131zam\u0131z yok, isyan\u0131m\u0131z var"},"content":{"rendered":"<p style=\"text-align: center;\"><a href=\"http:\/\/www.korhanyilmaz.com\/wp-content\/uploads\/2011\/11\/8001.jpg\"  class=\"lightview\"><img loading=\"lazy\" decoding=\"async\" class=\"aligncenter  wp-image-41968\" src=\"http:\/\/www.korhanyilmaz.com\/wp-content\/uploads\/2011\/11\/8001.jpg\" alt=\"\" width=\"336\" height=\"252\" \/><\/a><\/p>\n<p style=\"text-align: justify;\">N.\u00c7. davas\u0131na ili\u015fkin yerel mahkemenin verdi\u011fi &#8220;kendi r\u0131zas\u0131yla&#8221; \u015feklindeki karar\u0131 onaylayan Yarg\u0131tay&#8217;a kar\u015f\u0131 kad\u0131nlar\u0131n isyanlar\u0131 devam ediyor. Yarg\u0131tay&#8217;\u0131n verdi\u011fi kararla adil yarg\u0131lama ilkelerini bir kez daha hi\u00e7e sayd\u0131\u011f\u0131na dikkat \u00e7eken kad\u0131nlar, yarg\u0131ya &#8220;R\u0131za, tahrik arama su\u00e7lular\u0131 yarg\u0131la&#8221; diye seslendi.\u00a0<!--more--><\/p>\n<p style=\"text-align: justify;\">\u00c7a\u011flayan&#8217;da bulunan Adalet Saray\u0131 \u00f6n\u00fcnde biraraya gelen &#8220;Kad\u0131n Cinayetlerine Kar\u015f\u0131 \u0130syanday\u0131z Kampanyas\u0131&#8221; bile\u015fenlerinden kad\u0131nlar, ellerinde N.\u00c7&#8217;ye tecav\u00fcz davas\u0131nda yarg\u0131lananlar\u0131n isim listesini ta\u015f\u0131yarak tecav\u00fczc\u00fcleri te\u015fhir ettiler. S\u0131k s\u0131k &#8220;N.\u00c7. ilk de\u011fil, ama son olsun&#8221;, &#8220;Erkek adalet de\u011fil, ger\u00e7ek adalet istiyoruz&#8221;, &#8220;Tecav\u00fczc\u00fc devlet istemiyoruz&#8221; \u015feklinde slogan atan kad\u0131nlar, &#8220;T.C.av\u00fcz\u00fc g\u00f6rd\u00fck&#8221;, &#8220;Kad\u0131n\u0131z, \u00f6fkeliyiz, pe\u015finizdeyiz&#8221;, &#8220;Erk&#8217;in yasas\u0131, erke\u011fin kalkan\u0131&#8221; yaz\u0131l\u0131 d\u00f6vizler ta\u015f\u0131d\u0131lar.<\/p>\n<p style=\"text-align: justify;\">&#8220;Erkek adalet &#8216;r\u0131za&#8217;m\u0131z yok, isyan ediyoruz, te\u015fhir ediyoruz, tecav\u00fczc\u00fclere a\u011f\u0131r cezalar istiyoruz&#8221; yaz\u0131l\u0131 pankart ta\u015f\u0131yan Kad\u0131n Cinayetlerine Kar\u015f\u0131 \u0130syanday\u0131z Kampanyas\u0131 ad\u0131na a\u00e7\u0131klamay\u0131 Selime B\u00fcy\u00fckg\u00f6ze yapt\u0131.<\/p>\n<p style=\"text-align: justify;\"><strong>\u201cMahkeme, ba\u015f\u0131ndan beri tecav\u00fczc\u00fclerin yan\u0131nda oldu\u201d<\/strong><\/p>\n<p style=\"text-align: justify;\">B\u00fcy\u00fckg\u00f6ze, 13 ya\u015f\u0131ndaki bir \u00e7ocu\u011fun 26 erke\u011fin tecav\u00fcz\u00fcne maruz kald\u0131\u011f\u0131n\u0131, konuyla ilgili kamu davas\u0131n\u0131n ancak N.\u00c7&#8217;nin Adalet Bakan\u0131&#8217;na yazd\u0131\u011f\u0131 mektubun ard\u0131ndan a\u00e7\u0131labildi\u011fini hat\u0131rlatarak \u015f\u00f6yle devam etti: &#8220;Tecav\u00fczc\u00fcler y\u00fczba\u015f\u0131yd\u0131, okul m\u00fcd\u00fcr\u00fcyd\u00fc, korucuydu, kamu g\u00f6revlileriydi, erkeklerdi. Kamu davas\u0131 a\u00e7\u0131ld\u0131ktan sonra N.\u00c7&#8217;nin avukat\u0131, N.\u00c7&#8217;yi destekleyenler, tecav\u00fczc\u00fclerin en a\u011f\u0131r \u015fekilde cezaland\u0131r\u0131lmas\u0131n\u0131 isteyenler defalarca tehdit edildiler. Mardin 1. A\u011f\u0131r Ceza Mahkemesi de davan\u0131n en ba\u015f\u0131ndan itibaren san\u0131klar\u0131n yan\u0131nda oldu.&#8221;<\/p>\n<p style=\"text-align: justify;\">Yerel mahkemenin, &#8220;N.\u00c7&#8217;nin r\u0131zas\u0131 oldu\u011funa&#8221; \u015feklinde karar verdi\u011fini ve Yarg\u0131tay&#8217;\u0131n da bu karar\u0131 onad\u0131\u011f\u0131n\u0131 hat\u0131rlatan B\u00fcy\u00fckg\u00f6ze, karar\u0131n eski yasaya dayan\u0131larak verildi\u011fini i\u015faret etti. B\u00fcy\u00fckg\u00f6ze, &#8220;Cinsiyet\u00e7i uygulaman\u0131n bir yasa de\u011fi\u015fikli\u011fiyle a\u00e7\u0131klanmas\u0131n\u0131 kabul edemeyiz. 13 ya\u015f\u0131nda bir \u00e7ocu\u011fun r\u0131zas\u0131n\u0131n aranmas\u0131n\u0131n, tecav\u00fczc\u00fcleri iyi hal indirimi uygulamas\u0131n\u0131n, tecav\u00fczc\u00fclerin hemen serbest b\u0131rak\u0131lmas\u0131n\u0131n, kad\u0131n katillerine haks\u0131z tahrik indirim uygulamas\u0131n\u0131n, y\u0131llarca s\u00fcren davalar\u0131n, yarg\u0131n\u0131n erkeklerin yan\u0131nda olmas\u0131n\u0131n ne anlama geldi\u011fini \u00f6nce N.\u00c7&#8217;den sonra da kendi hayatlar\u0131m\u0131zdan biliyoruz&#8221; dedi.<\/p>\n<p style=\"text-align: justify;\"><strong>\u201cSiz raz\u0131s\u0131n\u0131z, N.\u00c7 raz\u0131 de\u011fil, biz kad\u0131nlar raz\u0131 de\u011filiz\u201d<\/strong><\/p>\n<p style=\"text-align: justify;\">Bu kararlar\u0131 art\u0131k sindiremediklerini ve isyan ettiklerini hayk\u0131ran Selime B\u00fcy\u00fckg\u00f6ze, bu dava ile adil yarg\u0131lama ilkelerinin bir kez daha hi\u00e7e say\u0131ld\u0131\u011f\u0131n\u0131 vurgulad\u0131. B\u00fcy\u00fckg\u00f6ze, &#8220;Yarg\u0131 13 ya\u015f\u0131ndaki bir \u00e7ocu\u011fun 26 erkek taraf\u0131ndan tecav\u00fcze u\u011framas\u0131na raz\u0131d\u0131r. N.\u00c7. raz\u0131 de\u011fildir. Biz kad\u0131nlar raz\u0131 de\u011filiz. Erkek adalet de\u011fil, ger\u00e7ek adalet istiyoruz&#8221; dedi.<\/p>\n<p style=\"text-align: justify;\"><strong>&#8220;R\u0131zam\u0131z yok, isyan\u0131m\u0131z var&#8221;<\/strong><\/p>\n<p style=\"text-align: justify;\">Mahkemenin, 13 ya\u015f\u0131ndayken 26 erke\u011fin tecav\u00fcz\u00fcne u\u011frayan N.\u00c7. hakk\u0131nda \u201cr\u0131zas\u0131yla birlikte oldu\u201d karar\u0131n\u0131 Yarg\u0131tay\u0131n da onaylamas\u0131, kamuoyunda b\u00fcy\u00fck bir tepki olu\u015fturdu.<\/p>\n<p style=\"text-align: justify;\">Yarg\u0131n\u0131n bu karar\u0131na tepkiler b\u00fcy\u00fcrken, di\u011fer taraftan d\u00fcn Kredi ve Yurtlar Kurumu\u2019nun (KYK), imzas\u0131z bir \u015fekilde haz\u0131rlad\u0131\u011f\u0131 &#8220;korsan&#8221; anketlerini yurtlarda kalan \u00f6\u011frencilere &#8220;para cezas\u0131&#8221; ve &#8220;yurttan at\u0131lma&#8221; tehdidiyle doldurtmaya \u00e7al\u0131\u015ft\u0131\u011f\u0131 haberi geldi. \u00d6DP\u2019li Kad\u0131nlar, yapt\u0131klar\u0131 a\u00e7\u0131klamada taciz, tecav\u00fcz, \u015fiddet ve cinayet davalar\u0131nda mahkemelerin ald\u0131\u011f\u0131 kararlar\u0131n kad\u0131nlara y\u00f6nelik \u015fiddeti engelleyemedi\u011fini aksine bu kararlar\u0131n \u00e7\u00fcr\u00fcm\u00fc\u015f ve koku\u015fmu\u015f d\u00fczenin ger\u00e7ek y\u00fcz\u00fcn\u00fc ortaya koydu\u011funu ifade ettiler.<\/p>\n<p style=\"text-align: justify;\">Yurtlarda yap\u0131lan cinsiyet\u00e7i anketlerin kim taraf\u0131ndan hangi ama\u00e7la yap\u0131ld\u0131\u011f\u0131n\u0131 soran \u00d6DP\u2019li kad\u0131nlar, d\u00fczenin kurumlar\u0131nca derinle\u015ftirilen cinsiyet\u00e7i bak\u0131\u015f a\u00e7\u0131s\u0131na kar\u015f\u0131 kad\u0131n dayan\u0131\u015fmas\u0131yla kad\u0131n m\u00fccadelesini y\u00fckselteceklerini a\u00e7\u0131klad\u0131lar. R\u0131zam\u0131z yok, isyan\u0131m\u0131z var diyen ka\u0131dnlar, gerici, fa\u015fist, kad\u0131n d\u00fc\u015fman\u0131 AKP\u2019nin yasamas\u0131na da y\u00fcr\u00fctmesine de yarg\u0131s\u0131na da esastan itiraz ediyoruz! dediler.<\/p>\n<p style=\"text-align: justify;\"><strong><span style=\"text-decoration: underline;\">\u00d6DP\u2019li Kad\u0131nlar\u0131n yapt\u0131klar\u0131 bas\u0131n a\u00e7\u0131klamas\u0131 ise \u015f\u00f6yle:<\/span><\/strong><\/p>\n<p style=\"text-align: justify;\">\u0130ktidara geldi\u011fi g\u00fcnden bug\u00fcne cinsiyet\u00e7i ve muhafazakar s\u00f6ylemini ba\u015fta ba\u015fbakan ve b\u00fcrokratlar\u0131 arac\u0131l\u0131\u011f\u0131yla s\u00fcrd\u00fcren AKP iktidar\u0131 d\u00f6neminde, kad\u0131na y\u00f6nelik \u015fiddet ciddi bir art\u0131\u015f g\u00f6sterdi. Kad\u0131n cinayetlerinin % 1400 artt\u0131\u011f\u0131 bu s\u00fcre\u00e7te acil tedbirler al\u0131nmas\u0131 ve somut ad\u0131mlar at\u0131lmas\u0131 gerekirken taciz, tecav\u00fcz, \u015fiddet ve cinayet davalar\u0131nda mahkemelerin ald\u0131\u011f\u0131 kararlar kad\u0131nlara y\u00f6nelik \u015fiddetin t\u00fcm h\u0131z\u0131yla devam etti\u011fini g\u00f6steriyor,\u00e7\u00fcr\u00fcm\u00fc\u015f ve koku\u015fmu\u015f d\u00fczenin ger\u00e7ek y\u00fcz\u00fcn\u00fc ortaya koyuyor.<\/p>\n<p style=\"text-align: justify;\">HSYK\u2019n\u0131n \u201cYarg\u0131da Durum Analizi Toplant\u0131lar\u0131\u201d \u0131nda \u201cma\u011fdurun tecav\u00fczc\u00fcs\u00fcyle evlenmesi\u201dni i\u00e7eren eski TCK\u2019n\u0131n 434\u2019\u00fcnc\u00fc maddesinin geri getirilmesini \u00f6neren, \u201c15 ya\u015f\u0131ndan k\u00fc\u00e7\u00fcklere kar\u015f\u0131 r\u0131zaen cinsel ili\u015fki su\u00e7lar\u0131n\u0131n ceza miktarlar\u0131 d\u00fc\u015f\u00fcr\u00fclmeli\u201d diyen bir yarg\u0131 \u015fimdi de 13 ya\u015f\u0131ndayken 26 erke\u011fin tecav\u00fcz\u00fcne u\u011frayan N.\u00c7. hakk\u0131nda \u201cr\u0131zas\u0131yla birlikte oldu\u201d karar\u0131n\u0131 onaylad\u0131. Siyasal iktidar\u0131n, asker ve sivil b\u00fcrokratlar\u0131n, mahkemelerin i\u00e7i\u00e7e ge\u00e7ti\u011fi ili\u015fkiler a\u011f\u0131n\u0131n korudu\u011fu erkek egemen kapitalist d\u00fczen, kad\u0131nlar\u0131n bedenleri \u00fczerinde y\u00fckselmeye devam ediyor.<\/p>\n<p style=\"text-align: justify;\">Son olarak Kredi ve Yurtlar Kurumu\u2019nun yurtlarda kalan \u00f6\u011frencilere &#8220;para cezas\u0131&#8221; ve &#8220;yurttan at\u0131lma&#8221; tehdidiyle doldurtmaya \u00e7al\u0131\u015ft\u0131\u011f\u0131 anketlerde yer alan, kad\u0131n \u00f6\u011frencilere y\u00f6nelik \u201cdaha \u00f6nce ka\u00e7 birliktelik ya\u015fad\u0131n\u0131z?&#8221; ,&#8221; 1 Ocak 2005 tarihinden sonra \u015fu an canl\u0131 olsun ya da olmas\u0131n do\u011fum yapt\u0131n\u0131z m\u0131? &#8221; gibi sorular cinsiyet\u00e7i bak\u0131\u015f a\u00e7\u0131s\u0131n\u0131n d\u00fczenin kurumlar\u0131nca nas\u0131l derinle\u015ftirildi\u011fini g\u00f6stermektedir. Kim taraf\u0131ndan , hangi ama\u00e7la haz\u0131rland\u0131\u011f\u0131 a\u00e7\u0131k ve net olarak belirtilmeyen bu t\u00fcr anketlerle ne yap\u0131lmak isteniyor? Ankete cevap vermek istemeyen \u00f6\u011frenciler neden tehdit ediliyor? Bu anketler hakk\u0131nda E\u011fitim Bakanl\u0131\u011f\u0131n\u0131n, Aile ve Sosyal Politikalar Bakanl\u0131\u011f\u0131n\u0131n bir bilgisi var m\u0131d\u0131r? Yoksa bu anketler \u00fcniversite \u00f6\u011frencileri \u00fczerinde kurulmaya \u00e7al\u0131\u015f\u0131lan tahakk\u00fcm\u00fcn ayr\u0131 bir par\u00e7as\u0131 m\u0131d\u0131r? Bu sorulara cevap bekliyoruz.<\/p>\n<p style=\"text-align: justify;\"><strong>Biz kad\u0131nlar;\u00a0<\/strong><\/p>\n<p style=\"text-align: justify;\">Kad\u0131nlar\u0131n bedeni \u00fczerinden y\u00fckseltilen bir \u201cnamus\u201d kavram\u0131n\u0131 reddediyoruz.<\/p>\n<p style=\"text-align: justify;\">Kad\u0131nlara dair siyaset \u00fcretmeyen Bakan Fatma \u015eahin\u2019in erkek egemen iktidar\u0131n bir par\u00e7as\u0131 oldu\u011funu biliyoruz.<\/p>\n<p style=\"text-align: justify;\">D\u00fczenin kurumlar\u0131nca derinle\u015ftirilen cinsiyet\u00e7i bak\u0131\u015f a\u00e7\u0131s\u0131na kar\u015f\u0131 m\u00fccadele edece\u011fimizi hayk\u0131r\u0131yoruz.<\/p>\n<p style=\"text-align: justify;\">Kad\u0131n m\u00fccadelesini kad\u0131n dayan\u0131\u015fmas\u0131yla y\u00fckselterek sokaklarda olaca\u011f\u0131m\u0131z\u0131 bir kez daha s\u00f6yl\u00fcyoruz.<\/p>\n<p style=\"text-align: justify;\">Gerici, fa\u015fist, kad\u0131n d\u00fc\u015fman\u0131 AKP\u2019nin yasamas\u0131na da y\u00fcr\u00fctmesine de yarg\u0131s\u0131na da esastan itiraz ediyoruz!<\/p>\n<p style=\"text-align: justify;\"><a href=\"http:\/\/www.birgun.net\/actuels_index.php?news_code=1320423361&amp;year=2011&amp;month=11&amp;day=04\" target=\"_blank\">Kaynak : B\u0130RG\u00fcn\u00a0<\/a><\/p>\n","protected":false},"excerpt":{"rendered":"<p style=\"text-align: center;\">\n<p style=\"text-align: justify;\">N.\u00c7. davas\u0131na ili\u015fkin yerel mahkemenin verdi\u011fi &#8220;kendi r\u0131zas\u0131yla&#8221; \u015feklindeki karar\u0131 onaylayan Yarg\u0131tay&#8217;a kar\u015f\u0131 kad\u0131nlar\u0131n isyanlar\u0131 devam ediyor. Yarg\u0131tay&#8217;\u0131n verdi\u011fi kararla adil yarg\u0131lama ilkelerini bir kez daha hi\u00e7e sayd\u0131\u011f\u0131na dikkat \u00e7eken kad\u0131nlar, yarg\u0131ya &#8220;R\u0131za, tahrik arama su\u00e7lular\u0131 yarg\u0131la&#8221; diye seslendi. <\/p>\n","protected":false},"author":1,"featured_media":0,"comment_status":"open","ping_status":"open","sticky":false,"template":"","format":"standard","meta":{"footnotes":""},"categories":[105],"tags":[],"class_list":["post-41967","post","type-post","status-publish","format-standard","hentry","category-gundem","odd"],"_links":{"self":[{"href":"http:\/\/www.korhanyilmaz.com\/index.php?rest_route=\/wp\/v2\/posts\/41967","targetHints":{"allow":["GET"]}}],"collection":[{"href":"http:\/\/www.korhanyilmaz.com\/index.php?rest_route=\/wp\/v2\/posts"}],"about":[{"href":"http:\/\/www.korhanyilmaz.com\/index.php?rest_route=\/wp\/v2\/types\/post"}],"author":[{"embeddable":true,"href":"http:\/\/www.korhanyilmaz.com\/index.php?rest_route=\/wp\/v2\/users\/1"}],"replies":[{"embeddable":true,"href":"http:\/\/www.korhanyilmaz.com\/index.php?rest_route=%2Fwp%2Fv2%2Fcomments&post=41967"}],"version-history":[{"count":0,"href":"http:\/\/www.korhanyilmaz.com\/index.php?rest_route=\/wp\/v2\/posts\/41967\/revisions"}],"wp:attachment":[{"href":"http:\/\/www.korhanyilmaz.com\/index.php?rest_route=%2Fwp%2Fv2%2Fmedia&parent=41967"}],"wp:term":[{"taxonomy":"category","embeddable":true,"href":"http:\/\/www.korhanyilmaz.com\/index.php?rest_route=%2Fwp%2Fv2%2Fcategories&post=41967"},{"taxonomy":"post_tag","embeddable":true,"href":"http:\/\/www.korhanyilmaz.com\/index.php?rest_route=%2Fwp%2Fv2%2Ftags&post=41967"}],"curies":[{"name":"wp","href":"https:\/\/api.w.org\/{rel}","templated":true}]}}