{"id":41963,"date":"2011-11-04T16:39:28","date_gmt":"2011-11-04T14:39:28","guid":{"rendered":"http:\/\/www.korhanyilmaz.com\/?p=41963"},"modified":"2011-11-05T01:43:50","modified_gmt":"2011-11-04T23:43:50","slug":"devlet-sirra-kadem-basti","status":"publish","type":"post","link":"http:\/\/www.korhanyilmaz.com\/?p=41963","title":{"rendered":"Devlet, s\u0131rra kadem bast\u0131"},"content":{"rendered":"<p style=\"text-align: center;\"><a href=\"http:\/\/www.korhanyilmaz.com\/wp-content\/uploads\/2011\/11\/8000.jpg\"  class=\"lightview\"><img loading=\"lazy\" decoding=\"async\" class=\"aligncenter  wp-image-41964\" src=\"http:\/\/www.korhanyilmaz.com\/wp-content\/uploads\/2011\/11\/8000.jpg\" alt=\"\" width=\"336\" height=\"252\" \/><\/a><\/p>\n<p style=\"text-align: justify;\">Susurluk, Musa Anter cinayeti gibi derin davalarda kar\u015f\u0131la\u015ft\u0131\u011f\u0131m\u0131z \u2018devlet s\u0131rr\u0131\u2019 art\u0131k AKP\u2019nin, hatta Ba\u015fbakan Erdo\u011fan\u2019\u0131n tekeline giriyor. Demokratik kitle \u00f6rg\u00fctlerinin y\u0131llard\u0131r kald\u0131r\u0131lmas\u0131n\u0131 istedi\u011fi \u2018\u00e7ok gizli\u2019 ve \u2018devlet s\u0131rr\u0131\u2019 ifadelerinin kapsama alan\u0131, her f\u0131rsatta \u015feffafl\u0131k ilkesini a\u011fz\u0131ndan d\u00fc\u015f\u00fcrmeyen AKP taraf\u0131ndan geni\u015fletiliyor. Bilgi edinme hakk\u0131 ve herkesin yasalar \u00f6n\u00fcnde e\u015fit olmas\u0131 ilkesine te\u011fet ge\u00e7ecek bu uygulama, Meclis\u2019e g\u00f6nderilen Devlet S\u0131rr\u0131 Kanunu Tasar\u0131s\u0131\u2019n\u0131n kabul edilmesiyle hayata ge\u00e7ecek.\u00a0<!--more--><\/p>\n<p style=\"text-align: justify;\"><strong>KURULA AKP M\u00dcSTE\u015eARLARI KURULACAK<\/strong><\/p>\n<p style=\"text-align: justify;\">Parlamento b\u00fcnyesinde bile de\u011fil, Ba\u015fbakanl\u0131k M\u00fcste\u015far\u0131n\u0131n ba\u015fkanl\u0131\u011f\u0131nda kurulacak Devlet S\u0131rr\u0131 Kurulu\u2019nda sadece Adalet, Milli Savunma, \u0130\u00e7i\u015fleri ve D\u0131\u015fi\u015fleri bakanl\u0131klar\u0131 m\u00fcste\u015farlar\u0131 bulunacak. Kurulun sekretarya hizmetleri Ba\u015fbakanl\u0131k\u00e7a yerine getirilecek ve kurul, Ba\u015fbakanl\u0131k M\u00fcste\u015far\u0131n\u0131n daveti \u00fczerine toplanacak. \u00dcst\u00fcne \u00fcstl\u00fck Kurulun \u00e7al\u0131\u015fma esas ve usullerini belirlemek de yine kurulun kendisine b\u0131rak\u0131ld\u0131. Tasar\u0131da, devlet s\u0131rr\u0131n\u0131n, \u201cA\u00e7\u0131klanmas\u0131 veya \u00f6\u011frenilmesi, devletin d\u0131\u015f ili\u015fkilerine, milli savunmas\u0131na ve milli g\u00fcvenli\u011fine zarar verebilecek, anayasal d\u00fczeni ve d\u0131\u015f ili\u015fkilerinde tehlike yaratabilecek ve bu nedenlerle niteli\u011fi itibar\u0131yla gizli kalmas\u0131 gereken bilgi ve belgeler\u201d \u015feklinde ucu a\u00e7\u0131k ifadelerle tan\u0131mlanmas\u0131, kurula geni\u015f bir yetki alan\u0131 b\u0131rak\u0131yor.<\/p>\n<p style=\"text-align: justify;\"><strong>MAHKEMELER SIRLARA ULA\u015eAMAYACAK<\/strong><\/p>\n<p style=\"text-align: justify;\">Tabi devletin tuttu\u011fu bu \u2018s\u0131r\u2019lar\u0131n san\u0131k sandalyelerine de bir yans\u0131mas\u0131 olacak. Mahkemelerce talep edilen devlet s\u0131rr\u0131 niteli\u011fi ta\u015f\u0131yan bilgi ve belgeler, Kurulca gerek\u00e7esi belirtilmek suretiyle verilmeyebilecek. Ancak verilmeyen bilgi ve belgeler davada ilgili aleyhine sonu\u00e7 do\u011furmayacak. \u00d6rne\u011fin; Deniz Feneri davas\u0131nda baz\u0131 ba\u011flant\u0131lar \u2018devlet s\u0131rr\u0131\u2019 olarak g\u00f6r\u00fcl\u00fcrse, hem ara\u015ft\u0131r\u0131lamayacak, hem san\u0131klar\u0131n aleyhine bir durum olu\u015famayacak.<\/p>\n<p style=\"text-align: justify;\"><strong>\u2018HATALIYSAM ARA\u2019 D\u00dcZENLEMES\u0130<\/strong><\/p>\n<p style=\"text-align: justify;\">Kap\u0131da bekleyen tasar\u0131ya g\u00f6re; bilgi ve belgelere devlet s\u0131rr\u0131 niteli\u011fini verme yetkisine sahip olacak Devlet S\u0131rr\u0131 Kurulu\u2019nun karar ve i\u015fleyi\u015finden de pek sual olunamayacak. \u00c7\u00fcnk\u00fc; Kurulun bilgi ve belgelerin nitelenmesine ili\u015fkin kararlar\u0131na kar\u015f\u0131 a\u00e7\u0131lan davalarda nihai olarak g\u00f6r\u00fc\u015f bildirmek \u00fczere, Ba\u015fbakan\u2019\u0131n ba\u015fkanl\u0131\u011f\u0131nda; Adalet, Milli Savunma, \u0130\u00e7i\u015fleri ve D\u0131\u015fi\u015fleri bakanlar\u0131ndan olu\u015fan Devlet S\u0131rr\u0131 \u00dcst Kurulu kurulacak. Yani kurulu olu\u015fturan Bakanl\u0131klar, yine sadece onlar\u0131n olu\u015fturdu\u011fu ba\u015fka bir kurula \u015fikayet edilebilecek!<\/p>\n<p style=\"text-align: justify;\"><strong>ERDO\u011eAN\u2019A D\u0130REKT TEKL\u0130F HAKKI<\/strong><\/p>\n<p style=\"text-align: justify;\">Ba\u015fbakan, Genelkurmay Ba\u015fkan\u0131, bakanlar, Milli G\u00fcvenlik Kurulu kendi g\u00f6rev alanlar\u0131na ili\u015fkin bilgi ve belgelerin devlet s\u0131rr\u0131 olarak belirlenmesini Kurula do\u011frudan teklif edebilecek.<\/p>\n<p style=\"text-align: justify;\">Kurulun ula\u015famayaca\u011f\u0131 tek adres ise Cumhurba\u015fkan\u0131 \u00e7\u00fcnk\u00fc Cumhurba\u015fkanl\u0131\u011f\u0131na ait bilgi ve belgelerin niteli\u011fini Cumhurba\u015fkan\u0131 takdir edecek.<\/p>\n<p style=\"text-align: justify;\"><strong>M\u00dcJDE! BASIN HAKKI DA UNUTULMADI<\/strong><\/p>\n<p style=\"text-align: justify;\">Bu kanunda belirtilen koruma y\u00fck\u00fcml\u00fcl\u00fcklerine ayk\u0131r\u0131 hareket edenlerse, T\u00fcrk Ceza Kanununun 258. maddesi uyar\u0131nca cezaland\u0131r\u0131lacak. Belirtilen fiillerin devlet s\u0131rlar\u0131na kar\u015f\u0131; bas\u0131n, yay\u0131n veya internet yoluyla i\u015flenmesi halindeyse ceza daha da b\u00fcy\u00fcyecek. Fail hakk\u0131nda verilecek ceza yar\u0131 oran\u0131nda art\u0131r\u0131larak h\u00fckmolunacak.<\/p>\n<p style=\"text-align: justify;\"><strong>AKP tasar\u0131y\u0131 d\u00f6rt g\u00f6zle bekliyordu<\/strong><\/p>\n<p style=\"text-align: justify;\">&#8211; AKP Milletvekili ve TBMM Adalet Komisyonu Ba\u015fkan\u0131 Ahmet \u0130yimaya ise yak\u0131n zamanda yapt\u0131\u011f\u0131 bir a\u00e7\u0131klamada devlet s\u0131rr\u0131 kavram\u0131n\u0131 da i\u00e7eren kanun tasar\u0131n\u0131n, demokratikle\u015fme y\u00f6n\u00fcnde at\u0131lan ciddi bir ad\u0131m oldu\u011funu s\u00f6ylemi\u015fti. 12 Eyl\u00fcl darbesinin ard\u0131ndan Kenan Evren\u2019in avukatl\u0131\u011f\u0131n\u0131 yapt\u0131\u011f\u0131 ortaya \u00e7\u0131kan \u0130yimaya, tasar\u0131y\u0131 \u201cmevcut ihtiya\u00e7lara cevap verebilecek a\u011f\u0131rl\u0131kta\u201d diye nitelendirmi\u015fti.<\/p>\n<p style=\"text-align: justify;\">&#8211; TBMM Anayasa Komisyonu Ba\u015fkan\u0131 Burhan Kuzu da s\u00f6z konusu tasar\u0131y\u0131, \u201cBiraz ge\u00e7 kalm\u0131\u015f bir tasar\u0131\u201d olarak de\u011ferlendirmi\u015fti.<\/p>\n<p style=\"text-align: justify;\"><strong>Devletin s\u0131rlar tarihi olduk\u00e7a kabar\u0131k<\/strong><\/p>\n<p style=\"text-align: justify;\">Devlet s\u0131rlar\u0131ndan bahsetmi\u015fken, i\u015fte \u2018irili ufakl\u0131\u2019 birka\u00e7 devlet s\u0131rr\u0131:<\/p>\n<p style=\"text-align: justify;\">&#8211; Devlet s\u0131rlar\u0131n\u0131n koruyucu a\u011fabeyi Mehmet A\u011far, \u2018C\u00fcr\u00fcm i\u015flemek i\u00e7in silahl\u0131 te\u015fekk\u00fcl meydana getirmek\u2019, \u2018Abdullah \u00c7atl\u0131&#8217;n\u0131n gizlenmesine yard\u0131m etmek\u2019, \u201cYasalara ayk\u0131r\u0131 olarak Abdullah \u00c7atl\u0131 ve Ya\u015far \u00d6z&#8217;e silah ta\u015f\u0131ma izin belgesi vermek ve hususi damgal\u0131 (ye\u015fil) pasaport verilmesini sa\u011flamak\u201d su\u00e7lamalar\u0131yla ifade vermeye gitti\u011fi Devlet G\u00fcvenlik Mahkemesi ve TBMM Susurluk Kazas\u0131 Ara\u015ft\u0131rma Komisyonu\u2019nda, konunun devlet s\u0131rr\u0131 oldu\u011funu ve a\u00e7\u0131klama yapamayaca\u011f\u0131n\u0131 s\u00f6ylemi\u015fti.<\/p>\n<p style=\"text-align: justify;\">&#8211; D\u00f6nemin Ba\u015fbakanl\u0131k Tefti\u015f Kurulu Ba\u015fkan\u0131 Kutlu Sava\u015f taraf\u0131ndan 14 A\u011fustos 1997 y\u0131l\u0131nda haz\u0131rlanmas\u0131na ba\u015flanan \u00fcnl\u00fc \u201cSusurluk Raporu\u201dnun kamuoyuna a\u00e7\u0131klanan 124 sayfas\u0131nda yer alan 12 sayfa \u2018devlet s\u0131rr\u0131 oldu\u011fu gerek\u00e7esiyle a\u00e7\u0131klanmam\u0131\u015ft\u0131r\u2019 ifadeleriyle gizlenmi\u015fti. O 12 sayfalar\u0131n Ergenekon iddianamesinde yer almas\u0131yla, o d\u00f6nem \u00f6ld\u00fcr\u00fclen \u00d6zg\u00fcr G\u00fcndem gazetesi muhabirlerinin ve Musa Anter cinayetinin de devlet s\u0131rr\u0131 oldu\u011funu ortaya koymu\u015ftu.<\/p>\n<p style=\"text-align: justify;\">&#8211; CHP \u0130stanbul Milletvekili Mahmut Tanal, bir hukuk\u00e7u ve milletvekili olarak ABD B\u00fcy\u00fckel\u00e7isi Ricciardone ile imzalanan f\u00fcze kalkan\u0131 mutabakat\u0131n\u0131 g\u00f6rmek istemi\u015f ancak D\u0131\u015fi\u015fleri Bakanl\u0131\u011f\u0131\u2019ndan devlet s\u0131rr\u0131 oldu\u011fu gerek\u00e7esiyle reddedilmi\u015fti.<\/p>\n<p style=\"text-align: justify;\">&#8211; Bilgi Teknolojileri ve \u0130leti\u015fim kurumu, Trabzon barosunun bilgi edinme yasas\u0131ndan do\u011fan hakla Trabzon \u015fehrinde hangi evin \u00e7at\u0131s\u0131nda baz istasyonu bulundu\u011funa dair bilgi verilmesini istedi\u011fi ba\u015fvurusuna May\u0131s 2011\u2019de \u2018devlet s\u0131rr\u0131\u2019 yan\u0131t\u0131n\u0131 vermi\u015fti.<\/p>\n<p style=\"text-align: justify;\">&#8211; 2009\u2019da Milli Savunma Bakan\u0131 Vecdi G\u00f6n\u00fcl\u2019e son d\u00f6nemlerde k\u0131\u015flalarda artan er ve erba\u015f intiharlar\u0131na dikkat \u00e7ekerek, bunun nedenlerini, son 20 y\u0131lda intihar edenlerin say\u0131s\u0131n\u0131, do\u011fum yerlerini ve otopsi raporlar\u0131n\u0131 soran Milletvekili Ak\u0131n Birdal, Bakandan \u201cSoru \u00f6nergenize konu olan bilgiler \u2018Gizli\u2019 gizlilik derecesi ta\u015f\u0131maktad\u0131r\u201d yan\u0131t\u0131n\u0131 alm\u0131\u015ft\u0131.<\/p>\n<p style=\"text-align: justify;\"><span style=\"color: #993300;\"><strong>75<\/strong><\/span><\/p>\n<p style=\"text-align: justify;\">Kurulun devlet s\u0131rr\u0131 olarak belirledi\u011fi bir belgeyi a\u00e7\u0131klamayabilece\u011fi y\u0131l say\u0131s\u0131. Ayr\u0131ca Devlet s\u0131rr\u0131 niteli\u011fi s\u00fcreli veya s\u00fcresiz olarak verilebilecek.<\/p>\n<p style=\"text-align: justify;\"><a href=\"http:\/\/www.birgun.net\/actuels_index.php?news_code=1320399884&amp;year=2011&amp;month=11&amp;day=04\" target=\"_blank\">Kaynak : B\u0130RG\u00fcn<\/a><\/p>\n","protected":false},"excerpt":{"rendered":"<p style=\"text-align: center;\">\n<p style=\"text-align: justify;\">Susurluk, Musa Anter cinayeti gibi derin davalarda kar\u015f\u0131la\u015ft\u0131\u011f\u0131m\u0131z \u2018devlet s\u0131rr\u0131\u2019 art\u0131k AKP\u2019nin, hatta Ba\u015fbakan Erdo\u011fan\u2019\u0131n tekeline giriyor. Demokratik kitle \u00f6rg\u00fctlerinin y\u0131llard\u0131r kald\u0131r\u0131lmas\u0131n\u0131 istedi\u011fi \u2018\u00e7ok gizli\u2019 ve \u2018devlet s\u0131rr\u0131\u2019 ifadelerinin kapsama alan\u0131, her f\u0131rsatta \u015feffafl\u0131k ilkesini a\u011fz\u0131ndan d\u00fc\u015f\u00fcrmeyen AKP taraf\u0131ndan geni\u015fletiliyor. Bilgi edinme hakk\u0131 ve herkesin yasalar \u00f6n\u00fcnde e\u015fit olmas\u0131 ilkesine <\/p>\n","protected":false},"author":1,"featured_media":0,"comment_status":"open","ping_status":"open","sticky":false,"template":"","format":"standard","meta":{"footnotes":""},"categories":[105],"tags":[],"class_list":["post-41963","post","type-post","status-publish","format-standard","hentry","category-gundem","odd"],"_links":{"self":[{"href":"http:\/\/www.korhanyilmaz.com\/index.php?rest_route=\/wp\/v2\/posts\/41963","targetHints":{"allow":["GET"]}}],"collection":[{"href":"http:\/\/www.korhanyilmaz.com\/index.php?rest_route=\/wp\/v2\/posts"}],"about":[{"href":"http:\/\/www.korhanyilmaz.com\/index.php?rest_route=\/wp\/v2\/types\/post"}],"author":[{"embeddable":true,"href":"http:\/\/www.korhanyilmaz.com\/index.php?rest_route=\/wp\/v2\/users\/1"}],"replies":[{"embeddable":true,"href":"http:\/\/www.korhanyilmaz.com\/index.php?rest_route=%2Fwp%2Fv2%2Fcomments&post=41963"}],"version-history":[{"count":0,"href":"http:\/\/www.korhanyilmaz.com\/index.php?rest_route=\/wp\/v2\/posts\/41963\/revisions"}],"wp:attachment":[{"href":"http:\/\/www.korhanyilmaz.com\/index.php?rest_route=%2Fwp%2Fv2%2Fmedia&parent=41963"}],"wp:term":[{"taxonomy":"category","embeddable":true,"href":"http:\/\/www.korhanyilmaz.com\/index.php?rest_route=%2Fwp%2Fv2%2Fcategories&post=41963"},{"taxonomy":"post_tag","embeddable":true,"href":"http:\/\/www.korhanyilmaz.com\/index.php?rest_route=%2Fwp%2Fv2%2Ftags&post=41963"}],"curies":[{"name":"wp","href":"https:\/\/api.w.org\/{rel}","templated":true}]}}