{"id":41951,"date":"2011-11-04T14:03:54","date_gmt":"2011-11-04T12:03:54","guid":{"rendered":"http:\/\/www.korhanyilmaz.com\/?p=41951"},"modified":"2011-11-04T19:25:02","modified_gmt":"2011-11-04T17:25:02","slug":"kck-operasyonlari-gulen-cemaatinin-ve-akpnin-tasfiye-projesi","status":"publish","type":"post","link":"http:\/\/www.korhanyilmaz.com\/?p=41951","title":{"rendered":"&#8216;KCK operasyonlar\u0131 G\u00fclen cemaatinin ve AKP&#8217;nin tasfiye projesi&#8217;"},"content":{"rendered":"<p style=\"text-align: center;\"><a href=\"http:\/\/www.korhanyilmaz.com\/wp-content\/uploads\/2011\/11\/3094.jpg\"  class=\"lightview\"><img loading=\"lazy\" decoding=\"async\" class=\"aligncenter  wp-image-41952\" src=\"http:\/\/www.korhanyilmaz.com\/wp-content\/uploads\/2011\/11\/3094.jpg\" alt=\"\" width=\"420\" height=\"210\" \/><\/a><\/p>\n<p style=\"text-align: justify;\">Murat Karay\u0131lan, KCK\u2019nin bir \u00f6rg\u00fct de\u011fil, bir sistem oldu\u011funu belirterek, tutuklananlar\u0131n hi\u00e7birinin de KCK\u2019li olmad\u0131\u011f\u0131n\u0131 s\u00f6yledi. \u00d6zel yetkili savc\u0131lar\u0131n cemaat adamlar\u0131 oldu\u011funu kaydeden Karay\u0131lan, \u201cVarsa bu insanlar\u0131n KCK\u2019ye \u00fcye olduklar\u0131na dair belge, g\u00f6stersinler\u201d dedi.<!--more--><\/p>\n<p style=\"text-align: justify;\">Karay\u0131lan, KCK operasyonlar\u0131n\u0131n G\u00fclen cemaati ve AKP\u2019den baz\u0131 \u00e7evrelerin haz\u0131rlad\u0131\u011f\u0131 bir projenin temelinde K\u00fcrt ba\u011f\u0131ms\u0131z siyasetini \u00e7\u00f6kertmeye d\u00f6n\u00fck ortaya konulmu\u015f bir konsept oldu\u011funu iddia etti.<\/p>\n<p style=\"text-align: justify;\">Murat Karay\u0131lan, y\u00fcr\u00fct\u00fclen KCK operasyonlar\u0131na ve tutuklamalar\u0131na ili\u015fkin olarak F\u0131rat Haber Ajans\u0131\u2019na konu\u015ftu.<\/p>\n<p style=\"text-align: justify;\"><strong>&#8216;KCK bir \u00f6rg\u00fct de\u011fil, bir tasar\u0131md\u0131r, sistemdir&#8217;\u00a0<\/strong><\/p>\n<p style=\"text-align: justify;\">Karay\u0131lan, KCK diye bir \u015fey olmad\u0131\u011f\u0131n\u0131 vurgulayarak BDP Siyaset Akademisi&#8217;nin KCK ile organ\u0131 olarak savunulmas\u0131n\u0131n sa\u00e7mal\u0131k oldu\u011funu s\u00f6yledi. Karay\u0131lan, \u201cKCK, K\u00fcrt demokratik toplum modeli olarak tart\u0131\u015fmaya sunulmu\u015f, \u00e7er\u00e7evesi \u00e7izilmi\u015f bir sistemdir. Ama buna dayanarak b\u00fct\u00fcn K\u00fcrt siyaset\u00e7ilerini hedefleme durumu vard\u0131r. Yani K\u00fcrt kimli\u011fine kar\u015f\u0131 duyarl\u0131, \u00f6rg\u00fctl\u00fc, teslim olmayan, onurlu duru\u015fa sahip olan b\u00fct\u00fcn K\u00fcrt siyaset\u00e7ilerini bu gerek\u00e7eyle tutuklay\u0131p i\u00e7eri att\u0131lar. \u0130nsanlar\u0131n kendi aralar\u0131ndaki diyaloglar\u0131n\u0131, kendi sistemi i\u00e7erisinde kurmu\u015f olduklar\u0131 akademilerini hepsini su\u00e7 saymakta, KCK organ\u0131 olarak g\u00f6stermektedir&#8221; dedi.<\/p>\n<p style=\"text-align: justify;\"><strong>&#8216;Ersanl\u0131 ve Zarakolu dahil tutuklananlar KCK&#8217;li de\u011fil&#8217;\u00a0<\/strong><\/p>\n<p style=\"text-align: justify;\">&#8220;T\u00fcrk bas\u0131n\u0131, &#8216;KCK\u2019nin ba\u015f\u0131nda Murat Karay\u0131lan var, o zaman ter\u00f6r \u00f6rg\u00fct\u00fcd\u00fcr&#8217; demektedir. Her \u015feyden \u00f6nce \u015funu s\u00f6yleyeyim: Tamam. Ben KCK Y\u00fcr\u00fctme Konseyi Ba\u015fkan\u0131y\u0131m&#8221; diyen Karay\u0131lan, g\u00f6zalt\u0131na al\u0131nana ve tutuklananlar\u0131n KCK \u00fcyesi olmad\u0131klar\u0131n\u0131 s\u00f6yledi. Karay\u0131lan, &#8220;Peki, siz benim bu tutuklanan ki\u015filerle herhangi bir ili\u015fkime ili\u015fkin bir belge g\u00f6sterebilir misiniz? Onlarla herhangi bir telefon irtibat\u0131m kay\u0131tlar\u0131n\u0131zda var m\u0131? Herhangi bir internet yaz\u0131\u015fmas\u0131 kay\u0131tlar\u0131n\u0131zda var m\u0131? Herhangi bir \u00fcyelik listesini ele ge\u00e7irdiniz mi? Nereden \u00e7\u0131kard\u0131n\u0131z ki bu insanlar\u0131n hepsi \u00fcyeymi\u015f? Bir kere KCK bir \u00f6rg\u00fct de\u011fil ki, birileri \u00fcye olsun. Sistemini in\u015fa ederse vatanda\u015f olabilirler. En son \u0130stanbul tutuklamalar\u0131nda benimle direk ili\u015fkide olan ki\u015filerin de tutuklular\u0131n i\u00e7inde bulundu\u011funu, yine talimat\u0131n\u0131 direk Kandil\u2019den ald\u0131\u011f\u0131 y\u00f6n\u00fcndeki \u015feyler bas\u0131na yans\u0131d\u0131. Bunlar\u0131n hi\u00e7birisi asla do\u011fru de\u011fildir, kurgudan ibaret \u015feylerdir. Varsa bu insanlar\u0131n KCK\u2019ye \u00fcye olduklar\u0131na dair belge, g\u00f6stersinler. Ama g\u00f6steremezler. Niye? \u00c7\u00fcnk\u00fc ben biliyorum ki bu bir senaryodur, b\u00f6yle bir \u015fey yoktur&#8221; dedi.<\/p>\n<p style=\"text-align: justify;\">Karay\u0131lan &#8220;&#8216;KCK \u00fcyeli\u011fi&#8217; diye bir format yoktur. B\u00f6yle bir \u015fey yoktur&#8221; diyerek, &#8220;B\u00fc\u015fra Ersanl\u0131 ve Rag\u0131p Zarakolu bir KCK\u2019li de\u011filse ayn\u0131 \u015fekilde di\u011fer b\u00fct\u00fcn KCK davas\u0131 ad\u0131 alt\u0131nda tutuklananlar\u0131n hi\u00e7birisi de KCK \u00fcyesi de\u011fildirler. Yani bu K\u00fcrt halk\u0131na ve siyasetine kar\u015f\u0131 yap\u0131lan bir zul\u00fcm, bir haks\u0131zl\u0131k ve a\u011f\u0131r bir soyk\u0131r\u0131m y\u00f6nelimidir. Ge\u00e7mi\u015fte s\u0131k\u0131y\u00f6netimler ve askeri darbeler ya\u015fand\u0131 fakat bu kadar K\u00fcrt siyaset\u00e7isi hedeflenmedi. Toplum i\u00e7inde tan\u0131nm\u0131\u015f, bilinen K\u00fcrt insanlar\u0131 bu kadar hedeflenmedi; silahl\u0131 \u00f6rg\u00fct, illegal \u00f6rg\u00fct hedeflendi. \u015eimdi hi\u00e7bir bi\u00e7imde silahl\u0131 bir faaliyeti bulunmayan ve hi\u00e7bir bi\u00e7imde illegal bir \u00e7al\u0131\u015fmas\u0131 olmayan, tamamen yasal bir \u00e7er\u00e7evede K\u00fcrt kimli\u011fi ve demokratik siyaseti y\u00fcr\u00fcten insanlar hedeflenmekte ve zindana at\u0131lmaktad\u0131r&#8221; dedi.<\/p>\n<p style=\"text-align: justify;\"><strong>G\u00fclen cemaati ve AKP projesi\u00a0<\/strong><\/p>\n<p style=\"text-align: justify;\">Karay\u0131lan, KCK operasyonlar\u0131n\u0131n G\u00fclen cemaati ve AKP&#8217;den baz\u0131 \u00e7evrelerin haz\u0131rlad\u0131\u011f\u0131 K\u00fcrt ba\u011f\u0131ms\u0131z siyasetini \u00e7\u00f6kertmeye y\u00f6nelik bir proje oldu\u011funu savundu. G\u00fclen cemaatinin ve AKP&#8217;nin, K\u00fcrt siyasetini tasfiye etmeye \u00e7al\u0131\u015ft\u0131\u011f\u0131n\u0131 s\u00f6yleyen Karay\u0131lan, &#8220;gerillay\u0131 da marjinalle\u015ftirme, toplumla ili\u015fkisini s\u0131n\u0131rlamay\u0131 hesaplayan bir konsepttir bu. Bu temelde uydurulmu\u015f bir \u015feydir. Bu, K\u00fcrt demokratik bilincine-toplumuna y\u00f6nelik bir sald\u0131r\u0131d\u0131r. \u00c7\u00fcnk\u00fc \u00f6zg\u00fcr K\u00fcrd\u00fc de\u011fil, esir al\u0131nm\u0131\u015f, teslim olmu\u015f K\u00fcrd\u00fc istiyor; bunu hedefliyorlar. Bunun i\u00e7in demokratik K\u00fcrt siyasetine kar\u015f\u0131 bir sald\u0131r\u0131d\u0131r, teslim almaya ve s\u00f6m\u00fcrgeci ama\u00e7lar\u0131n\u0131 ger\u00e7ekle\u015ftirmeye d\u00f6n\u00fck bir y\u00f6nelimdir, a\u00e7\u0131k\u00e7a bir siyasal soyk\u0131r\u0131md\u0131r, K\u00fcrtleri siyasetten uzakla\u015ft\u0131rma, K\u00fcrt siyasetini yok etme hareketidir. Bunun d\u0131\u015f\u0131nda bir \u015fey de\u011fildir&#8221; dedi.<\/p>\n<p style=\"text-align: justify;\"><strong>&#8216;\u00d6zel yetkili savc\u0131lar cemaatin adamlar\u0131&#8217;\u00a0<\/strong><\/p>\n<p style=\"text-align: justify;\">\u00d6zel yetkili savc\u0131lar\u0131n G\u00fclen cemaatinin adamlar\u0131 oldu\u011funu iddia eden Karay\u0131lan, &#8220;E\u011fer bir \u00fclkede \u201csiyaset akademisi\u201d a\u00e7ma hakk\u0131 varsa, partiler akademiler a\u00e7ar, orada istedi\u011fi dersi g\u00f6r\u00fcr. Orada ders kapsam\u0131nda tart\u0131\u015fmak su\u00e7 olabilir mi? D\u00fcnyan\u0131n hi\u00e7bir yerinde b\u00f6yle bir su\u00e7 var m\u0131? Neymi\u015f, &#8216;akademide \u015fu \u015fu konular tart\u0131\u015f\u0131l\u0131yormu\u015f, bu su\u00e7tur.&#8217; T\u00fcm kat\u0131lanlar\u0131 ve ders verenleri tutukluyorlar. Bu su\u00e7 mudur? A\u00e7\u0131k\u00e7a tamamen siyasal ama\u00e7l\u0131, hukuk d\u0131\u015f\u0131 olarak ger\u00e7ekle\u015ftirilen, K\u00fcrt toplumuna ve onun demokratik dostlar\u0131na d\u00f6n\u00fck bir y\u00f6nelimdir&#8221; dedi.<\/p>\n<p style=\"text-align: justify;\"><strong>&#8216;Art\u0131k K\u00fcrt dostlar\u0131 da hedefte&#8217;\u00a0<\/strong><\/p>\n<p style=\"text-align: justify;\">KCK operasyonlar\u0131nda Prof. Dr. B\u00fc\u015fra Ersanl\u0131 ve yay\u0131nc\u0131 Rag\u0131p Zarakolu&#8217;nun tutuklanmas\u0131na tepki g\u00f6steren Karay\u0131lan, &#8220;bu konseptin art\u0131k farkl\u0131 bir mecraya gelmi\u015f oldu\u011funu g\u00f6stermektedir. Art\u0131k sadece K\u00fcrt siyasetini hedeflemek de\u011fil, ayn\u0131 zamanda K\u00fcrt halk\u0131n\u0131n dostlar\u0131n\u0131 da hedefleyen bir kapsama ula\u015fm\u0131\u015ft\u0131r. Yani bu \u015fahsiyetler mazlum K\u00fcrt halk\u0131n\u0131n yan\u0131nda yer alarak-davas\u0131n\u0131 destekleyerek onurlu duru\u015fu sergileyen \u015fahsiyetlerdir. Onlar\u0131n da ayn\u0131 kapsam i\u00e7erisinde hedeflenmesi ve ilgin\u00e7 bir bi\u00e7imde KCK \u00fcyesi say\u0131lmas\u0131 asl\u0131nda deh\u015fetin d\u00fczeyini g\u00f6stermektedir&#8221; dedi.<\/p>\n<p style=\"text-align: justify;\"><strong>AKP blok vekillerinin Meclis&#8217;e d\u00f6nmesini istemiyordu\u00a0<\/strong><\/p>\n<p style=\"text-align: justify;\">&#8220;Asl\u0131nda AKP h\u00fck\u00fcmeti K\u00fcrt siyasetini t\u00fcmden silmek i\u00e7in parlamenterlerin meclise gelmesini istemiyordu. Bunun i\u00e7in tuzak kurulmu\u015ftu&#8221; diyen Karay\u0131lan, &#8220;E\u011fer parlamenterler meclise gelmeyip 5 hafta devams\u0131zl\u0131k yapsalard\u0131, hepsinin vekilliklerini d\u00fc\u015f\u00fcreceklerdi. Ancak parlamento grubunun meclise d\u00f6nme karar\u0131 AKP\u2019nin bu plan\u0131n\u0131 bo\u015fa \u00e7\u0131karm\u0131\u015ft\u0131r&#8221; dedi.<\/p>\n<p style=\"text-align: justify;\">Karay\u0131lan, \u0130mral\u0131&#8217;da tutuklu bulunan Abdullah \u00d6calan&#8217;a &#8220;BDP milletvekillerinin Meclis&#8217;e d\u00f6nece\u011fini bildiren&#8221; bir telgraf\u0131n, BDP&#8217;nin yemin ettikten sonra iletildi\u011fini s\u00f6yledi. Karay\u0131lan, &#8220;AKP h\u00fck\u00fcmeti asl\u0131nda parlamenterlerin d\u00f6nmesini istemiyordu, onun i\u00e7in parlamentoya d\u00f6n\u00fclmesine ili\u015fkin olumlu g\u00f6r\u00fc\u015f yans\u0131tan telgraf\u0131 bekleterek farkl\u0131 karar\u0131n \u00e7\u0131kmas\u0131n\u0131 istedi&#8221; dedi.<\/p>\n<p style=\"text-align: justify;\"><strong>&#8216;T\u00fcrkiye&#8217;nin vicdan\u0131 sessiz kalmamal\u0131&#8217;\u00a0<\/strong><\/p>\n<p style=\"text-align: justify;\">Murat Karay\u0131lan, yapt\u0131\u011f\u0131 a\u00e7\u0131klamada KCK tutuklamalar\u0131na kar\u015f\u0131 t\u00fcm ayd\u0131n, sanat\u00e7\u0131 ve siyasilerin sessiz kalmamas\u0131 gerekti\u011fini belirterek \u015f\u00f6yle konu\u015ftu:<\/p>\n<p style=\"text-align: justify;\">&#8220;Say\u0131n Ersanl\u0131 ile Zarakolu\u2019nun yakalanmas\u0131 asl\u0131nda K\u00fcrt halk\u0131n\u0131n hakl\u0131 davas\u0131n\u0131 destekleyen bir\u00e7ok kesime mesaj mahiyetini de ta\u015f\u0131maktad\u0131r. Ancak burada \u00f6nemli olan bu fa\u015fizan uygulamaya kar\u015f\u0131 onlar\u0131n hedefledi\u011fi gibi \u00fcrkmek-geri \u00e7ekilmek de\u011fil de buna kar\u015f\u0131 ses \u00e7\u0131karmakt\u0131r; buna kar\u015f\u0131 durabilmek, demokratik iradeye sahip \u00e7\u0131kmakt\u0131r. T\u00fcrkiye\u2019nin ger\u00e7ek bir demokratik \u00fclke haline gelmesi de ancak b\u00f6yle m\u00fcmk\u00fcn olacakt\u0131r. T\u00fcrkiye\u2019nin gelece\u011fi, bu fa\u015fizan uygulamalara kar\u015f\u0131 durmaktan ge\u00e7mektedir. Bunun i\u00e7in T\u00fcrkiye\u2019deki t\u00fcm ayd\u0131nlar\u0131n, sanat\u00e7\u0131lar\u0131n ve demokratik siyaset\u00e7ilerin buna kar\u015f\u0131 sessiz kalmamas\u0131 gerekmektedir. \u0130lk kez daha geni\u015f bir \u00e7er\u00e7evede kar\u015f\u0131 \u00e7\u0131k\u0131\u015flar olmu\u015ftur ama bilelim ki bu yeterli de\u011fildir. Bu kadar haks\u0131zl\u0131\u011fa kar\u015f\u0131 d\u00fcped\u00fcz ger\u00e7ekle\u015fen sald\u0131r\u0131lara kar\u015f\u0131 T\u00fcrkiye\u2019nin vicdan\u0131 sessiz kalmamal\u0131, T\u00fcrkiye demokratik vicdan\u0131 mutlaka kar\u015f\u0131 \u00e7\u0131kmal\u0131 ve bu y\u00f6nelimlere, bu b\u00fcy\u00fck zulme dur diyebilmelidir.<\/p>\n<p style=\"text-align: justify;\">AKP h\u00fck\u00fcmetinin bu tutumu ayn\u0131 zamanda daha \u00f6nce dillendirdi\u011fi \u201cDemokratik A\u00e7\u0131l\u0131m\u201d\u0131n ne anlama geldi\u011fini ortaya koyarken, olas\u0131 t\u00fcm demokratik \u00e7\u00f6z\u00fcm ihtimallerini de yerle bir etmektedir. Bilindi\u011fi gibi, K\u00fcrt sorunu \u00f6z\u00fc itibar\u0131yla bir anayasal sorundur ama AKP h\u00fck\u00fcmeti bu y\u00f6nelimleriyle anayasal \u00e7\u00f6z\u00fcm olanaklar\u0131n\u0131 da ortadan kald\u0131rmaya yol a\u00e7makta veya bilin\u00e7li hedeflemektedir. \u00c7\u00fcnk\u00fc kilitlendi\u011fi tek hedef, K\u00fcrt \u00f6zg\u00fcrl\u00fck dinamiklerini ve siyasetini t\u00fcm\u00fcyle tasfiye etmektir. Bu K\u00fcrt halk\u0131na yap\u0131lm\u0131\u015f ve yap\u0131labilecek en b\u00fcy\u00fck d\u00fc\u015fmanl\u0131kt\u0131r.<\/p>\n<p style=\"text-align: justify;\">K\u00fcrt halk\u0131 da buna kar\u015f\u0131 kendini savunma ve direni\u015fi geli\u015ftirme durumunda olacakt\u0131r. K\u00fcrt halk\u0131 \u00e7aresiz de\u011fildir. Ulusal var olma ve onur direni\u015fini sonu\u00e7 al\u0131c\u0131 bir bi\u00e7imde geli\u015ftirecek ve kendi \u00f6zg\u00fcc\u00fcyle \u00f6zg\u00fcrl\u00fc\u011f\u00fcn\u00fc elde etme m\u00fccadelesini y\u00fckseltecektir. Bu m\u00fccadelesini ba\u015far\u0131ya ta\u015f\u0131man\u0131n i\u00e7 ve d\u0131\u015f ko\u015fullar\u0131 \u015fimdi her zamankinden daha fazla bulunmaktad\u0131r. Bu konuda sergilenecek kararl\u0131l\u0131k \u00f6zg\u00fcrl\u00fck\u00e7\u00fc demokratik tutum ve m\u00fccadele, sonucu tayin edecektir.&#8221;<\/p>\n<p style=\"text-align: justify;\"><a href=\"http:\/\/haber.gazetevatan.com\/kck-operasyonlari-gulen-cemaatinin-ve-akpnin-tasfiye-projesi\/409052\/1\/Gundem\" target=\"_blank\">Kaynak : Vatan Gazetesi<\/a><\/p>\n","protected":false},"excerpt":{"rendered":"<p style=\"text-align: center;\">\n<p style=\"text-align: justify;\">Murat Karay\u0131lan, KCK\u2019nin bir \u00f6rg\u00fct de\u011fil, bir sistem oldu\u011funu belirterek, tutuklananlar\u0131n hi\u00e7birinin de KCK\u2019li olmad\u0131\u011f\u0131n\u0131 s\u00f6yledi. \u00d6zel yetkili savc\u0131lar\u0131n cemaat adamlar\u0131 oldu\u011funu kaydeden Karay\u0131lan, \u201cVarsa bu insanlar\u0131n KCK\u2019ye \u00fcye olduklar\u0131na dair belge, g\u00f6stersinler\u201d dedi.<\/p>\n","protected":false},"author":1,"featured_media":0,"comment_status":"open","ping_status":"open","sticky":false,"template":"","format":"standard","meta":{"footnotes":""},"categories":[105],"tags":[],"class_list":["post-41951","post","type-post","status-publish","format-standard","hentry","category-gundem","odd"],"_links":{"self":[{"href":"http:\/\/www.korhanyilmaz.com\/index.php?rest_route=\/wp\/v2\/posts\/41951","targetHints":{"allow":["GET"]}}],"collection":[{"href":"http:\/\/www.korhanyilmaz.com\/index.php?rest_route=\/wp\/v2\/posts"}],"about":[{"href":"http:\/\/www.korhanyilmaz.com\/index.php?rest_route=\/wp\/v2\/types\/post"}],"author":[{"embeddable":true,"href":"http:\/\/www.korhanyilmaz.com\/index.php?rest_route=\/wp\/v2\/users\/1"}],"replies":[{"embeddable":true,"href":"http:\/\/www.korhanyilmaz.com\/index.php?rest_route=%2Fwp%2Fv2%2Fcomments&post=41951"}],"version-history":[{"count":0,"href":"http:\/\/www.korhanyilmaz.com\/index.php?rest_route=\/wp\/v2\/posts\/41951\/revisions"}],"wp:attachment":[{"href":"http:\/\/www.korhanyilmaz.com\/index.php?rest_route=%2Fwp%2Fv2%2Fmedia&parent=41951"}],"wp:term":[{"taxonomy":"category","embeddable":true,"href":"http:\/\/www.korhanyilmaz.com\/index.php?rest_route=%2Fwp%2Fv2%2Fcategories&post=41951"},{"taxonomy":"post_tag","embeddable":true,"href":"http:\/\/www.korhanyilmaz.com\/index.php?rest_route=%2Fwp%2Fv2%2Ftags&post=41951"}],"curies":[{"name":"wp","href":"https:\/\/api.w.org\/{rel}","templated":true}]}}