{"id":41947,"date":"2011-11-04T17:19:47","date_gmt":"2011-11-04T15:19:47","guid":{"rendered":"http:\/\/www.korhanyilmaz.com\/?p=41947"},"modified":"2011-11-04T19:19:08","modified_gmt":"2011-11-04T17:19:08","slug":"barzani-uzerime-duseni-yaparim","status":"publish","type":"post","link":"http:\/\/www.korhanyilmaz.com\/?p=41947","title":{"rendered":"Barzani: \u00dczerime d\u00fc\u015feni yapar\u0131m"},"content":{"rendered":"<p style=\"text-align: center;\"><a href=\"http:\/\/www.korhanyilmaz.com\/wp-content\/uploads\/2011\/11\/3093.jpg\"  class=\"lightview\"><img loading=\"lazy\" decoding=\"async\" class=\"aligncenter  wp-image-41948\" src=\"http:\/\/www.korhanyilmaz.com\/wp-content\/uploads\/2011\/11\/3093.jpg\" alt=\"\" width=\"384\" height=\"221\" \/><\/a><\/p>\n<p style=\"text-align: justify;\">B\u00f6lgesel K\u00fcrt Y\u00f6netimi Ba\u015fkan\u0131 Barzani, BDP\u2019lilerle yapt\u0131\u011f\u0131 g\u00f6r\u00fc\u015fmede \u2018Karde\u015f kan\u0131n\u0131n daha fazla akmamas\u0131 i\u00e7in \u00fczerime d\u00fc\u015feni yapar\u0131m\u2019 dedi.<\/p>\n<p style=\"text-align: justify;\">\u0130STANBUL &#8211; Ba\u015fbakan Erdo\u011fan&#8217;\u0131n daveti \u00fczerine iki g\u00fcnl\u00fck resmi ziyaret i\u00e7in T\u00fcrkiye&#8217;ye gelen Kuzey Irak B\u00f6lgesel K\u00fcrt Y\u00f6netimi Ba\u015fkan\u0131 Mesut Barzani, BDP ve DTK e\u015f genel ba\u015fkanlar\u0131 ile bir araya geldi.\u00a0<!--more--><\/p>\n<p style=\"text-align: justify;\">\u0130stanbul \u00c7\u0131ra\u011fan Otel&#8217;de saat 09.00&#8217;da yap\u0131lan ve yakla\u015f\u0131k bir bu\u00e7uk saat s\u00fcren g\u00f6r\u00fc\u015fmeye BDP E\u015f Genel Ba\u015fkanlar\u0131 Selahattin Demirta\u015f ve G\u00fcltan K\u0131\u015fanak ile DTK E\u015f Ba\u015fkanlar\u0131 Ahmet T\u00fcrk ve Aysel Tu\u011fluk kat\u0131ld\u0131.<\/p>\n<p style=\"text-align: justify;\">Bas\u0131na kapal\u0131 yap\u0131lan g\u00f6r\u00fc\u015fmelerde siyasal geli\u015fmeler ve b\u00f6lgesel sorunlar ele al\u0131nd\u0131.<\/p>\n<p style=\"text-align: justify;\">BDP ve DTK heyetlerinin K\u00fcrt sorunun bar\u0131\u015f\u00e7\u0131l y\u00f6ntemlerle \u00e7\u00f6z\u00fcm\u00fc i\u00e7in Barzani&#8217;nin \u00e7aba g\u00f6stermesini istedi\u011fi, Barzani&#8217;nin ise BDP ve DTK heyetine, &#8220;Bar\u0131\u015f aray\u0131\u015f\u0131 i\u00e7in, \u00e7at\u0131\u015fmalar\u0131n b\u00fcy\u00fcmemesi i\u00e7in T\u00fcrkiye&#8217;deyim. Bu \u00e7abalar\u0131m yo\u011funla\u015farak s\u00fcrecek. \u00c7\u00f6z\u00fcm yolunun diyalog ve bar\u0131\u015f\u00e7\u0131l y\u00f6ntemlerden ge\u00e7ti\u011fine inan\u0131yorum&#8221; mesaj\u0131n\u0131 verdi\u011fi ifade edildi.<\/p>\n<p style=\"text-align: justify;\"><a href=\"http:\/\/www.ntvmsnbc.com\/id\/25295003\" target=\"_blank\">Kaynak : NTVMSNBC<\/a><\/p>\n","protected":false},"excerpt":{"rendered":"<p style=\"text-align: center;\">\n<p style=\"text-align: justify;\">B\u00f6lgesel K\u00fcrt Y\u00f6netimi Ba\u015fkan\u0131 Barzani, BDP\u2019lilerle yapt\u0131\u011f\u0131 g\u00f6r\u00fc\u015fmede \u2018Karde\u015f kan\u0131n\u0131n daha fazla akmamas\u0131 i\u00e7in \u00fczerime d\u00fc\u015feni yapar\u0131m\u2019 dedi.<\/p>\n<p style=\"text-align: justify;\">\u0130STANBUL &#8211; Ba\u015fbakan Erdo\u011fan&#8217;\u0131n daveti \u00fczerine iki g\u00fcnl\u00fck resmi ziyaret i\u00e7in T\u00fcrkiye&#8217;ye gelen Kuzey Irak B\u00f6lgesel K\u00fcrt Y\u00f6netimi Ba\u015fkan\u0131 Mesut Barzani, BDP ve DTK e\u015f genel ba\u015fkanlar\u0131 ile bir araya <\/p>\n","protected":false},"author":1,"featured_media":0,"comment_status":"open","ping_status":"open","sticky":false,"template":"","format":"standard","meta":{"footnotes":""},"categories":[105],"tags":[],"class_list":["post-41947","post","type-post","status-publish","format-standard","hentry","category-gundem","odd"],"_links":{"self":[{"href":"http:\/\/www.korhanyilmaz.com\/index.php?rest_route=\/wp\/v2\/posts\/41947","targetHints":{"allow":["GET"]}}],"collection":[{"href":"http:\/\/www.korhanyilmaz.com\/index.php?rest_route=\/wp\/v2\/posts"}],"about":[{"href":"http:\/\/www.korhanyilmaz.com\/index.php?rest_route=\/wp\/v2\/types\/post"}],"author":[{"embeddable":true,"href":"http:\/\/www.korhanyilmaz.com\/index.php?rest_route=\/wp\/v2\/users\/1"}],"replies":[{"embeddable":true,"href":"http:\/\/www.korhanyilmaz.com\/index.php?rest_route=%2Fwp%2Fv2%2Fcomments&post=41947"}],"version-history":[{"count":0,"href":"http:\/\/www.korhanyilmaz.com\/index.php?rest_route=\/wp\/v2\/posts\/41947\/revisions"}],"wp:attachment":[{"href":"http:\/\/www.korhanyilmaz.com\/index.php?rest_route=%2Fwp%2Fv2%2Fmedia&parent=41947"}],"wp:term":[{"taxonomy":"category","embeddable":true,"href":"http:\/\/www.korhanyilmaz.com\/index.php?rest_route=%2Fwp%2Fv2%2Fcategories&post=41947"},{"taxonomy":"post_tag","embeddable":true,"href":"http:\/\/www.korhanyilmaz.com\/index.php?rest_route=%2Fwp%2Fv2%2Ftags&post=41947"}],"curies":[{"name":"wp","href":"https:\/\/api.w.org\/{rel}","templated":true}]}}